{"id":106861,"date":"2025-10-11T21:39:12","date_gmt":"2025-10-11T21:39:12","guid":{"rendered":"https:\/\/www.europesays.com\/pt\/106861\/"},"modified":"2025-10-11T21:39:12","modified_gmt":"2025-10-11T21:39:12","slug":"depois-de-38-anos-ainda-e-impossivel-mudar-de-canal-quando-este-filme-de-acao-esta-passando-na-tv-noticias-de-cinema","status":"publish","type":"post","link":"https:\/\/www.europesays.com\/pt\/106861\/","title":{"rendered":"Depois de 38 anos, ainda \u00e9 imposs\u00edvel mudar de canal quando este filme de a\u00e7\u00e3o est\u00e1 passando na TV &#8211; Not\u00edcias de cinema"},"content":{"rendered":"<p>Um cl\u00e1ssico de a\u00e7\u00e3o e com\u00e9dia dos anos 80.<\/p>\n<p class=\"bo-p\">O policial <b>Roger Murtaugh <\/b>(<a href=\"https:\/\/www.adorocinema.com\/personalidades\/personalidade-5481\/\" class=\"bo-link\" rel=\"nofollow noopener\" target=\"_blank\">Danny Glover<\/a>) acaba de <a href=\"https:\/\/www.adorocinema.com\/noticias\/filmes\/noticia-1000158609\/\" class=\"bo-link\" rel=\"nofollow noopener\" target=\"_blank\">completar 50 anos<\/a>. \u00c9 casado, pai de tr\u00eas filhos e secretamente espera se aposentar em paz. <b>Martin Riggs<\/b> (<a href=\"https:\/\/www.adorocinema.com\/personalidades\/personalidade-2098\/\" class=\"bo-link\" rel=\"nofollow noopener\" target=\"_blank\">Mel Gibson<\/a>), ao contr\u00e1rio, \u00e9 um aventureiro. Tendo perdido o gosto pela vida (mas n\u00e3o pela adrenalina) ap\u00f3s um tr\u00e1gico acidente, ele n\u00e3o hesita em se jogar em qualquer situa\u00e7\u00e3o que possa representar o menor perigo, independentemente do que seu parceiro pense.<\/p>\n<p>O nascimento de uma dupla lend\u00e1ria<\/p>\n<p class=\"bo-p\">Estamos apenas no come\u00e7o de <a href=\"https:\/\/www.adorocinema.com\/filmes\/filme-2626\/\" class=\"bo-link\" rel=\"nofollow noopener\" target=\"_blank\">M\u00e1quina Mort\u00edfera<\/a>, o primeiro cap\u00edtulo do que se tornaria uma <a href=\"https:\/\/www.adorocinema.com\/noticias\/filmes\/noticia-1000105918\/\" class=\"bo-link\" rel=\"nofollow noopener\" target=\"_blank\">quadrilogia de a\u00e7\u00e3o lend\u00e1ria<\/a>. Mas entre Glover e Gibson, a magia j\u00e1 estava acontecendo: os contornos de uma amizade magn\u00edfica tomam forma \u2013 junto \u00e0 silhueta de uma das duplas mais lend\u00e1rias do cinema.<\/p>\n<p>                                <img loading=\"lazy\" decoding=\"async\" class=\"article-figure-img\" src=\"https:\/\/www.europesays.com\/pt\/wp-content\/uploads\/2025\/10\/cffc9ed7b040af4c09d0a13daf688afe.jpg\" width=\"640\" height=\"320\" alt=\"\"\/><\/p>\n<p>                                    Warner Bros.<\/p>\n<p class=\"bo-p\">O primeiro filme da franquia M\u00e1quina Mort\u00edfera reserva <a href=\"https:\/\/www.adorocinema.com\/noticias\/series\/noticia-1000141730\/\" class=\"bo-link\" rel=\"nofollow noopener\" target=\"_blank\">in\u00fameros momentos \u00e9picos<\/a>. O encontro de Riggs com a fam\u00edlia Murtaugh, o treino de tiro na delegacia e o confronto implac\u00e1vel entre Riggs e o formid\u00e1vel <b>Sr. Joshua<\/b> no gramado, para citar apenas alguns.<\/p>\n<p>Uma saga da qual nunca nos cansamos<\/p>\n<p class=\"bo-p\">Resumindo: se voc\u00ea \u00e9 f\u00e3 da saga dirigida por <a href=\"https:\/\/www.adorocinema.com\/personalidades\/personalidade-1907\/\" class=\"bo-link\" rel=\"nofollow noopener\" target=\"_blank\">Richard Donner<\/a> e por acaso a encontra enquanto zapeia pela TV, \u00e9 prov\u00e1vel que largue o controle remoto imediatamente para aproveitar at\u00e9 a \u00faltima gota.<\/p>\n<p class=\"bo-p\">Por qu\u00ea? Simplesmente porque nos sentimos um pouco em casa na cozinha dos Murtaugh, porque temos a impress\u00e3o de estar passando um tempo com amigos assim que nos encontramos na companhia de Martin e Roger, porque n\u00e3o nos cansamos de rir da falta de jeito de <b>Leo Getz<\/b> e porque n\u00e3o resistimos a um pequeno passeio noturno, com as sirenes ligadas, com a dupla incompar\u00e1vel de <b>M\u00e1quina Mort\u00edfera<\/b>.<\/p>\n<p class=\"bo-p\">A saga est\u00e1 no Prime Video.<\/p>\n","protected":false},"excerpt":{"rendered":"Um cl\u00e1ssico de a\u00e7\u00e3o e com\u00e9dia dos anos 80. O policial Roger Murtaugh (Danny Glover) acaba de completar&hellip;\n","protected":false},"author":2,"featured_media":106862,"comment_status":"","ping_status":"","sticky":false,"template":"","format":"standard","meta":{"footnotes":""},"categories":[140],"tags":[114,115,147,148,146,32,33],"class_list":{"0":"post-106861","1":"post","2":"type-post","3":"status-publish","4":"format-standard","5":"has-post-thumbnail","7":"category-filmes","8":"tag-entertainment","9":"tag-entretenimento","10":"tag-film","11":"tag-filmes","12":"tag-movies","13":"tag-portugal","14":"tag-pt"},"share_on_mastodon":{"url":"","error":""},"_links":{"self":[{"href":"https:\/\/www.europesays.com\/pt\/wp-json\/wp\/v2\/posts\/106861","targetHints":{"allow":["GET"]}}],"collection":[{"href":"https:\/\/www.europesays.com\/pt\/wp-json\/wp\/v2\/posts"}],"about":[{"href":"https:\/\/www.europesays.com\/pt\/wp-json\/wp\/v2\/types\/post"}],"author":[{"embeddable":true,"href":"https:\/\/www.europesays.com\/pt\/wp-json\/wp\/v2\/users\/2"}],"replies":[{"embeddable":true,"href":"https:\/\/www.europesays.com\/pt\/wp-json\/wp\/v2\/comments?post=106861"}],"version-history":[{"count":0,"href":"https:\/\/www.europesays.com\/pt\/wp-json\/wp\/v2\/posts\/106861\/revisions"}],"wp:featuredmedia":[{"embeddable":true,"href":"https:\/\/www.europesays.com\/pt\/wp-json\/wp\/v2\/media\/106862"}],"wp:attachment":[{"href":"https:\/\/www.europesays.com\/pt\/wp-json\/wp\/v2\/media?parent=106861"}],"wp:term":[{"taxonomy":"category","embeddable":true,"href":"https:\/\/www.europesays.com\/pt\/wp-json\/wp\/v2\/categories?post=106861"},{"taxonomy":"post_tag","embeddable":true,"href":"https:\/\/www.europesays.com\/pt\/wp-json\/wp\/v2\/tags?post=106861"}],"curies":[{"name":"wp","href":"https:\/\/api.w.org\/{rel}","templated":true}]}}