{"id":106873,"date":"2025-10-11T21:51:13","date_gmt":"2025-10-11T21:51:13","guid":{"rendered":"https:\/\/www.europesays.com\/pt\/106873\/"},"modified":"2025-10-11T21:51:13","modified_gmt":"2025-10-11T21:51:13","slug":"quem-me-conhece-sabe-o-que-sofro-marcia-soares-faz-desabafo-e-o-motivo-e-inacreditavel-secret-story","status":"publish","type":"post","link":"https:\/\/www.europesays.com\/pt\/106873\/","title":{"rendered":"\u00abQuem me conhece sabe o que sofro\u00bb. Marcia Soares faz desabafo. E o motivo \u00e9 inacredit\u00e1vel &#8211; Secret Story"},"content":{"rendered":"<p data-end=\"759\" data-start=\"450\"><strong>Marcia Soares<\/strong> voltou a dar que falar nas redes sociais, desta vez por um motivo ins\u00f3lito. A ex-concorrente do Big Brother e comentadora da TVI fez uma story no Instagram onde explicou o motivo de muitas vezes o seu nome aparecer sem acento e o desabafo rapidamente chamou a aten\u00e7\u00e3o dos f\u00e3s.<\/p>\n<p data-end=\"950\" data-start=\"761\"><strong>\u00abQuem me conhece sabe o que sofro por o meu nome ser Marcia sem acento\u00bb<\/strong>, escreveu, revelando que a grafia se deve a um detalhe do registo feito no Luxemburgo, pa\u00eds onde nasceu.<\/p>\n<p>Veja o v\u00eddeo: <\/p>\n<p data-end=\"1330\" data-start=\"1103\">Desde a sua participa\u00e7\u00e3o no reality show da TVI,\u00a0<a href=\"https:\/\/tvi.iol.pt\/secretstory\/search?pagina=1&amp;pesquisa=marcia+soares\" rel=\"nofollow noopener\" target=\"_blank\">Marcia<\/a>\u00a0tem-se afirmado como<strong> uma das personalidades mais comentadas da hist\u00f3ria dos reality shows<\/strong>. Nas redes sociais, a sua autenticidade e presen\u00e7a marcante fazem dela um verdadeiro fen\u00f3meno, capaz de transformar cada publica\u00e7\u00e3o em tema de conversa.<\/p>\n","protected":false},"excerpt":{"rendered":"Marcia Soares voltou a dar que falar nas redes sociais, desta vez por um motivo ins\u00f3lito. A ex-concorrente&hellip;\n","protected":false},"author":2,"featured_media":106874,"comment_status":"","ping_status":"","sticky":false,"template":"","format":"standard","meta":{"footnotes":""},"categories":[142],"tags":[18706,114,115,18705,2038,32,33,151,18704],"class_list":{"0":"post-106873","1":"post","2":"type-post","3":"status-publish","4":"format-standard","5":"has-post-thumbnail","7":"category-tv","8":"tag-bastidores-secret-story","9":"tag-entertainment","10":"tag-entretenimento","11":"tag-entrevistas-concorrentes-tvi","12":"tag-marcia-soares","13":"tag-portugal","14":"tag-pt","15":"tag-tv","16":"tag-vida-fora-da-casa"},"share_on_mastodon":{"url":"","error":""},"_links":{"self":[{"href":"https:\/\/www.europesays.com\/pt\/wp-json\/wp\/v2\/posts\/106873","targetHints":{"allow":["GET"]}}],"collection":[{"href":"https:\/\/www.europesays.com\/pt\/wp-json\/wp\/v2\/posts"}],"about":[{"href":"https:\/\/www.europesays.com\/pt\/wp-json\/wp\/v2\/types\/post"}],"author":[{"embeddable":true,"href":"https:\/\/www.europesays.com\/pt\/wp-json\/wp\/v2\/users\/2"}],"replies":[{"embeddable":true,"href":"https:\/\/www.europesays.com\/pt\/wp-json\/wp\/v2\/comments?post=106873"}],"version-history":[{"count":0,"href":"https:\/\/www.europesays.com\/pt\/wp-json\/wp\/v2\/posts\/106873\/revisions"}],"wp:featuredmedia":[{"embeddable":true,"href":"https:\/\/www.europesays.com\/pt\/wp-json\/wp\/v2\/media\/106874"}],"wp:attachment":[{"href":"https:\/\/www.europesays.com\/pt\/wp-json\/wp\/v2\/media?parent=106873"}],"wp:term":[{"taxonomy":"category","embeddable":true,"href":"https:\/\/www.europesays.com\/pt\/wp-json\/wp\/v2\/categories?post=106873"},{"taxonomy":"post_tag","embeddable":true,"href":"https:\/\/www.europesays.com\/pt\/wp-json\/wp\/v2\/tags?post=106873"}],"curies":[{"name":"wp","href":"https:\/\/api.w.org\/{rel}","templated":true}]}}