{"id":106881,"date":"2025-10-11T21:55:08","date_gmt":"2025-10-11T21:55:08","guid":{"rendered":"https:\/\/www.europesays.com\/pt\/106881\/"},"modified":"2025-10-11T21:55:08","modified_gmt":"2025-10-11T21:55:08","slug":"goias-registra-152-casos-de-meningite-em-2025-e-21-mortes","status":"publish","type":"post","link":"https:\/\/www.europesays.com\/pt\/106881\/","title":{"rendered":"Goi\u00e1s registra 152 casos de meningite em 2025 e 21 mortes"},"content":{"rendered":"<p>A Secretaria de Estado da Sa\u00fade de Goi\u00e1s (SES-GO) informou que, at\u00e9 o momento, foram confirmados 152 casos de meningite em todo o estado em 2025, dos quais 21 evolu\u00edram para \u00f3bito, segundo dados da Subsecretaria de Vigil\u00e2ncia em Sa\u00fade (SUVISA\/SES-GO).<\/p>\n<p>A pasta refor\u00e7a que os casos da doen\u00e7a podem aumentar em determinados per\u00edodos do ano e destaca a import\u00e2ncia da vacina\u00e7\u00e3o. \u201cAs elevadas taxas de cobertura vacinal diminuem significativamente a chance de casos graves e \u00f3bitos, mesmo com a possibilidade de surtos\u201d, diz a SES em nota enviada ao Jornal Op\u00e7\u00e3o.<\/p>\n<p>De acordo com os dados preliminares da Rede Nacional de Dados em Sa\u00fade (RNDS), a cobertura vacinal em Goi\u00e1s para menores de 1 ano est\u00e1 em:<\/p>\n<ul class=\"wp-block-list\">\n<li>Meningoc\u00f3cica C: 82,10%<\/li>\n<li>Pneumoc\u00f3cica 10-valente: 86,18%<\/li>\n<li>Pentavalente: 77,85%<\/li>\n<li>BCG: 90,10%<\/li>\n<\/ul>\n<p>Entre adolescentes de 11 a 14 anos, a cobertura da Meningoc\u00f3cica ACWY \u00e9 de 54,10%.<\/p>\n<p>A SES lembra que o Programa Nacional de Imuniza\u00e7\u00f5es (PNI) disponibiliza cinco vacinas que protegem contra a meningite, todas oferecidas gratuitamente pelo SUS: BCG, Pentavalente, Meningoc\u00f3cica C, Meningoc\u00f3cica ACWY e Pneumoc\u00f3cica 10-valente.<\/p>\n<p>A testagem para a doen\u00e7a \u00e9 realizada pelo Laborat\u00f3rio Estadual de Sa\u00fade P\u00fablica Dr. Giovanni Cysneiros (Lacen-GO), que recebe amostras tanto da rede p\u00fablica quanto da privada. A Secretaria recomenda aten\u00e7\u00e3o \u00e0 etiqueta respirat\u00f3ria, evitar aglomera\u00e7\u00f5es e manter o cart\u00e3o de vacina\u00e7\u00e3o atualizado.<\/p>\n<p>A meningite \u00e9 um processo inflamat\u00f3rio das meninges, membranas que protegem o c\u00e9rebro e a medula espinhal. Pode ser causada por bact\u00e9rias, v\u00edrus, fungos ou parasitas, mas as meningites bacterianas e virais s\u00e3o as mais preocupantes, por sua capacidade de gerar surtos. No Brasil, a doen\u00e7a \u00e9 considerada end\u00eamica, com casos esperados ao longo de todo o ano.<\/p>\n<p>Em Goi\u00e2nia, segundo a Secretaria Municipal de Sa\u00fade (SMS), foram registrados 37 casos de meningite e 9 \u00f3bitos em 2025. A faixa et\u00e1ria mais afetada \u00e9 de 40 a 59 anos, e a taxa de mortalidade na capital \u00e9 de 0,59 \u00f3bitos a cada 50 mil habitantes.<\/p>\n<p>As coberturas vacinais na cidade s\u00e3o ligeiramente inferiores \u00e0s do estado: 81,58% para Pneumo 10, 75% para Meningo C e 68,74% para Pentavalente. A SMS refor\u00e7a que, al\u00e9m da vacina\u00e7\u00e3o, medidas como lavagem frequente das m\u00e3os e evitar aglomera\u00e7\u00f5es s\u00e3o essenciais para preven\u00e7\u00e3o.<\/p>\n<p><strong>Leia tamb\u00e9m<\/strong><\/p>\n<p><a href=\"https:\/\/www.jornalopcao.com.br\/ultimas-noticias\/ipasgo-opera-em-deficit-que-e-coberto-pelo-governo-de-goias-diz-presidente-da-entidade-711832\/\" rel=\"nofollow noopener\" target=\"_blank\"><strong>\u201cIpasgo opera em d\u00e9ficit que \u00e9 coberto pelo governo de Goi\u00e1s\u201d diz presidente da entidade<\/strong><\/a><\/p>\n","protected":false},"excerpt":{"rendered":"A Secretaria de Estado da Sa\u00fade de Goi\u00e1s (SES-GO) informou que, at\u00e9 o momento, foram confirmados 152 casos&hellip;\n","protected":false},"author":2,"featured_media":106882,"comment_status":"","ping_status":"","sticky":false,"template":"","format":"standard","meta":{"footnotes":""},"categories":[86],"tags":[4357,116,4993,32,33,117,1663],"class_list":{"0":"post-106881","1":"post","2":"type-post","3":"status-publish","4":"format-standard","5":"has-post-thumbnail","7":"category-saude","8":"tag-doenca","9":"tag-health","10":"tag-meningite","11":"tag-portugal","12":"tag-pt","13":"tag-saude","14":"tag-ses"},"share_on_mastodon":{"url":"","error":""},"_links":{"self":[{"href":"https:\/\/www.europesays.com\/pt\/wp-json\/wp\/v2\/posts\/106881","targetHints":{"allow":["GET"]}}],"collection":[{"href":"https:\/\/www.europesays.com\/pt\/wp-json\/wp\/v2\/posts"}],"about":[{"href":"https:\/\/www.europesays.com\/pt\/wp-json\/wp\/v2\/types\/post"}],"author":[{"embeddable":true,"href":"https:\/\/www.europesays.com\/pt\/wp-json\/wp\/v2\/users\/2"}],"replies":[{"embeddable":true,"href":"https:\/\/www.europesays.com\/pt\/wp-json\/wp\/v2\/comments?post=106881"}],"version-history":[{"count":0,"href":"https:\/\/www.europesays.com\/pt\/wp-json\/wp\/v2\/posts\/106881\/revisions"}],"wp:featuredmedia":[{"embeddable":true,"href":"https:\/\/www.europesays.com\/pt\/wp-json\/wp\/v2\/media\/106882"}],"wp:attachment":[{"href":"https:\/\/www.europesays.com\/pt\/wp-json\/wp\/v2\/media?parent=106881"}],"wp:term":[{"taxonomy":"category","embeddable":true,"href":"https:\/\/www.europesays.com\/pt\/wp-json\/wp\/v2\/categories?post=106881"},{"taxonomy":"post_tag","embeddable":true,"href":"https:\/\/www.europesays.com\/pt\/wp-json\/wp\/v2\/tags?post=106881"}],"curies":[{"name":"wp","href":"https:\/\/api.w.org\/{rel}","templated":true}]}}