{"id":106885,"date":"2025-10-11T22:01:11","date_gmt":"2025-10-11T22:01:11","guid":{"rendered":"https:\/\/www.europesays.com\/pt\/106885\/"},"modified":"2025-10-11T22:01:11","modified_gmt":"2025-10-11T22:01:11","slug":"francisco-monteiro-indignado-com-os-ultimos-acontecimentos-do-secret-story-9","status":"publish","type":"post","link":"https:\/\/www.europesays.com\/pt\/106885\/","title":{"rendered":"Francisco Monteiro &#8216;indignado&#8217; com os \u00faltimos acontecimentos do Secret Story 9"},"content":{"rendered":"<p>\t\t\t\t\t\t\t\t\t\t\t\t<a href=\"#\" onclick=\"window.open('http:\/\/www.facebook.com\/sharer.php?u=https:\/\/cusquices.com\/francisco-monteiro-indignado-com-os-ultimos-acontecimentos-do-secret-story-9\/&amp;t=Francisco Monteiro \u2018indignado\u2019 com os \u00faltimos acontecimentos do Secret Story 9', 'facebookShare', 'width=626,height=436'); return false;\" title=\"Share on Facebook\"><\/p>\n<p>Share<\/p>\n<p><\/a><br \/>\n\t\t\t\t\t\t\t\t\t\t\t\t<a href=\"#\" onclick=\"window.open('http:\/\/twitter.com\/share?text=Francisco Monteiro \u2018indignado\u2019 com os \u00faltimos acontecimentos do Secret Story 9 -&amp;url=https:\/\/cusquices.com\/francisco-monteiro-indignado-com-os-ultimos-acontecimentos-do-secret-story-9\/', 'twitterShare', 'width=626,height=436'); return false;\" title=\"Tweet This Post\"><\/p>\n<p>Tweet<\/p>\n<p><\/a><br \/>\n\t\t\t\t\t\t\t\t\t\t\t\t<a href=\"whatsapp:\/\/send?text=Francisco Monteiro \u2018indignado\u2019 com os \u00faltimos acontecimentos do Secret Story 9 https:\/\/cusquices.com\/francisco-monteiro-indignado-com-os-ultimos-acontecimentos-do-secret-story-9\/\" rel=\"nofollow\"><\/p>\n<p>Share<\/p>\n<p><\/a><br \/>\n\t\t\t\t\t\t\t\t\t\t\t\t<a href=\"#\" onclick=\"window.open('http:\/\/pinterest.com\/pin\/create\/button\/?url=https:\/\/cusquices.com\/francisco-monteiro-indignado-com-os-ultimos-acontecimentos-do-secret-story-9\/&amp;media=https:\/\/cusquices.com\/wp-content\/uploads\/2025\/10\/francisco-marisafabio-1000x600.jpg&amp;description=Francisco Monteiro \u2018indignado\u2019 com os \u00faltimos acontecimentos do Secret Story 9', 'pinterestShare', 'width=750,height=350'); return false;\" title=\"Pin This Post\"><\/p>\n<p>Share<\/p>\n<p><\/a><br \/>\n\t\t\t\t\t\t\t\t\t\t\t\t<a href=\"mailto:?subject=Francisco Monteiro \u2018indignado\u2019 com os \u00faltimos acontecimentos do Secret Story 9&amp;BODY=I found this article interesting and thought of sharing it with you. Check it out: https:\/\/cusquices.com\/francisco-monteiro-indignado-com-os-ultimos-acontecimentos-do-secret-story-9\/\"><\/p>\n<p>Email<\/p>\n<p><\/a><br \/>\n\t\t\t\t\t\t\t\t\t\t\t\t\t\t\t\t\t\t\t\t\t\t\t\t\t\t\t\t\t\t\t\t\t\t\t\t\t\t\t\t\t\t\t\t\t\t\t\t\t\t\t\t\t<a href=\"https:\/\/cusquices.com\/francisco-monteiro-indignado-com-os-ultimos-acontecimentos-do-secret-story-9\/#respond\" rel=\"nofollow noopener\" target=\"_blank\"><\/p>\n<p><strong>Francisco Monteiro,<\/strong> comentador oficial da nona edi\u00e7\u00e3o da <strong>\u2018Casa dos Segredos\u2019<\/strong>, n\u00e3o esteve presente nos programas de coment\u00e1rio desta semana do formato e acabou por ser questionado pelos seguidores.<\/p>\n<p>Os f\u00e3s de Zaza acabaram por questionar a sua aus\u00eancia: <strong>\u201cChico n\u00e3o vais mais comentar este SS?\u201d. <\/strong>Francisco Monteiro n\u00e3o deixou o seguidor sem resposta e aproveitou para reagir ao <a href=\"https:\/\/cusquices.com\/bronca-familia-de-marisa-emite-comunicado-apos-abusos-de-fabio-e-durante-uma-dinamica\/\" rel=\"nofollow noopener\" target=\"_blank\">momento pol\u00e9mico de Marisa com F\u00e1bio.<\/a><\/p>\n<p><strong>\u201cEsta semana at\u00e9 calhou bem porque provavelmente n\u00e3o me iria controlar naquilo que tinha para dizer e n\u00e3o seria bom para mim.\u201d,<\/strong> come\u00e7ou por dizer Francisco Monteiro, que acrescentou de seguida: \u201c<strong>Talvez comece a guardar as chaves do meu carro dentro da minha roupa interior, ainda assim pode haver algu\u00e9m que ache norma pegar nelas sem o meu consentimento.<\/strong>\u201c<\/p>\n<p><img loading=\"lazy\" decoding=\"async\" width=\"577\" height=\"1024\" src=\"https:\/\/www.europesays.com\/pt\/wp-content\/uploads\/2025\/10\/zaza-reage-577x1024.png\" alt=\"\" class=\"wp-image-99226 webpexpress-processed\"  \/><\/p>\n<p><strong>Leia tamb\u00e9m:<\/strong><\/p>\n<p>\t\t\t\t\t\t\t\t\t\t\t\t\t\t\t\t\t\t\t\t\t\t\t\t\t<img decoding=\"async\" src=\"https:\/\/www.europesays.com\/pt\/wp-content\/uploads\/2025\/10\/cusquices-logo-52x.png\" class=\"webpexpress-processed\"\/><\/p>\n<p>\t\t\t\t\t\t\t\t\t\t\t\t\t\t\t\t\t\t\t\t\t            \t\t\t\t\t\t\t\t\t\t\t\t\t\t\t\t\t\t\t\t\t\t\t\t\t\t\t\t\t\t\t\t\t\t\t\t\t\t\t<script async src=\"https:\/\/platform.twitter.com\/widgets.js\" charset=\"utf-8\"><\/script><\/p>\n","protected":false},"excerpt":{"rendered":"Share Tweet Share Share Email Francisco Monteiro, comentador oficial da nona edi\u00e7\u00e3o da \u2018Casa dos Segredos\u2019, n\u00e3o esteve&hellip;\n","protected":false},"author":2,"featured_media":106886,"comment_status":"","ping_status":"","sticky":false,"template":"","format":"standard","meta":{"footnotes":""},"categories":[8],"tags":[27,28,2632,49,19082,15,16,2071,14,25,26,21,22,19184,12,13,19,20,32,23,24,33,17,18,29,30,31],"class_list":{"0":"post-106885","1":"post","2":"type-post","3":"status-publish","4":"format-standard","5":"has-post-thumbnail","7":"category-principais-noticias","8":"tag-breaking-news","9":"tag-breakingnews","10":"tag-casa-dos-segredos","11":"tag-destaques","12":"tag-fabio","13":"tag-featured-news","14":"tag-featurednews","15":"tag-francisco-monteiro","16":"tag-headlines","17":"tag-latest-news","18":"tag-latestnews","19":"tag-main-news","20":"tag-mainnews","21":"tag-marisa","22":"tag-news","23":"tag-noticias","24":"tag-noticias-principais","25":"tag-noticiasprincipais","26":"tag-portugal","27":"tag-principais-noticias","28":"tag-principaisnoticias","29":"tag-pt","30":"tag-top-stories","31":"tag-topstories","32":"tag-ultimas","33":"tag-ultimas-noticias","34":"tag-ultimasnoticias"},"share_on_mastodon":{"url":"","error":""},"_links":{"self":[{"href":"https:\/\/www.europesays.com\/pt\/wp-json\/wp\/v2\/posts\/106885","targetHints":{"allow":["GET"]}}],"collection":[{"href":"https:\/\/www.europesays.com\/pt\/wp-json\/wp\/v2\/posts"}],"about":[{"href":"https:\/\/www.europesays.com\/pt\/wp-json\/wp\/v2\/types\/post"}],"author":[{"embeddable":true,"href":"https:\/\/www.europesays.com\/pt\/wp-json\/wp\/v2\/users\/2"}],"replies":[{"embeddable":true,"href":"https:\/\/www.europesays.com\/pt\/wp-json\/wp\/v2\/comments?post=106885"}],"version-history":[{"count":0,"href":"https:\/\/www.europesays.com\/pt\/wp-json\/wp\/v2\/posts\/106885\/revisions"}],"wp:featuredmedia":[{"embeddable":true,"href":"https:\/\/www.europesays.com\/pt\/wp-json\/wp\/v2\/media\/106886"}],"wp:attachment":[{"href":"https:\/\/www.europesays.com\/pt\/wp-json\/wp\/v2\/media?parent=106885"}],"wp:term":[{"taxonomy":"category","embeddable":true,"href":"https:\/\/www.europesays.com\/pt\/wp-json\/wp\/v2\/categories?post=106885"},{"taxonomy":"post_tag","embeddable":true,"href":"https:\/\/www.europesays.com\/pt\/wp-json\/wp\/v2\/tags?post=106885"}],"curies":[{"name":"wp","href":"https:\/\/api.w.org\/{rel}","templated":true}]}}