{"id":106889,"date":"2025-10-11T22:05:10","date_gmt":"2025-10-11T22:05:10","guid":{"rendered":"https:\/\/www.europesays.com\/pt\/106889\/"},"modified":"2025-10-11T22:05:10","modified_gmt":"2025-10-11T22:05:10","slug":"como-nunca-a-viu-bernardina-brito-faz-um-corte-de-cabelo-radical-e-esta-irreconhecivel-secret-story","status":"publish","type":"post","link":"https:\/\/www.europesays.com\/pt\/106889\/","title":{"rendered":"Como nunca a viu! Bernardina Brito faz um corte de cabelo radical e est\u00e1 irreconhec\u00edvel &#8211; Secret Story"},"content":{"rendered":"<p data-end=\"2099\" data-start=\"1823\"><strong>Bernardina Brito<\/strong> come\u00e7ou uma nova fase com um visual renovado. A ex-concorrente do\u00a0<a href=\"https:\/\/tvi.iol.pt\/secretstory\/\" target=\"_blank\" rel=\"nofollow noopener\"><strong>Secret Story &#8211; Casa dos Segredos<\/strong><\/a>, do <a href=\"https:\/\/tvi.iol.pt\/bigbrother\/\" target=\"_blank\" rel=\"nofollow noopener\"><strong>Big Brother<\/strong><\/a><strong> \u2013 Duplo Impacto<\/strong> e d&#8217;<strong><a href=\"https:\/\/tvi.iol.pt\/tvireality\/dilema\" target=\"_blank\" rel=\"nofollow noopener\">O Dilema<\/a>\u00a0<\/strong>mostrou-se nas redes sociais com o cabelo bem mais curto, num corte elegante que lhe confere um ar mais leve e sofisticado.<\/p>\n<p data-end=\"2317\" data-start=\"2101\">No v\u00eddeo publicado no Instagram, Bernardina surge a sorrir e a mostrar o novo look com entusiasmo. A mudan\u00e7a n\u00e3o passou despercebida e a caixa de coment\u00e1rios encheu-se rapidamente de mensagens de apoio e admira\u00e7\u00e3o.<\/p>\n<p data-end=\"2499\" data-start=\"2319\">Entre cora\u00e7\u00f5es e emojis, muitos seguidores destacaram o quanto o novo corte valoriza o rosto da nortenha. Bernardina parece ter adorado o resultado e os f\u00e3s tamb\u00e9m.<\/p>\n<p>Veja o v\u00eddeo aqui: <\/p>\n<p data-end=\"2499\" data-start=\"2319\">\u00a0<\/p>\n","protected":false},"excerpt":{"rendered":"Bernardina Brito come\u00e7ou uma nova fase com um visual renovado. A ex-concorrente do\u00a0Secret Story &#8211; Casa dos Segredos,&hellip;\n","protected":false},"author":2,"featured_media":106890,"comment_status":"","ping_status":"","sticky":false,"template":"","format":"standard","meta":{"footnotes":""},"categories":[142],"tags":[18706,5303,114,115,18705,25575,32,33,151,18704],"class_list":{"0":"post-106889","1":"post","2":"type-post","3":"status-publish","4":"format-standard","5":"has-post-thumbnail","7":"category-tv","8":"tag-bastidores-secret-story","9":"tag-bernardina-brito","10":"tag-entertainment","11":"tag-entretenimento","12":"tag-entrevistas-concorrentes-tvi","13":"tag-novo-look","14":"tag-portugal","15":"tag-pt","16":"tag-tv","17":"tag-vida-fora-da-casa"},"share_on_mastodon":{"url":"","error":""},"_links":{"self":[{"href":"https:\/\/www.europesays.com\/pt\/wp-json\/wp\/v2\/posts\/106889","targetHints":{"allow":["GET"]}}],"collection":[{"href":"https:\/\/www.europesays.com\/pt\/wp-json\/wp\/v2\/posts"}],"about":[{"href":"https:\/\/www.europesays.com\/pt\/wp-json\/wp\/v2\/types\/post"}],"author":[{"embeddable":true,"href":"https:\/\/www.europesays.com\/pt\/wp-json\/wp\/v2\/users\/2"}],"replies":[{"embeddable":true,"href":"https:\/\/www.europesays.com\/pt\/wp-json\/wp\/v2\/comments?post=106889"}],"version-history":[{"count":0,"href":"https:\/\/www.europesays.com\/pt\/wp-json\/wp\/v2\/posts\/106889\/revisions"}],"wp:featuredmedia":[{"embeddable":true,"href":"https:\/\/www.europesays.com\/pt\/wp-json\/wp\/v2\/media\/106890"}],"wp:attachment":[{"href":"https:\/\/www.europesays.com\/pt\/wp-json\/wp\/v2\/media?parent=106889"}],"wp:term":[{"taxonomy":"category","embeddable":true,"href":"https:\/\/www.europesays.com\/pt\/wp-json\/wp\/v2\/categories?post=106889"},{"taxonomy":"post_tag","embeddable":true,"href":"https:\/\/www.europesays.com\/pt\/wp-json\/wp\/v2\/tags?post=106889"}],"curies":[{"name":"wp","href":"https:\/\/api.w.org\/{rel}","templated":true}]}}