{"id":106891,"date":"2025-10-11T22:06:15","date_gmt":"2025-10-11T22:06:15","guid":{"rendered":"https:\/\/www.europesays.com\/pt\/106891\/"},"modified":"2025-10-11T22:06:15","modified_gmt":"2025-10-11T22:06:15","slug":"ozzy-ficou-puto-com-brad-wilk-na-bateria-de-13-do-black-sabbath","status":"publish","type":"post","link":"https:\/\/www.europesays.com\/pt\/106891\/","title":{"rendered":"Ozzy ficou puto com Brad Wilk na bateria de \u201c13\u201d, do Black Sabbath"},"content":{"rendered":"\n<p>O <strong><a href=\"https:\/\/igormiranda.com.br\/tag\/black-sabbath\/\" target=\"_blank\" rel=\"noreferrer noopener nofollow\">Black Sabbath<\/a><\/strong> contou com um baterista diferente nas grava\u00e7\u00f5es de seu \u00faltimo \u00e1lbum, <strong>\u201c13\u201d<\/strong> (2013). Por causa de disputas contratuais e desentendimentos com <strong><a href=\"https:\/\/igormiranda.com.br\/tag\/bill-ward\/\" target=\"_blank\" rel=\"noreferrer noopener nofollow\">Bill Ward<\/a><\/strong>, a banda trouxe <strong><a href=\"https:\/\/igormiranda.com.br\/tag\/brad-wilk\/\" target=\"_blank\" rel=\"noreferrer noopener nofollow\">Brad Wilk<\/a><\/strong>, do <strong><a href=\"https:\/\/igormiranda.com.br\/tag\/rage-against-the-machine\/\" target=\"_blank\" rel=\"noreferrer noopener nofollow\">Rage Against the Machine<\/a><\/strong> e <strong><a href=\"https:\/\/igormiranda.com.br\/tag\/audioslave\/\" target=\"_blank\" rel=\"noreferrer noopener nofollow\">Audioslave<\/a><\/strong>, para assumir as baquetas no est\u00fadio. <strong><a href=\"https:\/\/igormiranda.com.br\/tag\/ozzy-osbourne\/\" target=\"_blank\" rel=\"noreferrer noopener nofollow\">Ozzy Osbourne<\/a><\/strong>, por\u00e9m, n\u00e3o ficou satisfeito com a decis\u00e3o de convocar o m\u00fasico do RATM.\u00a0\u00a0<\/p>\n<p>Na autobiografia p\u00f3stuma <strong>\u201cLast Rites\u201d<\/strong>, lan\u00e7ada internacionalmente na \u00faltima segunda-feira (7), o vocalista relembrou a escolha. Ao abordar o assunto, o Pr\u00edncipe das Trevas revelou desejar que <strong><a href=\"https:\/\/igormiranda.com.br\/tag\/tommy-clufetos\/\" target=\"_blank\" rel=\"noreferrer noopener nofollow\">Tommy Clufetos<\/a><\/strong> \u2014 com quem passou a trabalhar na carreira solo em 2010 \u2014 assumisse o posto no disco, assim como j\u00e1 havia feito nas apresenta\u00e7\u00f5es ao vivo do grupo em 2012.<\/p>\n<p>&#8211; Advertisement &#8211;<\/p>\n<p>Conforme transcrito pela <a href=\"https:\/\/www.loudersound.com\/features\/what-we-learned-reading-ozzy-osbourne-last-rites-black-sabbath\" target=\"_blank\" rel=\"noreferrer noopener nofollow\">Metal Hammer<\/a>, a prepara\u00e7\u00e3o para o projeto chegou a ser idealizada com Clufetos, at\u00e9 que o produtor <strong><a href=\"https:\/\/igormiranda.com.br\/tag\/rick-rubin\/\" target=\"_blank\" rel=\"noreferrer noopener nofollow\">Rick Rubin<\/a><\/strong> pressionasse Osbourne, <strong><a href=\"https:\/\/igormiranda.com.br\/tag\/tony-iommi\/\" target=\"_blank\" rel=\"noreferrer noopener nofollow\">Tony Iommi<\/a><\/strong> (guitarra) e <strong><a href=\"https:\/\/igormiranda.com.br\/tag\/geezer-butler\/\" target=\"_blank\" rel=\"noreferrer noopener nofollow\">Geezer Butler<\/a><\/strong> (baixo) por um baterista diferente. O Madman desabafou:<\/p>\n<p>\u201cNunca me senti confort\u00e1vel com essa decis\u00e3o. Todo mundo estava satisfeito com o Tommy at\u00e9 o Rick entrar na equipe e ter outras ideias, ent\u00e3o eu fiquei meio irritado com isso por um tempo.\u201d<\/p>\n<p>Ao menos para a turn\u00ea, Ozzy conseguiu convencer os colegas de que mantivessem Clufetos, sob a amea\u00e7a de n\u00e3o realizar as apresenta\u00e7\u00f5es caso o contr\u00e1rio. Em outro trecho da obra, como destacado pela<a href=\"https:\/\/rollingstone.com.br\/musica\/a-autobiografia-last-rites-de-ozzy-osbourne-e-assombrosa-reveladora-e-profundamente-triste\/\" target=\"_blank\" rel=\"noreferrer noopener nofollow\"> Rolling Stone Brasil<\/a>, o cantor explicou:<\/p>\n<p>\u201cEu disse: se Tommy [Clufetos] n\u00e3o estiver na bateria para a turn\u00ea, eu n\u00e3o fa\u00e7o a turn\u00ea. Isso causou muito ressentimento. Brad at\u00e9 me ligou e disse: \u2018Por que voc\u00ea n\u00e3o quer que eu fa\u00e7a os shows?\u2019. Tudo o que pude dizer foi: \u2018Brad, se voc\u00ea fosse o Tommy, e tivesse estado l\u00e1 para toda a composi\u00e7\u00e3o, e Rick desejasse te afastar, como voc\u00ea se sentiria?\u2019. Ele n\u00e3o tinha resposta para isso. N\u00e3o havia resposta. A verdade \u00e9 que Brad fez um bom trabalho no \u00e1lbum, mas na minha mente, Tommy deveria ter estado l\u00e1 o tempo todo, e merecia estar na turn\u00ea.\u201d<\/p>\n<p>Essa n\u00e3o foi a primeira vez que o vocalista manifestou descontentamento com tal cen\u00e1rio. Ainda em 2013, para a revista Spin, Ozzy mostrou sinceridade ao dizer que achou injusta a maneira com que a banda escalou Brad para o \u201c13\u201d (via <a href=\"https:\/\/whiplash.net\/materias\/news_826\/181688-blacksabbath.html\" target=\"_blank\" rel=\"noreferrer noopener nofollow\">Whiplash<\/a>):<\/p>\n<p>\u201cT\u00ednhamos Tommy [Clufetos] na reserva, esperando. E simplesmente n\u00e3o deu certo. A coisa foi administrada do modo errado, porque voc\u00ea n\u00e3o pode manter as pessoas esperando por nada. \u00cdamos usar Tommy no come\u00e7o, e Rick [Rubin] foi contra. E da\u00ed aconteceu de n\u00e3o lidarmos com isso profissionalmente e eu fiquei meio puto. Enfim, Tommy est\u00e1 fazendo um trabalho incr\u00edvel na estrada com o Sabbath.\u201d<\/p>\n<p> Black Sabbath e \u201c13\u201d <\/p>\n<p>Lan\u00e7ado em 10 de junho de 2013, \u201c13\u201d se tornou o primeiro \u00e1lbum completo de m\u00fasicas in\u00e9ditas a contar com Ozzy Osbourne nos vocais em tr\u00eas d\u00e9cadas e meia. Foi produzido por Rick Rubin, o que desagradou os envolvidos, como confessaram em entrevistas posteriores.<\/p>\n<p>Brad Wilk (Rage Against the Machine, Audioslave) gravou a bateria como convidado, ap\u00f3s desacertos com Bill Ward. Tommy Clufetos, do grupo solo do Madman, fez a turn\u00ea e permaneceu na fun\u00e7\u00e3o at\u00e9 o encerramento das atividades.<\/p>\n<p>Primeiro single, <strong>\u201cGod is Dead?\u201d<\/strong> ganhou o Grammy na categoria \u201cMelhor Performance de Metal\u201d.<\/p>\n<p><strong>Clique<\/strong> para seguir IgorMiranda.com.br no: <a href=\"https:\/\/instagram.com\/igormirandasite\" target=\"_blank\" rel=\"noreferrer noopener nofollow\">Instagram<\/a> | <a href=\"https:\/\/bsky.app\/profile\/igormirandasite.bsky.social\" target=\"_blank\" rel=\"noreferrer noopener nofollow\">Bluesky<\/a> | <a href=\"https:\/\/twitter.com\/igormirandasite\" target=\"_blank\" rel=\"noreferrer noopener nofollow\">Twitter<\/a> | <a href=\"https:\/\/tiktok.com\/@igormirandasite\" target=\"_blank\" rel=\"noreferrer noopener nofollow\">TikTok<\/a> | <a href=\"https:\/\/facebook.com\/igormirandasite\" target=\"_blank\" rel=\"noreferrer noopener nofollow\">Facebook<\/a> | <a href=\"https:\/\/www.youtube.com\/igormirandasite\" target=\"_blank\" rel=\"noreferrer noopener nofollow\">YouTube<\/a> | <a href=\"https:\/\/www.threads.net\/@igormirandasite\" target=\"_blank\" rel=\"noreferrer noopener nofollow\">Threads<\/a>.<\/p>\n<p> <script async src=\"https:\/\/platform.twitter.com\/widgets.js\" charset=\"utf-8\"><\/script><script async src=\"\/\/www.instagram.com\/embed.js\"><\/script><script async src=\"\/\/www.tiktok.com\/embed.js\"><\/script><\/p>\n","protected":false},"excerpt":{"rendered":"O Black Sabbath contou com um baterista diferente nas grava\u00e7\u00f5es de seu \u00faltimo \u00e1lbum, \u201c13\u201d (2013). Por causa&hellip;\n","protected":false},"author":2,"featured_media":106892,"comment_status":"","ping_status":"","sticky":false,"template":"","format":"standard","meta":{"footnotes":""},"categories":[141],"tags":[240,25576,114,115,149,150,238,32,33],"class_list":{"0":"post-106891","1":"post","2":"type-post","3":"status-publish","4":"format-standard","5":"has-post-thumbnail","7":"category-musica","8":"tag-black-sabbath","9":"tag-brad-wilk","10":"tag-entertainment","11":"tag-entretenimento","12":"tag-music","13":"tag-musica","14":"tag-ozzy-osbourne","15":"tag-portugal","16":"tag-pt"},"share_on_mastodon":{"url":"","error":""},"_links":{"self":[{"href":"https:\/\/www.europesays.com\/pt\/wp-json\/wp\/v2\/posts\/106891","targetHints":{"allow":["GET"]}}],"collection":[{"href":"https:\/\/www.europesays.com\/pt\/wp-json\/wp\/v2\/posts"}],"about":[{"href":"https:\/\/www.europesays.com\/pt\/wp-json\/wp\/v2\/types\/post"}],"author":[{"embeddable":true,"href":"https:\/\/www.europesays.com\/pt\/wp-json\/wp\/v2\/users\/2"}],"replies":[{"embeddable":true,"href":"https:\/\/www.europesays.com\/pt\/wp-json\/wp\/v2\/comments?post=106891"}],"version-history":[{"count":0,"href":"https:\/\/www.europesays.com\/pt\/wp-json\/wp\/v2\/posts\/106891\/revisions"}],"wp:featuredmedia":[{"embeddable":true,"href":"https:\/\/www.europesays.com\/pt\/wp-json\/wp\/v2\/media\/106892"}],"wp:attachment":[{"href":"https:\/\/www.europesays.com\/pt\/wp-json\/wp\/v2\/media?parent=106891"}],"wp:term":[{"taxonomy":"category","embeddable":true,"href":"https:\/\/www.europesays.com\/pt\/wp-json\/wp\/v2\/categories?post=106891"},{"taxonomy":"post_tag","embeddable":true,"href":"https:\/\/www.europesays.com\/pt\/wp-json\/wp\/v2\/tags?post=106891"}],"curies":[{"name":"wp","href":"https:\/\/api.w.org\/{rel}","templated":true}]}}