{"id":106996,"date":"2025-10-11T23:48:00","date_gmt":"2025-10-11T23:48:00","guid":{"rendered":"https:\/\/www.europesays.com\/pt\/106996\/"},"modified":"2025-10-11T23:48:00","modified_gmt":"2025-10-11T23:48:00","slug":"venda-de-livros-aumenta-37-no-terceiro-trimestre-face-ao-mesmo-periodo-de-2024-4","status":"publish","type":"post","link":"https:\/\/www.europesays.com\/pt\/106996\/","title":{"rendered":"Venda de livros aumenta 3,7% no terceiro trimestre face ao mesmo per\u00edodo de 2024"},"content":{"rendered":"<p>Este conte\u00fado \u00e9 protegido por Direitos de Autor e Direitos Conexos e Direitos de Propriedade Industrial ao abrigo das leis portuguesas e da Uni\u00e3o Europeia, n\u00e3o podendo ser utilizado fora das condi\u00e7\u00f5es admitidas no mesmo. \u00c9 expressamente proibido copiar, reproduzir, modificar, exibir, transmitir ou divulgar, por qualquer forma ou para qualquer fim os conte\u00fados deste site, sem pr\u00e9via e devida autoriza\u00e7\u00e3o da LUSA.<\/p>\n","protected":false},"excerpt":{"rendered":"Este conte\u00fado \u00e9 protegido por Direitos de Autor e Direitos Conexos e Direitos de Propriedade Industrial ao abrigo&hellip;\n","protected":false},"author":2,"featured_media":106997,"comment_status":"","ping_status":"","sticky":false,"template":"","format":"standard","meta":{"footnotes":""},"categories":[143],"tags":[169,114,115,170,32,33],"class_list":{"0":"post-106996","1":"post","2":"type-post","3":"status-publish","4":"format-standard","5":"has-post-thumbnail","7":"category-livros","8":"tag-books","9":"tag-entertainment","10":"tag-entretenimento","11":"tag-livros","12":"tag-portugal","13":"tag-pt"},"share_on_mastodon":{"url":"","error":""},"_links":{"self":[{"href":"https:\/\/www.europesays.com\/pt\/wp-json\/wp\/v2\/posts\/106996","targetHints":{"allow":["GET"]}}],"collection":[{"href":"https:\/\/www.europesays.com\/pt\/wp-json\/wp\/v2\/posts"}],"about":[{"href":"https:\/\/www.europesays.com\/pt\/wp-json\/wp\/v2\/types\/post"}],"author":[{"embeddable":true,"href":"https:\/\/www.europesays.com\/pt\/wp-json\/wp\/v2\/users\/2"}],"replies":[{"embeddable":true,"href":"https:\/\/www.europesays.com\/pt\/wp-json\/wp\/v2\/comments?post=106996"}],"version-history":[{"count":0,"href":"https:\/\/www.europesays.com\/pt\/wp-json\/wp\/v2\/posts\/106996\/revisions"}],"wp:featuredmedia":[{"embeddable":true,"href":"https:\/\/www.europesays.com\/pt\/wp-json\/wp\/v2\/media\/106997"}],"wp:attachment":[{"href":"https:\/\/www.europesays.com\/pt\/wp-json\/wp\/v2\/media?parent=106996"}],"wp:term":[{"taxonomy":"category","embeddable":true,"href":"https:\/\/www.europesays.com\/pt\/wp-json\/wp\/v2\/categories?post=106996"},{"taxonomy":"post_tag","embeddable":true,"href":"https:\/\/www.europesays.com\/pt\/wp-json\/wp\/v2\/tags?post=106996"}],"curies":[{"name":"wp","href":"https:\/\/api.w.org\/{rel}","templated":true}]}}