{"id":107018,"date":"2025-10-12T00:07:15","date_gmt":"2025-10-12T00:07:15","guid":{"rendered":"https:\/\/www.europesays.com\/pt\/107018\/"},"modified":"2025-10-12T00:07:15","modified_gmt":"2025-10-12T00:07:15","slug":"benfica-aguas-santas-7-jornada-campeonato","status":"publish","type":"post","link":"https:\/\/www.europesays.com\/pt\/107018\/","title":{"rendered":"Benfica \u00c1guas Santas 7 Jornada Campeonato"},"content":{"rendered":"<p>                            RESUMO DO JOGO<\/p>\n<p>O <a href=\"https:\/\/www.slbenfica.pt\/pt-pt\/modalidades\/andebol\" rel=\"nofollow noopener\" target=\"_blank\"><strong>Benfica<\/strong><\/a>\u00a0superou, nesta tarde de s\u00e1bado, 11 de outubro, por 26-22, o \u00c1guas Santas, em duelo da 7.\u00aa jornada da 1.\u00aa fase do Campeonato Nacional de andebol, que se disputou no Pavilh\u00e3o n.\u00ba 2 da Luz.<\/p>\n<p>O in\u00edcio do encontro foi equilibrado, com o marcador a alternar sucessivamente at\u00e9 aos <strong>3-3<\/strong>. A partir da\u00ed, o Benfica elevou a intensidade defensiva e mostrou maior acerto no ataque, com <strong>Mikita Vailupau \u2013 autor do primeiro golo encarnado \u2013 a destacar-se pelas interven\u00e7\u00f5es decisivas<\/strong>.<\/p>\n<p>O conjunto de Jota Gonz\u00e1lez conseguiu ent\u00e3o construir uma vantagem de quatro golos (<strong>7-3<\/strong>), mas o \u00c1guas Santas reagiu e voltou a encurtar dist\u00e2ncias. Ainda assim, o Benfica manteve o controlo do jogo e foi para o <strong>intervalo a vencer, por 15-13<\/strong>.<\/p>\n<p><img decoding=\"async\" src=\"https:\/\/www.europesays.com\/pt\/wp-content\/uploads\/2025\/10\/belone-moreira-1-thumbnail.jpg\" alt=\"Andebol Benfica\" width=\"926px\" height=\"522px\"\/><\/p>\n<p>Na 2.\u00aa parte, os encarnados voltaram a entrar fortes, impondo ritmo e efic\u00e1cia perante um advers\u00e1rio que procurou manter-se na discuss\u00e3o do resultado. <strong>Marcador\u00a0final: 26-22.<\/strong><\/p>\n<p>Depois deste desafio, o Benfica vira aten\u00e7\u00f5es para a estreia na <strong>EHF European League<\/strong>, competi\u00e7\u00e3o europeia que arranca na pr\u00f3xima ter\u00e7a-feira, 14 de outubro, \u00e0s 17h45 (hora de Portugal continental), frente aos alem\u00e3es do <strong>MT Melsungen<\/strong>, na <strong>Rothenbach Halle<\/strong>.<\/p>\n<p>No plano interno, o pr\u00f3ximo compromisso dos encarnados \u00e9 na Madeira, frente ao <strong>Mar\u00edtimo SAD<\/strong>, na 8.\u00aa jornada do Campeonato Nacional, agendada para <strong>sexta-feira, 17 de outubro, \u00e0s 18h00<\/strong>, no <strong>Pavilh\u00e3o CS Mar\u00edtimo<\/strong>.<\/p>\n<p><strong>DECLARA\u00c7\u00d5ES<\/strong><\/p>\n<p><strong>Jota Gonz\u00e1lez (treinador do Benfica):<\/strong> &#8220;A defesa e a baliza funcionaram bastante bem. Acho que foi o nosso ponto forte. Foi ao contr\u00e1rio dos jogos anteriores, em que estivemos a um grande n\u00edvel no ataque. \u00c9ramos a equipa mais goleadora do Campeonato, a que mais golos marcava. E hoje foi um pouco ao contr\u00e1rio. Estivemos muito apagados no ataque. Falh\u00e1mos remates muito claros. Perdemos bolas que n\u00e3o dev\u00edamos ter perdido. Mas acho que tamb\u00e9m \u00e9 algo de que temos de aprender, e temos de tentar aproveitar as nossas oportunidades, as superioridades, para quebrar o jogo.&#8221;<\/p>\n<p><img decoding=\"async\" src=\"https:\/\/www.europesays.com\/pt\/wp-content\/uploads\/2025\/10\/jota-gonzalez-1-thumbnail.jpg\" alt=\"Andebol Benfica\" width=\"926px\" height=\"522px\"\/><\/p>\n<tr>\n<td style=\"background-color: #f2f2f2!important;\" colspan=\"3\"><strong>Campeonato Nacional (1.\u00aa fase) | 7.\u00aa jornada | 11\/10\/2025<\/strong><\/td>\n<\/tr>\n<tr style=\"background-color: #ffffff;\">\n<td style=\"font-size: 25px !important; font-weight: 500; padding: 0 0 20px;\" colspan=\"3\">Benfica-\u00c1guas Santas<br \/>26-22<br \/>Pavilh\u00e3o n.\u00ba 2 da Luz<\/td>\n<\/tr>\n<tr>\n<td style=\"background-color: #f2f2f2!important;\" colspan=\"3\"><strong>Forma\u00e7\u00e3o inicial do Benfica<\/strong><\/td>\n<\/tr>\n<tr>\n<td style=\"padding: 15px 20px;\" colspan=\"3\">\u00a0Gustavo Capdeville, B\u00e9lone Moreira, Ander Izquierdo, Miguel S\u00e1nchez, Mikita Vailupau, Pau Oliveras e Alexis Borges<\/td>\n<\/tr>\n<tr>\n<td style=\"background-color: #f2f2f2!important;\" colspan=\"3\"><strong>Suplentes<\/strong><\/td>\n<\/tr>\n<tr>\n<td style=\"padding: 15px 20px;\" colspan=\"3\">Gabriel Cavalcanti, Stiven Valencia, Alejandro Barbeito, Rangel da Rosa, F\u00e1bio Silva, Aldo Pagliotta, El Korchi, Reinier Taboada e Javi Rodr\u00edguez\u00a0<\/td>\n<\/tr>\n<tr>\n<td style=\"background-color: #f2f2f2!important;\" colspan=\"3\"><strong>Treinador do Benfica<\/strong><\/td>\n<\/tr>\n<tr>\n<td style=\"padding: 15px 20px;\" colspan=\"3\">Jota Gonz\u00e1lez<\/td>\n<\/tr>\n<tr>\n<td style=\"background-color: #f2f2f2!important;\" colspan=\"3\"><strong>Forma\u00e7\u00e3o inicial do \u00c1guas Santas<\/strong><\/td>\n<\/tr>\n<tr>\n<td style=\"padding: 15px 20px;\" colspan=\"3\">\u00a0Miguel Baptista, Gon\u00e7alo Silva, Nuno Queir\u00f3s, Ricardo Rocha, Pedro Portela, Pedro Peneda e Francisco Oliveira<\/td>\n<\/tr>\n<tr>\n<td style=\"background-color: #f2f2f2!important;\" colspan=\"3\"><strong>Suplentes<\/strong><\/td>\n<\/tr>\n<tr>\n<td style=\"padding: 15px 20px;\" colspan=\"3\">\u00a0Gabriel Concei\u00e7\u00e3o, Jos\u00e9 Barbosa, Bernardo P\u00eagas, Jo\u00e3o Pereira, Francisco Fontes, Diogo Ferreira, Jorge Guerra, Jo\u00e3o Carvalho e Andr\u00e9 Azevedo<\/td>\n<\/tr>\n<tr>\n<td style=\"border-right: 1px solid #f4f4f4;\" colspan=\"2\"><strong>Ao intervalo<\/strong><\/td>\n<td colspan=\"1\">15-13<\/td>\n<\/tr>\n<tr>\n<td style=\"background-color: #f2f2f2!important;\" colspan=\"3\"><strong>Marcadores do Benfica<\/strong><\/td>\n<\/tr>\n<tr>\n<td style=\"padding: 15px 20px;\" colspan=\"3\">Miguel S\u00e1nchez (4), Stiven Valencia (2), Pau Oliveras (1),\u00a0B\u00e9lone Moreira (3),\u00a0F\u00e1bio Silva (1), Ander Izquierdo (3),\u00a0El Korchi (3), Mikita Vailupau (7),\u00a0Reinier Taboada (2)<\/td>\n<\/tr>\n","protected":false},"excerpt":{"rendered":"RESUMO DO JOGO O Benfica\u00a0superou, nesta tarde de s\u00e1bado, 11 de outubro, por 26-22, o \u00c1guas Santas, em&hellip;\n","protected":false},"author":2,"featured_media":107019,"comment_status":"","ping_status":"","sticky":false,"template":"","format":"standard","meta":{"footnotes":""},"categories":[87],"tags":[135,32,33,134],"class_list":{"0":"post-107018","1":"post","2":"type-post","3":"status-publish","4":"format-standard","5":"has-post-thumbnail","7":"category-desporto","8":"tag-desporto","9":"tag-portugal","10":"tag-pt","11":"tag-sports"},"share_on_mastodon":{"url":"","error":""},"_links":{"self":[{"href":"https:\/\/www.europesays.com\/pt\/wp-json\/wp\/v2\/posts\/107018","targetHints":{"allow":["GET"]}}],"collection":[{"href":"https:\/\/www.europesays.com\/pt\/wp-json\/wp\/v2\/posts"}],"about":[{"href":"https:\/\/www.europesays.com\/pt\/wp-json\/wp\/v2\/types\/post"}],"author":[{"embeddable":true,"href":"https:\/\/www.europesays.com\/pt\/wp-json\/wp\/v2\/users\/2"}],"replies":[{"embeddable":true,"href":"https:\/\/www.europesays.com\/pt\/wp-json\/wp\/v2\/comments?post=107018"}],"version-history":[{"count":0,"href":"https:\/\/www.europesays.com\/pt\/wp-json\/wp\/v2\/posts\/107018\/revisions"}],"wp:featuredmedia":[{"embeddable":true,"href":"https:\/\/www.europesays.com\/pt\/wp-json\/wp\/v2\/media\/107019"}],"wp:attachment":[{"href":"https:\/\/www.europesays.com\/pt\/wp-json\/wp\/v2\/media?parent=107018"}],"wp:term":[{"taxonomy":"category","embeddable":true,"href":"https:\/\/www.europesays.com\/pt\/wp-json\/wp\/v2\/categories?post=107018"},{"taxonomy":"post_tag","embeddable":true,"href":"https:\/\/www.europesays.com\/pt\/wp-json\/wp\/v2\/tags?post=107018"}],"curies":[{"name":"wp","href":"https:\/\/api.w.org\/{rel}","templated":true}]}}