{"id":107024,"date":"2025-10-12T00:11:27","date_gmt":"2025-10-12T00:11:27","guid":{"rendered":"https:\/\/www.europesays.com\/pt\/107024\/"},"modified":"2025-10-12T00:11:27","modified_gmt":"2025-10-12T00:11:27","slug":"se-comes-pao-o-futuro-do-teu-pequeno-almoco-pode-mudar-em-breve","status":"publish","type":"post","link":"https:\/\/www.europesays.com\/pt\/107024\/","title":{"rendered":"Se comes p\u00e3o, o futuro do teu pequeno-almo\u00e7o pode mudar em breve"},"content":{"rendered":"<p>Portugu\u00eas que \u00e9 portugu\u00eas inclui p\u00e3o em qualquer altura do dia. H\u00e1 quem o prefira barrado com manteiga e acompanhado de um gal\u00e3o ao pequeno-almo\u00e7o, quem n\u00e3o dispense uma carca\u00e7a para molhar no ovo a cavalo do bitoque ao almo\u00e7o e quem tenha sempre p\u00e3o para completar a sopa ao jantar.<\/p>\n<p>O p\u00e3o est\u00e1 presente na nossa vida h\u00e1 s\u00e9culos e apesar de nos \u00faltimos anos ter come\u00e7ado a ser questionado por alguns, as novas variedades voltaram a dar-lhe protagonismo como \u00e9 o caso do p\u00e3o de massa m\u00e3e e ou de trigo barbela. Agora, a Auchan acaba de apresentar um novo p\u00e3o, o p\u00e3o de\u00a0kombucha, uma novidade no palco do Future Taste de outubro da Auchan.\u00a0\u00a0<\/p>\n<p>  <img loading=\"lazy\" decoding=\"async\" alt=\"\" height=\"299\" src=\"https:\/\/www.europesays.com\/pt\/wp-content\/uploads\/2025\/10\/68e8b95bd34ee0c2fed1178c.webp\" width=\"400\"\/> <\/p>\n<p>    P\u00e3o kombucha | Fotografia: Auchan.pt <\/p>\n<p>A kombucha, uma bebida fermentada que se tornou popular nos \u00faltimos anos, pode ser inclu\u00edda na confe\u00e7\u00e3o de p\u00e3o, tendo como objetivo transformar desde a textura at\u00e9 ao aroma.\u00a0Para al\u00e9m do mais, a kombucha usada \u00e9 infundida com ch\u00e1 verde, alecrim e segurelha, o que d\u00e1 ao p\u00e3o um toque herbal e fresco, com uma acidez subtil que o torna viciante. A c\u00f4dea dourada, intensa e crocante completa a nova tenta\u00e7\u00e3o.\u00a0<\/p>\n<p>O resultado \u00e9 um p\u00e3o com uma miga leve e el\u00e1stica, nascido de uma fermenta\u00e7\u00e3o lenta e natural, e gra\u00e7as aos \u00e1cidos org\u00e2nicos da kombucha, mant\u00e9m-se fresco por mais tempo sem precisar de\u00a0corantes ou conservantes artificiais.\u00a0<\/p>\n<p>O\u00a0<a href=\"https:\/\/www.auchan.pt\/pt\/produtos-frescos\/padaria\/pao-fresco-e-broa\/pao-kombucha-500g\/3939476.html\" target=\"_blank\" rel=\"nofollow noopener\">p\u00e3o kombucha<\/a>, feito com farinha de trigo integral, est\u00e1 \u00e0 venda na Auchan por \u20ac5.98\/Kg.\u00a0<\/p>\n","protected":false},"excerpt":{"rendered":"Portugu\u00eas que \u00e9 portugu\u00eas inclui p\u00e3o em qualquer altura do dia. H\u00e1 quem o prefira barrado com manteiga&hellip;\n","protected":false},"author":2,"featured_media":107025,"comment_status":"","ping_status":"","sticky":false,"template":"","format":"standard","meta":{"footnotes":""},"categories":[83],"tags":[25609,1081,88,204,89,90,754,25610,186,1079,4881,32,33,1078,1080],"class_list":{"0":"post-107024","1":"post","2":"type-post","3":"status-publish","4":"format-standard","5":"has-post-thumbnail","7":"category-empresas","8":"tag-auchan","9":"tag-beleza","10":"tag-business","11":"tag-design","12":"tag-economy","13":"tag-empresas","14":"tag-gastronomia","15":"tag-kombucha","16":"tag-lifestyle","17":"tag-moda","18":"tag-pao","19":"tag-portugal","20":"tag-pt","21":"tag-versa","22":"tag-viagens"},"share_on_mastodon":{"url":"","error":""},"_links":{"self":[{"href":"https:\/\/www.europesays.com\/pt\/wp-json\/wp\/v2\/posts\/107024","targetHints":{"allow":["GET"]}}],"collection":[{"href":"https:\/\/www.europesays.com\/pt\/wp-json\/wp\/v2\/posts"}],"about":[{"href":"https:\/\/www.europesays.com\/pt\/wp-json\/wp\/v2\/types\/post"}],"author":[{"embeddable":true,"href":"https:\/\/www.europesays.com\/pt\/wp-json\/wp\/v2\/users\/2"}],"replies":[{"embeddable":true,"href":"https:\/\/www.europesays.com\/pt\/wp-json\/wp\/v2\/comments?post=107024"}],"version-history":[{"count":0,"href":"https:\/\/www.europesays.com\/pt\/wp-json\/wp\/v2\/posts\/107024\/revisions"}],"wp:featuredmedia":[{"embeddable":true,"href":"https:\/\/www.europesays.com\/pt\/wp-json\/wp\/v2\/media\/107025"}],"wp:attachment":[{"href":"https:\/\/www.europesays.com\/pt\/wp-json\/wp\/v2\/media?parent=107024"}],"wp:term":[{"taxonomy":"category","embeddable":true,"href":"https:\/\/www.europesays.com\/pt\/wp-json\/wp\/v2\/categories?post=107024"},{"taxonomy":"post_tag","embeddable":true,"href":"https:\/\/www.europesays.com\/pt\/wp-json\/wp\/v2\/tags?post=107024"}],"curies":[{"name":"wp","href":"https:\/\/api.w.org\/{rel}","templated":true}]}}