{"id":107026,"date":"2025-10-12T00:12:09","date_gmt":"2025-10-12T00:12:09","guid":{"rendered":"https:\/\/www.europesays.com\/pt\/107026\/"},"modified":"2025-10-12T00:12:09","modified_gmt":"2025-10-12T00:12:09","slug":"haka-improvisada-interrompe-sessao-no-parlamento-da-nova-zelandia","status":"publish","type":"post","link":"https:\/\/www.europesays.com\/pt\/107026\/","title":{"rendered":"Haka improvisada interrompe sess\u00e3o no Parlamento da Nova Zel\u00e2ndia"},"content":{"rendered":"<p>O presidente do Parlamento da Nova Zel\u00e2ndia decidiu interromper uma sess\u00e3o parlamentar, na quinta-feira, depois de um grupo de pessoas que estava nas tribunas para ouvir o discurso da rec\u00e9m-eleita deputada maori (povo ind\u00edgena do pa\u00eds), Oriini Kaipara, ter come\u00e7ado um haka &#8211; dan\u00e7a tradicional destinada a impressionar ou intimidar oponentes.<\/p>\n<p data-remotead-prev-elm=\"true\" data-remotead-elm-id=\"inread\">Depois do discurso da parlamentar, os membros da comunidade maori que se encontravam nas bancadas iniciaram um haka, juntamente com Oriini Kaipara, do Te Pati Maori, um partido de Esquerda que advoga pela defesa dos direitos do povo ind\u00edgena. &#8220;N\u00e3o, isso n\u00e3o! A garantia era de que isso n\u00e3o aconteceria&#8221;, afirmou o presidente do Parlamento, Gerry Brownlee, antes de anunciar a suspens\u00e3o da sess\u00e3o.<\/p>\n<blockquote class=\"twitter-tweet\" data-media-max-width=\"560\">\n<p>NEW: New Zealand parliament suspended after an unplanned haka broke out following newly elected PM Te Pati Maori&#8217;s Oriini Kaipara&#8217;s speech.<\/p>\n<p>Kaipara: \u270b \u200d<\/p>\n<p>Speaker of the House Gerry Brownlee: &#8220;No, not that. The guarantee was that would not be taking place&#8230; Unreal.&#8221;<\/p>\n<p>Kaipara:&#8230; <a href=\"https:\/\/t.co\/36YMOJUhyH\" rel=\"nofollow\">pic.twitter.com\/36YMOJUhyH<\/a><\/p>\n<p>&#8211; Collin Rugg (@CollinRugg) <a href=\"https:\/\/twitter.com\/CollinRugg\/status\/1976430247282343964?ref_src=twsrc%5Etfw\" rel=\"nofollow noopener\" target=\"_blank\">October 9, 2025<\/a><\/p><\/blockquote>\n<p>Um momento semelhante j\u00e1 havia sucedido <a href=\"https:\/\/www.jn.pt\/mundo\/artigo\/deputados-maori-dancam-haka-no-parlamento-neozelandes-em-protesto-contra-projeto-de-lei\/17831971\" target=\"_blank\" rel=\"nofollow noopener\">em novembro de 2024<\/a>, quando a bancada dos deputados maoris iniciou um haka em protesto contra um projeto de lei que amea\u00e7ava alterar um tratado com 184 anos entre a Coroa brit\u00e2nica e os ind\u00edgenas.<\/p>\n<p data-remotead-prev-elm=\"true\" data-remotead-elm-id=\"centro1\">O Haka &#8211; que na l\u00edngua nativa signfica &#8220;dan\u00e7a&#8221; &#8211; \u00e9 uma dan\u00e7a t\u00edpica do povo maori, usada normalmente como protesto e defesa dos povos maori. Tradicionalmente, o haka, que tem uma forte componente vocal e teatral, era utilizado tanto para dar as boas-vindas a tribos vizinhas como por guerreiros antes de batalhas contra inimigos. Atualmente, \u00e9 utilizado em algumas ocasi\u00f5es dentro da pol\u00edtica da Nova Zel\u00e2ndia como forma de reafirma\u00e7\u00e3o do Partido Maori.<\/p>\n<p><script async src=\"https:\/\/platform.twitter.com\/widgets.js\" charset=\"utf-8\"><\/script><\/p>\n","protected":false},"excerpt":{"rendered":"O presidente do Parlamento da Nova Zel\u00e2ndia decidiu interromper uma sess\u00e3o parlamentar, na quinta-feira, depois de um grupo&hellip;\n","protected":false},"author":2,"featured_media":107027,"comment_status":"","ping_status":"","sticky":false,"template":"","format":"standard","meta":{"footnotes":""},"categories":[50],"tags":[27,28,15,16,25611,14,25,26,21,22,62,12,13,19,20,3847,23,24,17,18,29,30,31,63,64,65],"class_list":{"0":"post-107026","1":"post","2":"type-post","3":"status-publish","4":"format-standard","5":"has-post-thumbnail","7":"category-mundo","8":"tag-breaking-news","9":"tag-breakingnews","10":"tag-featured-news","11":"tag-featurednews","12":"tag-haka","13":"tag-headlines","14":"tag-latest-news","15":"tag-latestnews","16":"tag-main-news","17":"tag-mainnews","18":"tag-mundo","19":"tag-news","20":"tag-noticias","21":"tag-noticias-principais","22":"tag-noticiasprincipais","23":"tag-nova-zelandia","24":"tag-principais-noticias","25":"tag-principaisnoticias","26":"tag-top-stories","27":"tag-topstories","28":"tag-ultimas","29":"tag-ultimas-noticias","30":"tag-ultimasnoticias","31":"tag-world","32":"tag-world-news","33":"tag-worldnews"},"share_on_mastodon":{"url":"","error":""},"_links":{"self":[{"href":"https:\/\/www.europesays.com\/pt\/wp-json\/wp\/v2\/posts\/107026","targetHints":{"allow":["GET"]}}],"collection":[{"href":"https:\/\/www.europesays.com\/pt\/wp-json\/wp\/v2\/posts"}],"about":[{"href":"https:\/\/www.europesays.com\/pt\/wp-json\/wp\/v2\/types\/post"}],"author":[{"embeddable":true,"href":"https:\/\/www.europesays.com\/pt\/wp-json\/wp\/v2\/users\/2"}],"replies":[{"embeddable":true,"href":"https:\/\/www.europesays.com\/pt\/wp-json\/wp\/v2\/comments?post=107026"}],"version-history":[{"count":0,"href":"https:\/\/www.europesays.com\/pt\/wp-json\/wp\/v2\/posts\/107026\/revisions"}],"wp:featuredmedia":[{"embeddable":true,"href":"https:\/\/www.europesays.com\/pt\/wp-json\/wp\/v2\/media\/107027"}],"wp:attachment":[{"href":"https:\/\/www.europesays.com\/pt\/wp-json\/wp\/v2\/media?parent=107026"}],"wp:term":[{"taxonomy":"category","embeddable":true,"href":"https:\/\/www.europesays.com\/pt\/wp-json\/wp\/v2\/categories?post=107026"},{"taxonomy":"post_tag","embeddable":true,"href":"https:\/\/www.europesays.com\/pt\/wp-json\/wp\/v2\/tags?post=107026"}],"curies":[{"name":"wp","href":"https:\/\/api.w.org\/{rel}","templated":true}]}}