{"id":107036,"date":"2025-10-12T00:20:12","date_gmt":"2025-10-12T00:20:12","guid":{"rendered":"https:\/\/www.europesays.com\/pt\/107036\/"},"modified":"2025-10-12T00:20:12","modified_gmt":"2025-10-12T00:20:12","slug":"devolucao-de-criancas-adotadas-e-tema-de-documentario","status":"publish","type":"post","link":"https:\/\/www.europesays.com\/pt\/107036\/","title":{"rendered":"Devolu\u00e7\u00e3o de crian\u00e7as adotadas \u00e9 tema de document\u00e1rio"},"content":{"rendered":"<p>A devolu\u00e7\u00e3o de crian\u00e7as adotadas \u00e9 tema do document\u00e1rio E se voc\u00ea n\u00e3o me quiser?, ainda\u00a0em produ\u00e7\u00e3o. <strong>O roteiro trata de quest\u00f5es sobre ado\u00e7\u00f5es interrompidas e as dificuldades de uma nova ado\u00e7\u00e3o ap\u00f3s a devolu\u00e7\u00e3o. As filmagens iniciaram neste m\u00eas, no Rio de Janeiro e em Curitiba. A previs\u00e3o de lan\u00e7amento \u00e9 no primeiro semestre de 2026.<\/strong><img decoding=\"async\" src=\"https:\/\/www.europesays.com\/pt\/wp-content\/uploads\/2025\/10\/1760228410_661_ebc.png\" style=\"width:1px; height:1px; display:inline;\"\/><img decoding=\"async\" src=\"https:\/\/www.europesays.com\/pt\/wp-content\/uploads\/2025\/10\/1760228410_151_ebc.gif\" style=\"width:1px; height:1px; display:inline;\"\/><\/p>\n<p>A ideia do filme nasceu em 2011, quando produtor Eliton Oliveira leu uma reportagem sobre devolu\u00e7\u00f5es de crian\u00e7as. Ao longo dos anos, pesquisou o tema e ouviu especialistas \u2013 m\u00e9dicos, psic\u00f3logos, advogados e representantes de conselhos tutelares \u2013 at\u00e9 chegar \u00e0s hist\u00f3rias que comp\u00f5em o document\u00e1rio.<\/p>\n<p>No Rio, onde as filmagens j\u00e1 foram iniciadas, o filme narra as trajet\u00f3rias de Bruno e Pedro. Bruno viveu nas ruas com a m\u00e3e antes de ser levado a um abrigo, foi adotado e devolvido, at\u00e9 conseguir uma segunda chance. J\u00e1 Pedro foi adotado por um casal de mulheres, mas a aus\u00eancia da figura paterna que ele idealizava tornou a adapta\u00e7\u00e3o dolorosa e cheia de traumas e ele pediu para ser devolvido.<\/p>\n<blockquote>\n<p>\u201cA nossa hist\u00f3ria principal est\u00e1 em Vargem Grande, no Rio. \u00c9 a hist\u00f3ria do Bruno. Ele tinha uma m\u00e3e usu\u00e1ria de drogas e alc\u00f3olatra. Fugiu por maus-tratos. Viveu num abrigo por nove meses e tomou a decis\u00e3o de ser adotado. A primeira fam\u00edlia n\u00e3o conseguiu lidar com toda a carga dele e o devolveu\u201d, conta a diretora do document\u00e1rio Ana Azevedo.<\/p>\n<\/blockquote>\n<p>De acordo com a cineasta, \u201cnove meses depois, ele \u00e9 adotado por um casal, a Tati e o Rog\u00e9rio, que tamb\u00e9m s\u00e3o nossos protagonistas. Ele era um menino muito agressivo, que explodia com muita facilidade. Eles contaram diversos casos do que aconteceu, de destruir a casa inteira, de se machucar, v\u00e1rios epis\u00f3dios de viol\u00eancia. Eles contam como foi dif\u00edcil, mas eles o viam como filho. Eles conseguiram lidar com essa bagagem dele.\u201d<\/p>\n<p>            <img decoding=\"async\" src=\"https:\/\/www.europesays.com\/pt\/wp-content\/uploads\/2025\/08\/loading_v2.gif\" data-echo=\"https:\/\/imagens.ebc.com.br\/XWEYv_mlQvMLf-bK4rYBy-8MZEU=\/754x0\/smart\/https:\/\/agenciabrasil.ebc.com.br\/sites\/default\/files\/thumbnails\/image\/2025\/10\/08\/e_se_voce_nao_me_quiser03.jpg?itok=vNX3K-YB\" alt=\"Rio de Janeiro (RJ), 08\/10\/2025 \u2013 Filmagem do document\u00e1rio E se voc\u00ea n\u00e3o me quiser?&#13;&#10;Foto: E se voc\u00ea n\u00e3o me quiser\/Divulga\u00e7\u00e3o\" title=\"E se voc\u00ea n\u00e3o me quiser\/Divulga\u00e7\u00e3o\"\/><\/p>\n<p>Rio de Janeiro (RJ), 08\/10\/2025 \u2013 Filmagem do document\u00e1rio E se voc\u00ea n\u00e3o me quiser? Foto: E se voc\u00ea n\u00e3o me quiser\/Divulga\u00e7\u00e3o &#8211; <strong>E se voc\u00ea n\u00e3o me quiser\/Divulga\u00e7\u00e3o<\/strong><\/p>\n<p>Fam\u00edlias n\u00e3o preparadas<\/p>\n<p>Para Ana Azevedo, o processo de ado\u00e7\u00e3o \u00e9 visto de forma parcial. \u201cS\u00f3 se fala da parte bonita, de uma fam\u00edlia que se abre, mas a gente n\u00e3o fala de que essa fam\u00edlia tem que estar muito preparada para receber qualquer crian\u00e7a. Quando a fam\u00edlia n\u00e3o est\u00e1 preparada, a gente tem esses casos de devolu\u00e7\u00e3o. Queremos despertar esse debate para que as pessoas que tomam essa decis\u00e3o saibam o que elas v\u00e3o ter que enfrentar.\u201d<\/p>\n<p><strong>A diretora alerta para a responsabilidade de quem adota, pois a devolu\u00e7\u00e3o de uma crian\u00e7a por falta de adapta\u00e7\u00e3o ao conv\u00edvio familiar pode trazer s\u00e9rias consequ\u00eancias. \u00a0<\/strong><\/p>\n<blockquote>\n<p>\u201cAs crian\u00e7as v\u00eam com uma bagagem gigantesca. Se fam\u00edlia a devolve, isso causa traumas ainda maiores. Geralmente s\u00e3o crian\u00e7as um pouco maiores v\u00eam da periferia, t\u00eam hist\u00f3rico de abuso, com uma fam\u00edlia que a negligenciava,\u201d explicou Ana.<\/p>\n<\/blockquote>\n<p>Situa\u00e7\u00f5es como as retratadas pelo document\u00e1rio, foram contabilizadas pelo Conselho Nacional de Justi\u00e7a (CNJ). De cada 100 crian\u00e7as adotadas no Brasil, cerca de nove t\u00eam o processo de ado\u00e7\u00e3o desfeito, conforme o <a href=\"https:\/\/agenciabrasil.ebc.com.br\/radioagencia-nacional\/direitos-humanos\/audio\/2024-11\/nove-cada-100-criancas-adotadas-no-brasil-sao-devolvidas-aponta-cnj\" target=\"_blank\" rel=\"nofollow noopener\">Sistema Nacional de Ado\u00e7\u00e3o e Acolhimento <\/a>mantido pelo conselho.<\/p>\n<p>No total, o sistema registra que 24.673 crian\u00e7as e adolescentes foram adotados no pa\u00eds desde 2019. Desse universo, 2.198 foram devolvidas a institui\u00e7\u00f5es de acolhimento (8,9%).<\/p>\n<p>Excepcional e irrevog\u00e1vel<\/p>\n<p>Apesar de a ado\u00e7\u00e3o ser considerada \u201cmedida excepcional e irrevog\u00e1vel\u201d, conforme o Estatuto da Crian\u00e7a e do Adolescente (ECA), juizados de inf\u00e2ncia acabam por atender a pedidos de devolu\u00e7\u00e3o para que a crian\u00e7a ou adolescente n\u00e3o fiquem expostos a maus-tratos, abusos, humilha\u00e7\u00f5es, indiferen\u00e7a e descaso na fam\u00edlia que quer desistir de sua ado\u00e7\u00e3o, aponta o \u201cDiagn\u00f3stico sobre a devolu\u00e7\u00e3o de crian\u00e7as e adolescentes em est\u00e1gio de conviv\u00eancia e adotadas\u201d, publicado em 2024 pelo CNJ e pela Associa\u00e7\u00e3o Brasileira de Jurimetria (ABJ).<\/p>\n<blockquote>\n<p>\u201cA devolu\u00e7\u00e3o de crian\u00e7as adotadas, embora seja uma ocorr\u00eancia relativamente rara, levanta quest\u00f5es importantes sobre o processo de ado\u00e7\u00e3o e a prepara\u00e7\u00e3o dos pais adotivos. Diversos fatores, incluindo as caracter\u00edsticas das crian\u00e7as, a din\u00e2mica familiar e as expectativas dos pais adotivos podem influenciar a decis\u00e3o de devolver uma crian\u00e7a. Al\u00e9m disso, as varia\u00e7\u00f5es regionais e a efic\u00e1cia das equipes de ado\u00e7\u00e3o tamb\u00e9m podem desempenhar papel significativo\u201d, descreve o documento.<\/p>\n<\/blockquote>\n<p>Ainda segundo o estudo, \u201ceste fen\u00f4meno aponta para a necessidade de abordagem mais abrangente no processo de ado\u00e7\u00e3o, que envolva n\u00e3o apenas a prepara\u00e7\u00e3o e o acompanhamento cont\u00ednuo dos pais adotivos, mas tamb\u00e9m um sistema de suporte robusto para as crian\u00e7as antes, durante e ap\u00f3s o processo de ado\u00e7\u00e3o.\u201d<\/p>\n<p>Fim da ado\u00e7\u00e3o<\/p>\n<p>Apesar de considerar a ado\u00e7\u00e3o \u201cexcepcional e irrevog\u00e1vel\u201d, o ECA prev\u00ea que a ado\u00e7\u00e3o pode ser abolida \u201cquando esgotados os recursos de manuten\u00e7\u00e3o da crian\u00e7a ou adolescente na fam\u00edlia natural ou extensa.\u201d<\/p>\n<p>O estudo do CNJ e da ABJ traz informa\u00e7\u00f5es sobre as raz\u00f5es para a devolu\u00e7\u00e3o. <strong>\u201cAs entrevistas com as pessoas que devolveram mostram que diagn\u00f3sticos psiqui\u00e1tricos, o uso cont\u00ednuo de medicamentos e outras quest\u00f5es psicol\u00f3gicas da crian\u00e7a contribu\u00edram para a descontinuidade do processo. Eles alegam que n\u00e3o estavam preparados para lidar com a situa\u00e7\u00e3o e esse fator tamb\u00e9m contribuiu para a dificuldade da cria\u00e7\u00e3o de v\u00ednculos\u201d, anota o relat\u00f3rio.<\/strong><\/p>\n<p>O diagn\u00f3stico alerta para os efeitos na sa\u00fade psicol\u00f3gica emocional das crian\u00e7as e adolescentes sa\u00eddas de uma ado\u00e7\u00e3o desfeita. \u201cAl\u00e9m dos impactos que a devolu\u00e7\u00e3o causa na forma\u00e7\u00e3o da subjetividade e da individualidade de cada um, ainda foram constatados manifesta\u00e7\u00f5es como: sentimentos de culpa, tristeza e baixa autoestima; agressividade e outros rea\u00e7\u00f5es comportamentais que geram conviv\u00eancias conflituosas; dificuldade de vincula\u00e7\u00e3o; e desenvolvimento de transtornos psicol\u00f3gicos, como depress\u00e3o, transtorno de estresse p\u00f3s-traum\u00e1tico e outros.\u201d<\/p>\n","protected":false},"excerpt":{"rendered":"A devolu\u00e7\u00e3o de crian\u00e7as adotadas \u00e9 tema do document\u00e1rio E se voc\u00ea n\u00e3o me quiser?, ainda\u00a0em produ\u00e7\u00e3o. O&hellip;\n","protected":false},"author":2,"featured_media":107037,"comment_status":"","ping_status":"","sticky":false,"template":"","format":"standard","meta":{"footnotes":""},"categories":[140],"tags":[114,115,147,148,146,32,33],"class_list":{"0":"post-107036","1":"post","2":"type-post","3":"status-publish","4":"format-standard","5":"has-post-thumbnail","7":"category-filmes","8":"tag-entertainment","9":"tag-entretenimento","10":"tag-film","11":"tag-filmes","12":"tag-movies","13":"tag-portugal","14":"tag-pt"},"share_on_mastodon":{"url":"","error":""},"_links":{"self":[{"href":"https:\/\/www.europesays.com\/pt\/wp-json\/wp\/v2\/posts\/107036","targetHints":{"allow":["GET"]}}],"collection":[{"href":"https:\/\/www.europesays.com\/pt\/wp-json\/wp\/v2\/posts"}],"about":[{"href":"https:\/\/www.europesays.com\/pt\/wp-json\/wp\/v2\/types\/post"}],"author":[{"embeddable":true,"href":"https:\/\/www.europesays.com\/pt\/wp-json\/wp\/v2\/users\/2"}],"replies":[{"embeddable":true,"href":"https:\/\/www.europesays.com\/pt\/wp-json\/wp\/v2\/comments?post=107036"}],"version-history":[{"count":0,"href":"https:\/\/www.europesays.com\/pt\/wp-json\/wp\/v2\/posts\/107036\/revisions"}],"wp:featuredmedia":[{"embeddable":true,"href":"https:\/\/www.europesays.com\/pt\/wp-json\/wp\/v2\/media\/107037"}],"wp:attachment":[{"href":"https:\/\/www.europesays.com\/pt\/wp-json\/wp\/v2\/media?parent=107036"}],"wp:term":[{"taxonomy":"category","embeddable":true,"href":"https:\/\/www.europesays.com\/pt\/wp-json\/wp\/v2\/categories?post=107036"},{"taxonomy":"post_tag","embeddable":true,"href":"https:\/\/www.europesays.com\/pt\/wp-json\/wp\/v2\/tags?post=107036"}],"curies":[{"name":"wp","href":"https:\/\/api.w.org\/{rel}","templated":true}]}}