{"id":107038,"date":"2025-10-12T00:21:10","date_gmt":"2025-10-12T00:21:10","guid":{"rendered":"https:\/\/www.europesays.com\/pt\/107038\/"},"modified":"2025-10-12T00:21:10","modified_gmt":"2025-10-12T00:21:10","slug":"mais-um-monumento-historico-para-o-monumento-pogacar-observador","status":"publish","type":"post","link":"https:\/\/www.europesays.com\/pt\/107038\/","title":{"rendered":"Mais um monumento hist\u00f3rico para o monumento Pogacar \u2013 Observador"},"content":{"rendered":"<p>Recuemos um ano. Apenas um ano. Quando ganhou Volta \u00e0 Catalunha, cl\u00e1ssica Li\u00e8ge-Bastogne-Li\u00e8ge, Giro, Tour, Grand Prix de Montreal, Campeonato do Mundo, Giro dell\u2019Emilia e Volta \u00e0 Lombardia em 2024, havia duas certezas quase inabal\u00e1veis: Tadej Pogacar \u00e9 de longe o melhor da atualidade mas dificilmente poderia fazer uma temporada mais conseguida apesar de ter dispensado, por op\u00e7\u00e3o pr\u00f3pria, os Jogos Ol\u00edmpicos de Paris (apontando logo para Los Angeles em 2028 para ir buscar a \u201csua\u201d medalha). O esloveno de 27 anos concordou com a primeira ideia mas quis desafiar a segunda. <strong>Quis e conseguiu.<\/strong> Agora era o \u00faltimo cap\u00edtulo, de tal forma que mesmo que n\u00e3o vencesse a Volta \u00e0 Lombardia teria cumprido todos os objetivos.<\/p>\n<blockquote class=\"wp-embedded-content\" data-secret=\"bbrJijGJJj\">\n<p><a href=\"https:\/\/observador.pt\/2025\/10\/05\/a-europa-e-pequena-para-quem-voa-sobre-o-inferno-em-busca-da-eternidade-pogacar-vence-europeus-pela-primeira-vez-com-solo-de-75-quilometros\/\" rel=\"nofollow noopener\" target=\"_blank\">A Europa \u00e9 pequena para quem voa sobre o Inferno em busca da eternidade: Pogacar vence Europeus pela primeira vez com solo de 75 quil\u00f3metros<\/a><\/p>\n<\/blockquote>\n<p>Com um calend\u00e1rio diferente daquele que tivera em 2024, abdicando do Giro e depois da Vuelta para poder andar em mais cl\u00e1ssicas e chegar da melhor forma \u00e0 fase final da \u00e9poca, Pogacar come\u00e7ou por conquistar de forma natural a Volta aos Emirados \u00c1rabes Unidos <strong>antes de come\u00e7ar cl\u00e1ssicas:<\/strong> ganhou a Strade Bianche, ficou em terceiro na Mil\u00e3o-Sanremo (triunfo de Mathieu van der Poel), ganhou a Volta a Flandres, acabou em segundo na Paris-Roubaix (vit\u00f3ria de Van der Poel) e na Amstel Gold Race (triunfo de Mattias Skjelmose), ganhou a\u00a0Fl\u00e8che Wallonne e a Li\u00e8ge-Bastogne-Li\u00e8ge. Seguiram-se os sucessos no Crit\u00e9rio du Dauphin\u00e9 e no Tour, uma segunda posi\u00e7\u00e3o no Grand Prix de Montreal \u201ccedendo\u201d o triunfo ao companheiro Brandon McNulty e <a href=\"https:\/\/observador.pt\/2025\/10\/05\/a-europa-e-pequena-para-quem-voa-sobre-o-inferno-em-busca-da-eternidade-pogacar-vence-europeus-pela-primeira-vez-com-solo-de-75-quilometros\/\" rel=\"nofollow noopener\" target=\"_blank\">as vit\u00f3rias no Campeonato do Mundo e no Campeonato da Europa<\/a> depois de uma prova de contrarrel\u00f3gio no mundial onde at\u00e9 foi dobrado por Remco Evenepoel. <strong>Um \u201canimal\u201d competitivo.<\/strong><\/p>\n<blockquote class=\"twitter-tweet\" data-width=\"500\" data-dnt=\"true\">\n<p lang=\"it\" dir=\"ltr\">TADEJ TI AMO!<\/p>\n<p>The crowd goes crazy for the Slovenian champion \u2013 will he make history today?<\/p>\n<p>La folla impazzisce per il campione sloveno \u2013 riuscir\u00e0 oggi a entrare nella leggenda?<a href=\"https:\/\/twitter.com\/hashtag\/ILombardia?src=hash&amp;ref_src=twsrc%5Etfw\" rel=\"nofollow noopener\" target=\"_blank\">#ILombardia<\/a> presented by <a href=\"https:\/\/twitter.com\/CA_Ita?ref_src=twsrc%5Etfw\" rel=\"nofollow noopener\" target=\"_blank\">@CA_Ita<\/a> <a href=\"https:\/\/t.co\/YXdwuj5JRk\" rel=\"nofollow\">pic.twitter.com\/YXdwuj5JRk<\/a><\/p>\n<p>\u2014 Il Lombardia (@Il_Lombardia) <a href=\"https:\/\/twitter.com\/Il_Lombardia\/status\/1976932236890194229?ref_src=twsrc%5Etfw\" rel=\"nofollow noopener\" target=\"_blank\">October 11, 2025<\/a><\/p>\n<\/blockquote>\n<p>E se para muitos a temporada j\u00e1 chegou ao fim, para o esloveno havia mais para cumprir. Logo \u00e0 cabe\u00e7a, uma promessa: depois de todos os esfor\u00e7os da organiza\u00e7\u00e3o para ter Tadej Pogacar na Tr\u00eas Vales Varesinos do ano passado que acabou por n\u00e3o realizar-se pelas complicadas condi\u00e7\u00f5es climat\u00e9ricas, o l\u00edder da UAE Emirates garantiu que estaria presente em 2025 e deu espect\u00e1culo com mais um ataque a 21 quil\u00f3metros do final que teve como \u00fanica diferen\u00e7a ter sido numa descida e n\u00e3o a subir. <strong>Seguia-se o \u00faltimo monumento do ano,<\/strong> numa fase em que Mathieu van der Poel (Mil\u00e3o-Sanremo e Paris-Roubaix) e Tadej Pogacar (Volta a Flandres e Li\u00e8ge-Bastogne-Li\u00e8ge) dividiam os quatro triunfos anteriores mas havia muita concorr\u00eancia na luta.<\/p>\n<blockquote class=\"twitter-tweet\" data-width=\"500\" data-dnt=\"true\">\n<p lang=\"it\" dir=\"ltr\">Get ready for the ultimate season finale \u2728 The route of Il Lombardia presented by <a href=\"https:\/\/twitter.com\/CA_Ita?ref_src=twsrc%5Etfw\" rel=\"nofollow noopener\" target=\"_blank\">@CA_Ita<\/a>  is here!<br \/>.<br \/>Pronti al gran finale di stagione \u2728 Ecco il percorso de Il Lombardia presented by <a href=\"https:\/\/twitter.com\/CA_Ita?ref_src=twsrc%5Etfw\" rel=\"nofollow noopener\" target=\"_blank\">@CA_Ita<\/a> 2025!<a href=\"https:\/\/twitter.com\/hashtag\/ILombardia?src=hash&amp;ref_src=twsrc%5Etfw\" rel=\"nofollow noopener\" target=\"_blank\">#ILombardia<\/a> <a href=\"https:\/\/t.co\/9opmk6l7fQ\" rel=\"nofollow\">pic.twitter.com\/9opmk6l7fQ<\/a><\/p>\n<p>\u2014 Il Lombardia (@Il_Lombardia) <a href=\"https:\/\/twitter.com\/Il_Lombardia\/status\/1967989329860653208?ref_src=twsrc%5Etfw\" rel=\"nofollow noopener\" target=\"_blank\">September 16, 2025<\/a><\/p>\n<\/blockquote>\n<p>Com Jonas Vingegaard j\u00e1 de f\u00e9rias no Jap\u00e3o depois do triunfo na Vuelta e de uma passagem discreta pelos Europeus, e com Florian Lipowitz e Giulio Ciccone a ficarem tamb\u00e9m de fora, Pogacar continuava a ter na sombra nomes como Remco Evenepoel, Thomas Pidcock, Primoz Roglic,\u00a0Oscar Onley,\u00a0Christian Scaroni, Romain Gr\u00e9goire,\u00a0Mattias Skjelmose, Ben Healy ou Paul Seixas, cada vez mais apontado como a promessa francesa (com sangue portugu\u00eas) que poder\u00e1 desafiar o dom\u00ednio do esloveno no Tour, numa corrida que contava tamb\u00e9m com as <strong>presen\u00e7as nacionais<\/strong> de Afonso Eul\u00e1lio (Bahrain) e Rui Costa (EF Education).<\/p>\n<blockquote>\n<p>\u00c9 um dos meus grandes objetivos para este \u00faltimo bloco de competi\u00e7\u00f5es. A forma est\u00e1 c\u00e1, as pernas est\u00e3o a responder bem, a equipa est\u00e1 forte, por isso estou ansioso por competir. Esta \u00e9poca tem sido incr\u00edvel para a equipa. Sinto-me sortudo por fazer parte deste grupo especial e espero que possamos manter esse ritmo este fim de semana e no futuro\u201d, dizia Pogacar.<\/p>\n<\/blockquote>\n<p>Apesar de \u00e0s vezes parecer f\u00e1cil, era tudo menos isso: 238 quil\u00f3metros de prova, 4.400 metros acumulados, a passagem por pontos m\u00edticos do \u00faltimo monumento do ano como\u00a0a Madonna del Ghisallo, o Lago de Como, Roncola, Berbenno, o Passo della Crocetta, a\u00a0Zambla Alta, o Passo di Ganda, a chegada com\u00a0o Colle Aperto a apenas tr\u00eas quil\u00f3metros da meta. E com um extra para Pogacar: depois de ter igualado Alfredo Binda (1925, 1926, 1927 e 1931) em 2024, <strong>o esloveno podia chegar tamb\u00e9m ao m\u00edtico Fausto Coppi<\/strong> com cinco triunfos na Volta \u00e0 Lombardia, depois dos triunfos do transalpino nos anos de 1946, 1947, 1948, 1949 e 1954, tendo a seu lado nomes como Isaac del Toro, Pavel Sivakov, Domen Novak,\u00a0Jay Vine e Rafal Majka, que fazia a sua \u00faltima corrida como profissional como Louis Meintjes, Simone Petilli, Salvatore Puccio e\u00a0Pieter Serry.<\/p>\n<blockquote class=\"twitter-tweet\" data-width=\"500\" data-dnt=\"true\">\n<p lang=\"en\" dir=\"ltr\">???????? Salvatore Puccio <br \/>???????? Pieter Serry  <br \/>???????? Simone Petilli<br \/>???????? Louis Meintjes  <br \/>???????? Rafal Majka<\/p>\n<p>Thanks for the memories, and for the years you gave us. It&#8217;s been an honour.   <\/p>\n<p>For one final time, enjoy the race ???? <a href=\"https:\/\/twitter.com\/hashtag\/ILombardia?src=hash&amp;ref_src=twsrc%5Etfw\" rel=\"nofollow noopener\" target=\"_blank\">#ILombardia<\/a> presented by <a href=\"https:\/\/twitter.com\/CA_Ita?ref_src=twsrc%5Etfw\" rel=\"nofollow noopener\" target=\"_blank\">@CA_Ita<\/a> <a href=\"https:\/\/t.co\/J8POoiT8u3\" rel=\"nofollow\">pic.twitter.com\/J8POoiT8u3<\/a><\/p>\n<p>\u2014 Il Lombardia (@Il_Lombardia) <a href=\"https:\/\/twitter.com\/Il_Lombardia\/status\/1976937700113760289?ref_src=twsrc%5Etfw\" rel=\"nofollow noopener\" target=\"_blank\">October 11, 2025<\/a><\/p>\n<\/blockquote>\n<p>Ao contr\u00e1rio do que aconteceu no ano passado, e com Quinn Simmons a atacar de novo logo a abrir como foi acontecendo v\u00e1rias vezes no Tour, a fuga conseguiu formar-se e <strong>levou consigo um grupo de 14 elementos que foram liderando<\/strong> durante largos quil\u00f3metros com mais ou menos avan\u00e7o mediante o ritmo que o pelot\u00e3o quisesse ir levando:\u00a0Gal Glivar\u00a0(Alpecin-Deceuninck),\u00a0Thibault Guernalec\u00a0(Ark\u00e9a),\u00a0Pello Bilbao\u00a0(Bahrain), Filippo Ganna, Lucas Hamilton, Victor Langellotti\u00a0(Ineos),\u00a0Quinn Simmons\u00a0(Lidl Trek), Walter Calzoni (Q36.5), Louis Vervaeke\u00a0(Soudal-QuickStep),\u00a0Asbjorn Hellemose, Michael Matthews (Jayco), Bjorn\u00a0Koerdt (Picnic), Mattia Bais\u00a0(Polti VisitMalta) e Bart Lemmen\u00a0(Visma-Lease a Bike). Ainda houve uma pequena queda com nomes como Sepp Kuss ou Pellizzari, um problema com Thomas Pidcock que o levou a mudar de equipamento continuando a rodar na parte de tr\u00e1s do pelot\u00e3o, mas tudo estava estabilizado.<\/p>\n<blockquote class=\"twitter-tweet\" data-width=\"500\" data-dnt=\"true\">\n<p lang=\"en\" dir=\"ltr\">???? No time like the present for Quinn Simmons, who is the first attacker of the Classic of the Dead Leaves! <a href=\"https:\/\/twitter.com\/hashtag\/ILombardia?src=hash&amp;ref_src=twsrc%5Etfw\" rel=\"nofollow noopener\" target=\"_blank\">#ILombardia<\/a> presented by <a href=\"https:\/\/twitter.com\/CA_Ita?ref_src=twsrc%5Etfw\" rel=\"nofollow noopener\" target=\"_blank\">@CA_Ita<\/a> <a href=\"https:\/\/t.co\/hhwIgP36Kx\" rel=\"nofollow\">pic.twitter.com\/hhwIgP36Kx<\/a><\/p>\n<p>\u2014 Il Lombardia (@Il_Lombardia) <a href=\"https:\/\/twitter.com\/Il_Lombardia\/status\/1976938130822643716?ref_src=twsrc%5Etfw\" rel=\"nofollow noopener\" target=\"_blank\">October 11, 2025<\/a><\/p>\n<\/blockquote>\n<blockquote class=\"twitter-tweet\" data-width=\"500\" data-dnt=\"true\">\n<p lang=\"da\" dir=\"ltr\">Leaders.<\/p>\n<p>???????? Lucas Hamilton<br \/>???????? Michael Matthews<br \/>???????? Louis Vervaeke<br \/>???????? Asbj\u00f8rn Hellemose<br \/>???????? Thibault Guernalec<br \/>???????? Filippo Ganna<br \/>???????? Mattia Bais<br \/>???????? Walter Calzoni<br \/>???????? Victor Langelotti<br \/>???????? Bart Lemmen<br \/>???????? Gal Glivar<br \/>???????? Pello Bilbao<br \/>???????? Bjorn Koerdt<br \/>???????? Quinn Simmons<a href=\"https:\/\/twitter.com\/hashtag\/ILombardia?src=hash&amp;ref_src=twsrc%5Etfw\" rel=\"nofollow noopener\" target=\"_blank\">#ILombardia<\/a> <a href=\"https:\/\/twitter.com\/CA_Ita?ref_src=twsrc%5Etfw\" rel=\"nofollow noopener\" target=\"_blank\">@CA_Ita<\/a> <a href=\"https:\/\/t.co\/ttFjvGLo7w\" rel=\"nofollow\">pic.twitter.com\/ttFjvGLo7w<\/a><\/p>\n<p>\u2014 Il Lombardia (@Il_Lombardia) <a href=\"https:\/\/twitter.com\/Il_Lombardia\/status\/1976942575098708248?ref_src=twsrc%5Etfw\" rel=\"nofollow noopener\" target=\"_blank\">October 11, 2025<\/a><\/p>\n<\/blockquote>\n<blockquote class=\"twitter-tweet\" data-width=\"500\" data-dnt=\"true\">\n<p lang=\"en\" dir=\"ltr\">???? Incident for ???????? Tom Pidcock, who made his way back into the peloton<a href=\"https:\/\/twitter.com\/hashtag\/ILombardia?src=hash&amp;ref_src=twsrc%5Etfw\" rel=\"nofollow noopener\" target=\"_blank\">#ILombardia<\/a> presented by <a href=\"https:\/\/twitter.com\/CA_Ita?ref_src=twsrc%5Etfw\" rel=\"nofollow noopener\" target=\"_blank\">@CA_Ita<\/a> <a href=\"https:\/\/t.co\/zel8jNKP12\" rel=\"nofollow\">pic.twitter.com\/zel8jNKP12<\/a><\/p>\n<p>\u2014 Il Lombardia (@Il_Lombardia) <a href=\"https:\/\/twitter.com\/Il_Lombardia\/status\/1976955540271149232?ref_src=twsrc%5Etfw\" rel=\"nofollow noopener\" target=\"_blank\">October 11, 2025<\/a><\/p>\n<\/blockquote>\n<p>A vantagem chegou a andar um pouco acima dos tr\u00eas minutos a 150 quil\u00f3metros, a chegada dos momentos mais \u201ccr\u00edticos\u201d de decis\u00e3o come\u00e7ou a fazer cair essa diferen\u00e7a, ficou mesmo a ideia de que foi Pogacar a pedir a Pavel Sivakov para abrandar o ritmo na persegui\u00e7\u00e3o a subir percebendo a \u201cmossa\u201d que isso estava a causar em tudo e todos, incluindo a Emirates, mas a 130 quil\u00f3metros do final a diferen\u00e7a j\u00e1 tinha ca\u00eddo para menos um ter\u00e7o, fixando-se nos dois minutos e em 1.30 minutos apenas 20 quil\u00f3metros depois, sendo que o ritmo que era colocado pela Emirates continuava a provocar grande desgaste no pelot\u00e3o apesar de nova subida do tempo para a fuga que passou de novo para os tr\u00eas minutos <strong>antes das montanhas mais \u201ca s\u00e9rio\u201d.<\/strong><\/p>\n<blockquote class=\"twitter-tweet\" data-width=\"500\" data-dnt=\"true\">\n<p lang=\"en\" dir=\"ltr\">\u26ea The Blessed Madonna ???????? ????\u210e????????????????????????<a href=\"https:\/\/twitter.com\/hashtag\/ILombardia?src=hash&amp;ref_src=twsrc%5Etfw\" rel=\"nofollow noopener\" target=\"_blank\">#ILombardia<\/a> presented by <a href=\"https:\/\/twitter.com\/CA_Ita?ref_src=twsrc%5Etfw\" rel=\"nofollow noopener\" target=\"_blank\">@CA_Ita<\/a> <a href=\"https:\/\/t.co\/6vUE92b5Ib\" rel=\"nofollow\">pic.twitter.com\/6vUE92b5Ib<\/a><\/p>\n<p>\u2014 Il Lombardia (@Il_Lombardia) <a href=\"https:\/\/twitter.com\/Il_Lombardia\/status\/1976956577166114829?ref_src=twsrc%5Etfw\" rel=\"nofollow noopener\" target=\"_blank\">October 11, 2025<\/a><\/p>\n<\/blockquote>\n<blockquote class=\"twitter-tweet\" data-width=\"500\" data-dnt=\"true\">\n<p lang=\"en\" dir=\"ltr\">???? Roncola<a href=\"https:\/\/twitter.com\/hashtag\/ILombardia?src=hash&amp;ref_src=twsrc%5Etfw\" rel=\"nofollow noopener\" target=\"_blank\">#ILombardia<\/a> presented by <a href=\"https:\/\/twitter.com\/CA_Ita?ref_src=twsrc%5Etfw\" rel=\"nofollow noopener\" target=\"_blank\">@CA_Ita<\/a> <a href=\"https:\/\/t.co\/wwKm1DKmdO\" rel=\"nofollow\">pic.twitter.com\/wwKm1DKmdO<\/a><\/p>\n<p>\u2014 Il Lombardia (@Il_Lombardia) <a href=\"https:\/\/twitter.com\/Il_Lombardia\/status\/1976975949662146933?ref_src=twsrc%5Etfw\" rel=\"nofollow noopener\" target=\"_blank\">October 11, 2025<\/a><\/p>\n<\/blockquote>\n<p>Matthews, Vervaeke, Ganna, Bais, Calzoni, Langelotti, Lemmen, Bilbao, Koerdt e Simmons eram agora os dez resistentes na fuga quando se chegou a Passo della Crocetta, altura em que Quinn Simmons voltou a ter o papel de protagonista a arriscar na frente ganhando 15 segundos sobre os restantes elementos da fuga com o pelot\u00e3o ainda a tr\u00eas minutos. A corrida come\u00e7ava a entrar numa outra fase, com o norte-americano a correr sozinho na frente e o grupo perseguidor a saber que estava sentenciado a ser superado pelos comboios que vinham atr\u00e1s. A 50 quil\u00f3metros do final a vantagem era de 2.54 minutos, a 36,5 quil\u00f3metros passara para cerca de 1.30 minutos. <strong>Come\u00e7ava a\u00ed o espect\u00e1culo de Pogacar,<\/strong> que desta vez teve contornos ainda mais destrutivos do que \u00e9 normal sem que ningu\u00e9m conseguisse esbo\u00e7ar sequer uma rea\u00e7\u00e3o ao \u201craio\u201d que ca\u00edra.<\/p>\n<blockquote class=\"twitter-tweet\" data-width=\"500\" data-dnt=\"true\">\n<p lang=\"en\" dir=\"ltr\">????\ufe0f One more climb in the rearview mirror for Quinn Simmons. Eyes on the Passo di Ganda now ????<\/p>\n<p>Gap update : To quote The Veronicas, it&#8217;s Untouched. <a href=\"https:\/\/twitter.com\/hashtag\/ILombardia?src=hash&amp;ref_src=twsrc%5Etfw\" rel=\"nofollow noopener\" target=\"_blank\">#ILombardia<\/a> presented by <a href=\"https:\/\/twitter.com\/CA_Ita?ref_src=twsrc%5Etfw\" rel=\"nofollow noopener\" target=\"_blank\">@CA_Ita<\/a> <a href=\"https:\/\/t.co\/yyulKcR5JN\" rel=\"nofollow\">pic.twitter.com\/yyulKcR5JN<\/a><\/p>\n<p>\u2014 Il Lombardia (@Il_Lombardia) <a href=\"https:\/\/twitter.com\/Il_Lombardia\/status\/1977004691608551565?ref_src=twsrc%5Etfw\" rel=\"nofollow noopener\" target=\"_blank\">October 11, 2025<\/a><\/p>\n<\/blockquote>\n<blockquote class=\"twitter-tweet\" data-width=\"500\" data-dnt=\"true\">\n<p lang=\"en\" dir=\"ltr\">???? The last effort in his career, and what an effort it was! Rafal Majka clawed back 1&#8242; on Quinn Simmons in the start of Ganda, and it&#8217;s now Jay Vine at the front ! <a href=\"https:\/\/twitter.com\/hashtag\/ILombardia?src=hash&amp;ref_src=twsrc%5Etfw\" rel=\"nofollow noopener\" target=\"_blank\">#ILombardia<\/a> presented by <a href=\"https:\/\/twitter.com\/CA_Ita?ref_src=twsrc%5Etfw\" rel=\"nofollow noopener\" target=\"_blank\">@CA_Ita<\/a> <a href=\"https:\/\/t.co\/tN993zyDBw\" rel=\"nofollow\">pic.twitter.com\/tN993zyDBw<\/a><\/p>\n<p>\u2014 Il Lombardia (@Il_Lombardia) <a href=\"https:\/\/twitter.com\/Il_Lombardia\/status\/1977011687569211513?ref_src=twsrc%5Etfw\" rel=\"nofollow noopener\" target=\"_blank\">October 11, 2025<\/a><\/p>\n<\/blockquote>\n<blockquote class=\"twitter-tweet\" data-width=\"500\" data-dnt=\"true\">\n<p lang=\"en\" dir=\"ltr\">A final thank you from Pogi before going solo, towards a potential 5th <a href=\"https:\/\/twitter.com\/hashtag\/ILombardia?src=hash&amp;ref_src=twsrc%5Etfw\" rel=\"nofollow noopener\" target=\"_blank\">#ILombardia<\/a> success. The best gift a teammate can get. <a href=\"https:\/\/t.co\/AbUgdUG0gR\" rel=\"nofollow\">https:\/\/t.co\/AbUgdUG0gR<\/a> <a href=\"https:\/\/t.co\/HGZ6LOchZm\" rel=\"nofollow\">pic.twitter.com\/HGZ6LOchZm<\/a><\/p>\n<p>\u2014 Il Lombardia (@Il_Lombardia) <a href=\"https:\/\/twitter.com\/Il_Lombardia\/status\/1977017079200194716?ref_src=twsrc%5Etfw\" rel=\"nofollow noopener\" target=\"_blank\">October 11, 2025<\/a><\/p>\n<\/blockquote>\n<blockquote class=\"twitter-tweet\" data-width=\"500\" data-dnt=\"true\">\n<p lang=\"en\" dir=\"ltr\">???? And away he goes ! Pogi is now the only one chasing down Quinn Simmons in this <a href=\"https:\/\/twitter.com\/hashtag\/ILombardia?src=hash&amp;ref_src=twsrc%5Etfw\" rel=\"nofollow noopener\" target=\"_blank\">#ILombardia<\/a> presented by <a href=\"https:\/\/twitter.com\/CA_Ita?ref_src=twsrc%5Etfw\" rel=\"nofollow noopener\" target=\"_blank\">@CA_Ita<\/a> <a href=\"https:\/\/t.co\/HvPDt4QPx4\" rel=\"nofollow\">pic.twitter.com\/HvPDt4QPx4<\/a><\/p>\n<p>\u2014 Il Lombardia (@Il_Lombardia) <a href=\"https:\/\/twitter.com\/Il_Lombardia\/status\/1977012536701845905?ref_src=twsrc%5Etfw\" rel=\"nofollow noopener\" target=\"_blank\">October 11, 2025<\/a><\/p>\n<\/blockquote>\n<p>Bastou um quil\u00f3metro e meio para o esloveno n\u00e3o s\u00f3 deixar nomes como Remco Evenepoel a mais de um minuto como para chegar a Quinn Simmons, que mesmo andando a um bom ritmo n\u00e3o teve hip\u00f3tese para conseguir acompanhar o campe\u00e3o europeu e mundial na sua marcha para a vit\u00f3ria. O \u201cestoiro\u201d na corrida j\u00e1 estava dado, a partir da\u00ed, como v\u00e3o dizendo os realizadores, o melhor mesmo era ir filmando a luta apenas pelo primeiro de todos os outros que a certa altura perdeu Richard Carapaz, que teve uma queda feia numa zona de pedra onde acabou por embater. A 20 quil\u00f3metros do fim, <strong>Remco Evenepoel continuava a n\u00e3o atirar a toalha ao ch\u00e3o,<\/strong> Michael Storer tentava seguir o belga, Isaac del Toro estava em cima de Simmons.<\/p>\n<blockquote class=\"twitter-tweet\" data-width=\"500\" data-dnt=\"true\">\n<p lang=\"en\" dir=\"ltr\">???? ???? ???? The rainbow beat the stars. Tadej is literally flying in the Passo di Ganda, and now has over a minute on the group of Remco Evenepoel<a href=\"https:\/\/twitter.com\/hashtag\/ILombardia?src=hash&amp;ref_src=twsrc%5Etfw\" rel=\"nofollow noopener\" target=\"_blank\">#ILombardia<\/a> presented by <a href=\"https:\/\/twitter.com\/CA_Ita?ref_src=twsrc%5Etfw\" rel=\"nofollow noopener\" target=\"_blank\">@CA_Ita<\/a> <a href=\"https:\/\/t.co\/xQ6k2xL0tp\" rel=\"nofollow\">pic.twitter.com\/xQ6k2xL0tp<\/a><\/p>\n<p>\u2014 Il Lombardia (@Il_Lombardia) <a href=\"https:\/\/twitter.com\/Il_Lombardia\/status\/1977014283902107804?ref_src=twsrc%5Etfw\" rel=\"nofollow noopener\" target=\"_blank\">October 11, 2025<\/a><\/p>\n<\/blockquote>\n<blockquote class=\"twitter-tweet\" data-width=\"500\" data-dnt=\"true\">\n<p lang=\"en\" dir=\"ltr\">Tifosi, you&#8217;re the best ???? <a href=\"https:\/\/twitter.com\/hashtag\/ILombardia?src=hash&amp;ref_src=twsrc%5Etfw\" rel=\"nofollow noopener\" target=\"_blank\">#ILombardia<\/a> presented by <a href=\"https:\/\/twitter.com\/CA_Ita?ref_src=twsrc%5Etfw\" rel=\"nofollow noopener\" target=\"_blank\">@CA_Ita<\/a> <a href=\"https:\/\/t.co\/sBgmrJEaXl\" rel=\"nofollow\">pic.twitter.com\/sBgmrJEaXl<\/a><\/p>\n<p>\u2014 Il Lombardia (@Il_Lombardia) <a href=\"https:\/\/twitter.com\/Il_Lombardia\/status\/1977015509901361191?ref_src=twsrc%5Etfw\" rel=\"nofollow noopener\" target=\"_blank\">October 11, 2025<\/a><\/p>\n<\/blockquote>\n<blockquote class=\"twitter-tweet\" data-width=\"500\" data-dnt=\"true\">\n<p lang=\"en\" dir=\"ltr\">???????? Crash from Richie Carapaz in the downhill, as he was trying to stay in touch with the guys ahead of him <a href=\"https:\/\/twitter.com\/hashtag\/ILombardia?src=hash&amp;ref_src=twsrc%5Etfw\" rel=\"nofollow noopener\" target=\"_blank\">#ILombardia<\/a> presented by <a href=\"https:\/\/twitter.com\/CA_Ita?ref_src=twsrc%5Etfw\" rel=\"nofollow noopener\" target=\"_blank\">@CA_Ita<\/a> <a href=\"https:\/\/t.co\/Y3L4UzsVz2\" rel=\"nofollow\">pic.twitter.com\/Y3L4UzsVz2<\/a><\/p>\n<p>\u2014 Il Lombardia (@Il_Lombardia) <a href=\"https:\/\/twitter.com\/Il_Lombardia\/status\/1977018331787149335?ref_src=twsrc%5Etfw\" rel=\"nofollow noopener\" target=\"_blank\">October 11, 2025<\/a><\/p>\n<\/blockquote>\n<blockquote class=\"twitter-tweet\" data-width=\"500\" data-dnt=\"true\">\n<p lang=\"en\" dir=\"ltr\">\u26a1\u26a1\u26a1\u26a1<a href=\"https:\/\/twitter.com\/hashtag\/ILombardia?src=hash&amp;ref_src=twsrc%5Etfw\" rel=\"nofollow noopener\" target=\"_blank\">#ILombardia<\/a> presented by <a href=\"https:\/\/twitter.com\/CA_Ita?ref_src=twsrc%5Etfw\" rel=\"nofollow noopener\" target=\"_blank\">@CA_Ita<\/a> <a href=\"https:\/\/t.co\/G3XEA8a7EB\" rel=\"nofollow\">pic.twitter.com\/G3XEA8a7EB<\/a><\/p>\n<p>\u2014 Il Lombardia (@Il_Lombardia) <a href=\"https:\/\/twitter.com\/Il_Lombardia\/status\/1977018987356865028?ref_src=twsrc%5Etfw\" rel=\"nofollow noopener\" target=\"_blank\">October 11, 2025<\/a><\/p>\n<\/blockquote>\n<p>Todos tinham o seu m\u00e9rito. Pogacar pela forma como ganha, continua a ganhar e tem uma constante sede de mostrar que \u00e9 melhor do que os outros. Remco pela maneira como, sendo novamente superado, tentou ao m\u00e1ximo resistir quando qualquer outro se iria afundar em termos de tempo. Storer pela capacidade de ainda aguentar mesmo sem ter a roda do belga. Simmons pela for\u00e7a para continuar a andar o melhor poss\u00edvel ap\u00f3s mais de 200 quil\u00f3metros em fuga. No entanto, a vit\u00f3ria acabou por ir para o suspeito de sempre, neste caso com mais um marco hist\u00f3rico de igualar os triunfos de Coppi na Volta \u00e0 Lombardia e tornar-se o primeiro a conseguir ganhar por cinco anos consecutivos um dos monumentos \u2013 <strong>prometendo ser melhor em 2026.<\/strong><\/p>\n<blockquote class=\"twitter-tweet\" data-width=\"500\" data-dnt=\"true\">\n<p lang=\"en\" dir=\"ltr\">Final ramp of the season for the World Champ !<a href=\"https:\/\/twitter.com\/hashtag\/ILombardia?src=hash&amp;ref_src=twsrc%5Etfw\" rel=\"nofollow noopener\" target=\"_blank\">#ILombardia<\/a> presented by <a href=\"https:\/\/twitter.com\/CA_Ita?ref_src=twsrc%5Etfw\" rel=\"nofollow noopener\" target=\"_blank\">@CA_Ita<\/a> <a href=\"https:\/\/t.co\/okoi7oM0Kt\" rel=\"nofollow\">pic.twitter.com\/okoi7oM0Kt<\/a><\/p>\n<p>\u2014 Il Lombardia (@Il_Lombardia) <a href=\"https:\/\/twitter.com\/Il_Lombardia\/status\/1977024026301415928?ref_src=twsrc%5Etfw\" rel=\"nofollow noopener\" target=\"_blank\">October 11, 2025<\/a><\/p>\n<\/blockquote>\n<blockquote class=\"twitter-tweet\" data-width=\"500\" data-dnt=\"true\">\n<p lang=\"it\" dir=\"ltr\">The face of exhaustion. The crowd for the big occasion. ????<\/p>\n<p>Il volto della fatica. La folla delle grandi occasioni. ????<a href=\"https:\/\/twitter.com\/hashtag\/ILombardia?src=hash&amp;ref_src=twsrc%5Etfw\" rel=\"nofollow noopener\" target=\"_blank\">#ILombardia<\/a> presented by <a href=\"https:\/\/twitter.com\/CA_Ita?ref_src=twsrc%5Etfw\" rel=\"nofollow noopener\" target=\"_blank\">@CA_Ita<\/a> <a href=\"https:\/\/t.co\/YL36HrZfgi\" rel=\"nofollow\">pic.twitter.com\/YL36HrZfgi<\/a><\/p>\n<p>\u2014 Il Lombardia (@Il_Lombardia) <a href=\"https:\/\/twitter.com\/Il_Lombardia\/status\/1977052286905209285?ref_src=twsrc%5Etfw\" rel=\"nofollow noopener\" target=\"_blank\">October 11, 2025<\/a><\/p>\n<\/blockquote>\n<p><strong>Pogacar venceu esta edi\u00e7\u00e3o da Volta \u00e0 Lombardia com o tempo de 5.45.43,<\/strong> seguido por Remco Evenepoel (que fazia a despedida da Soudal Quick-Step a caminho da Red Bull-Bora) a 1.48 e Michael Storer (Tudor) a 3.14. Fecharam o top 10 Quinn Simmons (Lidl-Trek, 3.39), Isaac del Toro (Emirates, 4.16), Thomas Pidcock (Q36.5, 4.16), Paul Seixas (Decathlon AG2R, 4.16), Egan Bernal (Ineos, 4.16), Jay Vine (Emirates, 4.18) e Cian Uijtdebroeks (Visma-Lease a Bike, 4.30). Entre os dois portugueses, Rui Costa (EF Education) terminou na 66.\u00aa posi\u00e7\u00e3o a 18.12, ao passo que Afonso Eul\u00e1lio n\u00e3o foi al\u00e9m do 96.\u00ba lugar (26.16).<\/p>\n<blockquote class=\"twitter-tweet\" data-width=\"500\" data-dnt=\"true\">\n<p lang=\"en\" dir=\"ltr\">The <a href=\"https:\/\/twitter.com\/hashtag\/Podium?src=hash&amp;ref_src=twsrc%5Etfw\" rel=\"nofollow noopener\" target=\"_blank\">#Podium<\/a> of Il Lombardia 2025 ????????<\/p>\n<p>???? Tadej Pogacar (UAE Team XRG)<br \/>???? Remco Evenepoel (Soudal Quick Step)<br \/>???? Michael Storer (Tudor Pro Cycling Team)<a href=\"https:\/\/twitter.com\/hashtag\/ILombardia?src=hash&amp;ref_src=twsrc%5Etfw\" rel=\"nofollow noopener\" target=\"_blank\">#ILombardia<\/a> presented by <a href=\"https:\/\/twitter.com\/CA_Ita?ref_src=twsrc%5Etfw\" rel=\"nofollow noopener\" target=\"_blank\">@CA_Ita<\/a> | <a href=\"https:\/\/twitter.com\/Astoria_Wines?ref_src=twsrc%5Etfw\" rel=\"nofollow noopener\" target=\"_blank\">@Astoria_Wines<\/a> <a href=\"https:\/\/t.co\/BKwVkVMOv8\" rel=\"nofollow\">pic.twitter.com\/BKwVkVMOv8<\/a><\/p>\n<p>\u2014 Il Lombardia (@Il_Lombardia) <a href=\"https:\/\/twitter.com\/Il_Lombardia\/status\/1977049797363470456?ref_src=twsrc%5Etfw\" rel=\"nofollow noopener\" target=\"_blank\">October 11, 2025<\/a><\/p>\n<\/blockquote>\n<blockquote class=\"twitter-tweet\" data-width=\"500\" data-dnt=\"true\">\n<p lang=\"es\" dir=\"ltr\">Tadej Pogacar HIST\u00d3RICO!<\/p>\n<p>Con victoria en Giro de Lombard\u00eda es el 1er ciclista con podio en los 5 Monumentos en mismo a\u00f1o!<\/p>\n<p>Adem\u00e1s, iguala a Eddy Merckx como \u00fanicos ganadores de 3 Monumentos en una temporada!<\/p>\n<p>Y tambi\u00e9n iguala a Fausto Coppi como m\u00e1ximo ganador de Lombard\u00eda (5)! <a href=\"https:\/\/t.co\/e7CkP3EAnC\" rel=\"nofollow\">pic.twitter.com\/e7CkP3EAnC<\/a><\/p>\n<p>\u2014 Mario Sabato (@mario_sabato) <a href=\"https:\/\/twitter.com\/mario_sabato\/status\/1977031370007625984?ref_src=twsrc%5Etfw\" rel=\"nofollow noopener\" target=\"_blank\">October 11, 2025<\/a><\/p>\n<\/blockquote>\n<blockquote class=\"twitter-tweet\" data-width=\"500\" data-dnt=\"true\">\n<p lang=\"und\" dir=\"ltr\">????Best classics season in history of cycling: ????????Tadej Poga\u010dar 2025.<\/p>\n<p>????????Worlds RR<br \/>????????????Ronde van Vlaanderen<br \/>????????????Li\u00e8ge-Bastogne-Li\u00e8ge<br \/>????????????Il Lombardia<br \/>????????????La Fl\u00e8che Wallonne<br \/>????????????Strade Bianche<br \/>????\u2728Europeans RR<br \/>????????????Tre Valli Varesine<\/p>\n<p>????????????Paris-Roubaix<br \/>????????????Milano-Sanremo<\/p>\n<p>\u2014 Cycling Statistics ???? (@StatsOnCycling) <a href=\"https:\/\/twitter.com\/StatsOnCycling\/status\/1977024650577318219?ref_src=twsrc%5Etfw\" rel=\"nofollow noopener\" target=\"_blank\">October 11, 2025<\/a><\/p>\n<\/blockquote>\n<blockquote class=\"twitter-tweet\" data-width=\"500\" data-dnt=\"true\">\n<p lang=\"es\" dir=\"ltr\">Tadej Pogacar se acaba de convertir en el primer ciclista en ser podio en los 5 monumentos en una misma temporada. <\/p>\n<p>???? Milano San Remo <br \/>???? Paris Roubaix <br \/>???? Lieja Basto\u00f1a Lieja <br \/>???? Tour de Flandes <br \/>???? Giro de Lombard\u00eda <\/p>\n<p>El primero en la Historia, LEYENDA VIVIENTE???? <a href=\"https:\/\/t.co\/x9nk0aWSFE\" rel=\"nofollow\">pic.twitter.com\/x9nk0aWSFE<\/a><\/p>\n<p>\u2014 Rodri (@RodriSabato) <a href=\"https:\/\/twitter.com\/RodriSabato\/status\/1977023717663465899?ref_src=twsrc%5Etfw\" rel=\"nofollow noopener\" target=\"_blank\">October 11, 2025<\/a><\/p>\n<\/blockquote>\n<blockquote class=\"twitter-tweet\" data-width=\"500\" data-dnt=\"true\">\n<p lang=\"en\" dir=\"ltr\">???? ????????????????????????????????????????. ???????????????????????? ????????????????????????????. ???????????????????? ????????????????????????????.<a href=\"https:\/\/twitter.com\/hashtag\/ILombardia?src=hash&amp;ref_src=twsrc%5Etfw\" rel=\"nofollow noopener\" target=\"_blank\">#ILombardia<\/a> presented by <a href=\"https:\/\/twitter.com\/CA_Ita?ref_src=twsrc%5Etfw\" rel=\"nofollow noopener\" target=\"_blank\">@CA_Ita<\/a> <a href=\"https:\/\/t.co\/v93e8NdY3M\" rel=\"nofollow\">pic.twitter.com\/v93e8NdY3M<\/a><\/p>\n<p>\u2014 Il Lombardia (@Il_Lombardia) <a href=\"https:\/\/twitter.com\/Il_Lombardia\/status\/1977026037583405497?ref_src=twsrc%5Etfw\" rel=\"nofollow noopener\" target=\"_blank\">October 11, 2025<\/a><\/p>\n<\/blockquote>\n<p>            <script async src=\"https:\/\/platform.twitter.com\/widgets.js\" charset=\"utf-8\"><\/script><\/p>\n","protected":false},"excerpt":{"rendered":"Recuemos um ano. Apenas um ano. Quando ganhou Volta \u00e0 Catalunha, cl\u00e1ssica Li\u00e8ge-Bastogne-Li\u00e8ge, Giro, Tour, Grand Prix de&hellip;\n","protected":false},"author":2,"featured_media":107039,"comment_status":"","ping_status":"","sticky":false,"template":"","format":"standard","meta":{"footnotes":""},"categories":[87],"tags":[1342,135,32,33,134],"class_list":{"0":"post-107038","1":"post","2":"type-post","3":"status-publish","4":"format-standard","5":"has-post-thumbnail","7":"category-desporto","8":"tag-ciclismo","9":"tag-desporto","10":"tag-portugal","11":"tag-pt","12":"tag-sports"},"share_on_mastodon":{"url":"","error":""},"_links":{"self":[{"href":"https:\/\/www.europesays.com\/pt\/wp-json\/wp\/v2\/posts\/107038","targetHints":{"allow":["GET"]}}],"collection":[{"href":"https:\/\/www.europesays.com\/pt\/wp-json\/wp\/v2\/posts"}],"about":[{"href":"https:\/\/www.europesays.com\/pt\/wp-json\/wp\/v2\/types\/post"}],"author":[{"embeddable":true,"href":"https:\/\/www.europesays.com\/pt\/wp-json\/wp\/v2\/users\/2"}],"replies":[{"embeddable":true,"href":"https:\/\/www.europesays.com\/pt\/wp-json\/wp\/v2\/comments?post=107038"}],"version-history":[{"count":0,"href":"https:\/\/www.europesays.com\/pt\/wp-json\/wp\/v2\/posts\/107038\/revisions"}],"wp:featuredmedia":[{"embeddable":true,"href":"https:\/\/www.europesays.com\/pt\/wp-json\/wp\/v2\/media\/107039"}],"wp:attachment":[{"href":"https:\/\/www.europesays.com\/pt\/wp-json\/wp\/v2\/media?parent=107038"}],"wp:term":[{"taxonomy":"category","embeddable":true,"href":"https:\/\/www.europesays.com\/pt\/wp-json\/wp\/v2\/categories?post=107038"},{"taxonomy":"post_tag","embeddable":true,"href":"https:\/\/www.europesays.com\/pt\/wp-json\/wp\/v2\/tags?post=107038"}],"curies":[{"name":"wp","href":"https:\/\/api.w.org\/{rel}","templated":true}]}}