{"id":107043,"date":"2025-10-12T00:26:11","date_gmt":"2025-10-12T00:26:11","guid":{"rendered":"https:\/\/www.europesays.com\/pt\/107043\/"},"modified":"2025-10-12T00:26:11","modified_gmt":"2025-10-12T00:26:11","slug":"trump-ordena-pagamento-dos-salarios-aos-militares-apesar-da-paralisacao","status":"publish","type":"post","link":"https:\/\/www.europesays.com\/pt\/107043\/","title":{"rendered":"Trump ordena pagamento dos sal\u00e1rios aos militares apesar da paralisa\u00e7\u00e3o"},"content":{"rendered":"<p>&#8220;Estou a usar o meu poder de Comandante-em-Chefe para ordenar ao nosso ministro da Guerra [secret\u00e1rio da Defesa], Pete Hegseth, que use todos os fundos dispon\u00edveis para que as nossas tropas sejam pagas a 15 de outubro&#8221;, declarou o Presidente norte-americano na sua rede social Truth Social.<\/p>\n<p>Em setembro, Trump mudou o nome do Departamento de Defesa (Pent\u00e1gono) para Departamento de Guerra, mas, para j\u00e1, \u00e9 uma designa\u00e7\u00e3o secund\u00e1ria oficial.<\/p>\n<p>Os representantes eleitos dos partidos Republicano e Democrata no Congresso norte-americano mant\u00eam-se firmes nas suas posi\u00e7\u00f5es desde 01 de outubro, o que levou a uma paralisa\u00e7\u00e3o dos servi\u00e7os federais e ao desemprego t\u00e9cnico de mais de 700.000 funcion\u00e1rios federais com fun\u00e7\u00f5es consideradas n\u00e3o essenciais.<\/p>\n<p>Durante todo o per\u00edodo do &#8220;shutdown&#8221;, os mais de 2,3 milh\u00f5es de funcion\u00e1rios federais n\u00e3o recebem sal\u00e1rios &#8211; mesmo aqueles que devem continuar a trabalhar -, assim como os mais de 1,3 milh\u00e3o de militares.<\/p>\n<p>&#8220;Se nada for feito por causa do &#8220;l\u00edder&#8221; Chuck Schumer e dos democratas, os nossos bravos soldados perder\u00e3o o sal\u00e1rio que lhes \u00e9 legitimamente devido a 15 de outubro&#8221;, afirmou Trump.<\/p>\n<p>&#8220;N\u00e3o deixarei que os democratas mantenham como ref\u00e9ns os nossos militares e toda a seguran\u00e7a do nosso pa\u00eds com o seu perigoso &#8220;shutdown&#8221; do Estado&#8221;, acrescentou.<\/p>\n<p>No Congresso, os republicanos prop\u00f5em uma prorroga\u00e7\u00e3o do or\u00e7amento atual, com os mesmos n\u00edveis de despesas, enquanto os democratas exigem uma prorroga\u00e7\u00e3o dos subs\u00eddios para programas de seguro de sa\u00fade destinados a fam\u00edlias de baixos rendimentos.<\/p>\n<p>Devido \u00e0s regras em vigor no Senado (c\u00e2mara alta do Congresso), s\u00e3o necess\u00e1rias v\u00e1rias vozes democratas para aprovar um or\u00e7amento, apesar da maioria republicana.<\/p>\n<p>Mas Donald Trump rejeita qualquer negocia\u00e7\u00e3o com a oposi\u00e7\u00e3o sobre quest\u00f5es de sa\u00fade sem a &#8220;reabertura&#8221; do governo federal como pr\u00e9-requisito.<\/p>\n<p>A Casa Branca anunciou na sexta-feira que come\u00e7ou a despedir funcion\u00e1rios federais.<\/p>\n<p>Leia Tamb\u00e9m: <a href=\"https:\/\/www.noticiasaominuto.com\/mundo\/2867191\/shutdown-do-governo-federal-ameaca-paralisar-trafego-aereo-dos-eua\" target=\"_blank\" rel=\"noreferrer noopener nofollow\">&#8216;Shutdown&#8217; do governo federal amea\u00e7a paralisar tr\u00e1fego a\u00e9reo dos EUA<\/a><\/p>\n","protected":false},"excerpt":{"rendered":"&#8220;Estou a usar o meu poder de Comandante-em-Chefe para ordenar ao nosso ministro da Guerra [secret\u00e1rio da Defesa],&hellip;\n","protected":false},"author":2,"featured_media":107044,"comment_status":"","ping_status":"","sticky":false,"template":"","format":"standard","meta":{"footnotes":""},"categories":[50],"tags":[27,28,15,16,14,25,26,21,22,62,12,13,19,20,23,24,17,18,29,30,31,63,64,65],"class_list":{"0":"post-107043","1":"post","2":"type-post","3":"status-publish","4":"format-standard","5":"has-post-thumbnail","7":"category-mundo","8":"tag-breaking-news","9":"tag-breakingnews","10":"tag-featured-news","11":"tag-featurednews","12":"tag-headlines","13":"tag-latest-news","14":"tag-latestnews","15":"tag-main-news","16":"tag-mainnews","17":"tag-mundo","18":"tag-news","19":"tag-noticias","20":"tag-noticias-principais","21":"tag-noticiasprincipais","22":"tag-principais-noticias","23":"tag-principaisnoticias","24":"tag-top-stories","25":"tag-topstories","26":"tag-ultimas","27":"tag-ultimas-noticias","28":"tag-ultimasnoticias","29":"tag-world","30":"tag-world-news","31":"tag-worldnews"},"share_on_mastodon":{"url":"","error":""},"_links":{"self":[{"href":"https:\/\/www.europesays.com\/pt\/wp-json\/wp\/v2\/posts\/107043","targetHints":{"allow":["GET"]}}],"collection":[{"href":"https:\/\/www.europesays.com\/pt\/wp-json\/wp\/v2\/posts"}],"about":[{"href":"https:\/\/www.europesays.com\/pt\/wp-json\/wp\/v2\/types\/post"}],"author":[{"embeddable":true,"href":"https:\/\/www.europesays.com\/pt\/wp-json\/wp\/v2\/users\/2"}],"replies":[{"embeddable":true,"href":"https:\/\/www.europesays.com\/pt\/wp-json\/wp\/v2\/comments?post=107043"}],"version-history":[{"count":0,"href":"https:\/\/www.europesays.com\/pt\/wp-json\/wp\/v2\/posts\/107043\/revisions"}],"wp:featuredmedia":[{"embeddable":true,"href":"https:\/\/www.europesays.com\/pt\/wp-json\/wp\/v2\/media\/107044"}],"wp:attachment":[{"href":"https:\/\/www.europesays.com\/pt\/wp-json\/wp\/v2\/media?parent=107043"}],"wp:term":[{"taxonomy":"category","embeddable":true,"href":"https:\/\/www.europesays.com\/pt\/wp-json\/wp\/v2\/categories?post=107043"},{"taxonomy":"post_tag","embeddable":true,"href":"https:\/\/www.europesays.com\/pt\/wp-json\/wp\/v2\/tags?post=107043"}],"curies":[{"name":"wp","href":"https:\/\/api.w.org\/{rel}","templated":true}]}}