{"id":107049,"date":"2025-10-12T00:32:15","date_gmt":"2025-10-12T00:32:15","guid":{"rendered":"https:\/\/www.europesays.com\/pt\/107049\/"},"modified":"2025-10-12T00:32:15","modified_gmt":"2025-10-12T00:32:15","slug":"filho-de-miguel-vicente-e-uma-estrela-como-o-pai-e-as-imagens-sao-do-mais-ternurento-que-ha-secret-story","status":"publish","type":"post","link":"https:\/\/www.europesays.com\/pt\/107049\/","title":{"rendered":"Filho de Miguel Vicente \u00e9 uma estrela como o pai. E as imagens s\u00e3o do mais ternurento que h\u00e1 &#8211; Secret Story"},"content":{"rendered":"<p>\n                    Miguel Vicente partilhou novas fotografias ao lado da namorada, Beatriz, e do filho, Duarte, e voltou a encantar os seguidores com momentos de pura ternura em fam\u00edlia.\n                <\/p>\n<p>Nas imagens, o ex-concorrente do Big Brother surge em clima de amor e descontra\u00e7\u00e3o com Beatriz e o pequeno Duarte, que est\u00e1 cada vez mais crescido. As rea\u00e7\u00f5es dos f\u00e3s n\u00e3o tardaram a surgir: \u00abFam\u00edlia linda \u2764\ufe0f\u2764\ufe0f\u2764\ufe0f\u00bb, \u00abO Duarte est\u00e1 um homenzinho! Deve estar quase a caminhar!\ud83d\ude0d\ud83d\ude0d\u00bb, l\u00ea-se entre os in\u00fameros coment\u00e1rios deixados nas redes sociais.<\/p>\n<blockquote class=\"instagram-media\" data-instgrm-captioned=\"\" data-instgrm-permalink=\"https:\/\/www.instagram.com\/reel\/DMfxrFHI9qc\/?utm_source=ig_embed&amp;utm_campaign=loading\" data-instgrm-version=\"14\" style=\" background:#FFF; border:0; border-radius:3px; box-shadow:0 0 1px 0 rgba(0,0,0,0.5),0 1px 10px 0 rgba(0,0,0,0.15); margin: 1px; max-width:540px; min-width:326px; padding:0; width:99.375%; width:-webkit-calc(100% - 2px); width:calc(100% - 2px);\">\n<\/blockquote>\n<p>                    <script async src=\"\/\/www.instagram.com\/embed.js\"><\/script><\/p>\n","protected":false},"excerpt":{"rendered":"Miguel Vicente partilhou novas fotografias ao lado da namorada, Beatriz, e do filho, Duarte, e voltou a encantar&hellip;\n","protected":false},"author":2,"featured_media":107050,"comment_status":"","ping_status":"","sticky":false,"template":"","format":"standard","meta":{"footnotes":""},"categories":[142],"tags":[18706,114,115,18705,9102,32,33,151,18704],"class_list":{"0":"post-107049","1":"post","2":"type-post","3":"status-publish","4":"format-standard","5":"has-post-thumbnail","7":"category-tv","8":"tag-bastidores-secret-story","9":"tag-entertainment","10":"tag-entretenimento","11":"tag-entrevistas-concorrentes-tvi","12":"tag-miguel-vicente","13":"tag-portugal","14":"tag-pt","15":"tag-tv","16":"tag-vida-fora-da-casa"},"share_on_mastodon":{"url":"","error":""},"_links":{"self":[{"href":"https:\/\/www.europesays.com\/pt\/wp-json\/wp\/v2\/posts\/107049","targetHints":{"allow":["GET"]}}],"collection":[{"href":"https:\/\/www.europesays.com\/pt\/wp-json\/wp\/v2\/posts"}],"about":[{"href":"https:\/\/www.europesays.com\/pt\/wp-json\/wp\/v2\/types\/post"}],"author":[{"embeddable":true,"href":"https:\/\/www.europesays.com\/pt\/wp-json\/wp\/v2\/users\/2"}],"replies":[{"embeddable":true,"href":"https:\/\/www.europesays.com\/pt\/wp-json\/wp\/v2\/comments?post=107049"}],"version-history":[{"count":0,"href":"https:\/\/www.europesays.com\/pt\/wp-json\/wp\/v2\/posts\/107049\/revisions"}],"wp:featuredmedia":[{"embeddable":true,"href":"https:\/\/www.europesays.com\/pt\/wp-json\/wp\/v2\/media\/107050"}],"wp:attachment":[{"href":"https:\/\/www.europesays.com\/pt\/wp-json\/wp\/v2\/media?parent=107049"}],"wp:term":[{"taxonomy":"category","embeddable":true,"href":"https:\/\/www.europesays.com\/pt\/wp-json\/wp\/v2\/categories?post=107049"},{"taxonomy":"post_tag","embeddable":true,"href":"https:\/\/www.europesays.com\/pt\/wp-json\/wp\/v2\/tags?post=107049"}],"curies":[{"name":"wp","href":"https:\/\/api.w.org\/{rel}","templated":true}]}}