{"id":107051,"date":"2025-10-12T00:34:11","date_gmt":"2025-10-12T00:34:11","guid":{"rendered":"https:\/\/www.europesays.com\/pt\/107051\/"},"modified":"2025-10-12T00:34:11","modified_gmt":"2025-10-12T00:34:11","slug":"franquia-triplo-x-ganha-atualizacao-decepcionante","status":"publish","type":"post","link":"https:\/\/www.europesays.com\/pt\/107051\/","title":{"rendered":"Franquia &#8216;Triplo X&#8217; ganha atualiza\u00e7\u00e3o DECEPCIONANTE&#8230;"},"content":{"rendered":"<p>J\u00e1 faz oito anos desde a \u00faltima vez que <strong><a href=\"https:\/\/cinepop.com.br\/tag\/vin-diesel\/\" title=\"Vin Diesel\" rel=\"nofollow noopener\" target=\"_blank\">Vin Diesel<\/a><\/strong> interpretou Xander Cage na famosa franquia de a\u00e7\u00e3o\u00a0<strong>\u2018Triplo X\u2019<\/strong> \u2013 e, desde ent\u00e3o, os f\u00e3s est\u00e3o aguardando atualiza\u00e7\u00f5es sobre um quarto cap\u00edtulo.<\/p>\n<p>Por\u00e9m, ao contr\u00e1rio do que poder\u00edamos imaginar, os planos de uma continua\u00e7\u00e3o parecem estar estagnados.<\/p>\n<p>Em uma recente entrevista ao\u00a0ScreenRant,\u00a0<strong>Ruby Rose<\/strong>, que interpretou Adele Wolff no longa mais recente da saga, admitiu que n\u00e3o tem nada de novo para contar sobre o projeto.<\/p>\n<p>\u201cN\u00e3o ouvi nada. N\u00e3o ouvi nada desde 1874 [risadas]\u201d, ela conta.\u00a0\u201cN\u00e3o, eu n\u00e3o sei. Eu espero que sim, porque adoraria trabalhar com aquele elenco e aquela equipe de novo. [Eles] s\u00e3o incr\u00edveis. Acho que Vin est\u00e1 muito ocupado fazendo v\u00e1rios\u00a0<strong>\u2018Velozes e Furiosos\u2019<\/strong>\u201c.<\/p>\n<p>Anteriormente,\u00a0Diesel havia declarado que estava aberto a retornar para ic\u00f4nicas franquias das quais j\u00e1 participou, inclusive \u2018<strong><a href=\"https:\/\/cinepop.com.br\/tag\/riddick\/\" title=\"Riddick\" rel=\"nofollow noopener\" target=\"_blank\">Riddick<\/a><\/strong>\u2018 e \u2018<strong><a href=\"https:\/\/cinepop.com.br\/tag\/xxx\/\" title=\"XXX\" rel=\"nofollow noopener\" target=\"_blank\">XXX<\/a><\/strong>\u2018:<\/p>\n<p>\u201cDepois das filmagens mais longas de minha carreira com \u2018<a href=\"https:\/\/cinepop.com.br\/tag\/velozes-e-furiosos-9\/\" title=\"Velozes e Furiosos 9\" rel=\"nofollow noopener\" target=\"_blank\">Velozes e Furiosos 9<\/a>\u2019\u2026 Um filme do qual tenho muito orgulho. Antes do pr\u00f3ximo projeto\u2026 [tenho muito] com o que me animar\u2026 A continua\u00e7\u00e3o da franquia \u2018Velozes e Furiosos\u2019, Xander Cage, <a href=\"https:\/\/cinepop.com.br\/tag\/riddick\/\" title=\"Riddick\" rel=\"nofollow noopener\" target=\"_blank\">Riddick<\/a>\u2026 Groot. Sem mencionar a possibilidade de uma continua\u00e7\u00e3o de \u2018<a href=\"https:\/\/cinepop.com.br\/tag\/o-ultimo-cacador-de-bruxas\/\" title=\"O \u00daltimo Ca\u00e7ador de Bruxas\" rel=\"nofollow noopener\" target=\"_blank\">O \u00daltimo Ca\u00e7ador de Bruxas<\/a>\u2019 e \u2018<a href=\"https:\/\/cinepop.com.br\/tag\/bloodshot\/\" title=\"Bloodshot\" rel=\"nofollow noopener\" target=\"_blank\">Bloodshot<\/a>\u2019. Antes da press\u00e3o que coincide com o lan\u00e7amento de v\u00e1rios filmes no pr\u00f3ximo ano, devo tirar um minuto para focar. Para celebrar a incr\u00edvel fam\u00edlia com a qual fui aben\u00e7oado.\u201d\u00a0<\/p>\n<p>Lan\u00e7ado em 2017, \u2018<strong><a href=\"https:\/\/cinepop.com.br\/tag\/xxx\/\" title=\"xXx\" rel=\"nofollow noopener\" target=\"_blank\">xXx<\/a>: Reativado<\/strong>\u2018, terceiro filme da franquia, arrecadou <strong>US$ 346.1 milh\u00f5es<\/strong> mundialmente. Apesar disso, o longa dividiu a opini\u00e3o dos cr\u00edticos, com apenas <strong>45% de aprova\u00e7\u00e3o no Rotten Tomatoes<\/strong>.<\/p>\n","protected":false},"excerpt":{"rendered":"J\u00e1 faz oito anos desde a \u00faltima vez que Vin Diesel interpretou Xander Cage na famosa franquia de&hellip;\n","protected":false},"author":2,"featured_media":107052,"comment_status":"","ping_status":"","sticky":false,"template":"","format":"standard","meta":{"footnotes":""},"categories":[140],"tags":[25616,25617,21827,25618,25619,25620,25621,25622,114,115,147,148,12971,23329,25623,25624,146,25625,32,33,25626,25627,25628,25629,25630,25631,25632,25633,25634],"class_list":{"0":"post-107051","1":"post","2":"type-post","3":"status-publish","4":"format-standard","5":"has-post-thumbnail","7":"category-filmes","8":"tag-alex-hernandez","9":"tag-avatar-2","10":"tag-avatar-3","11":"tag-bloodshot","12":"tag-bob-layton","13":"tag-dave-wilson","14":"tag-don-perlin","15":"tag-eiza-gonzalez","16":"tag-entertainment","17":"tag-entretenimento","18":"tag-film","19":"tag-filmes","20":"tag-guardioes-da-galaxia","21":"tag-guardioes-da-galaxia-vol-3","22":"tag-kevin-vanhook","23":"tag-michael-sheen","24":"tag-movies","25":"tag-o-ultimo-cacador-de-bruxas","26":"tag-portugal","27":"tag-pt","28":"tag-riddick","29":"tag-riddick-4-furya","30":"tag-sam-heughan","31":"tag-talulah-riley","32":"tag-toby-kebbell","33":"tag-velozes-e-furiosos-9","34":"tag-vin-diesel","35":"tag-xxx","36":"tag-yvel-guichet"},"share_on_mastodon":{"url":"","error":""},"_links":{"self":[{"href":"https:\/\/www.europesays.com\/pt\/wp-json\/wp\/v2\/posts\/107051","targetHints":{"allow":["GET"]}}],"collection":[{"href":"https:\/\/www.europesays.com\/pt\/wp-json\/wp\/v2\/posts"}],"about":[{"href":"https:\/\/www.europesays.com\/pt\/wp-json\/wp\/v2\/types\/post"}],"author":[{"embeddable":true,"href":"https:\/\/www.europesays.com\/pt\/wp-json\/wp\/v2\/users\/2"}],"replies":[{"embeddable":true,"href":"https:\/\/www.europesays.com\/pt\/wp-json\/wp\/v2\/comments?post=107051"}],"version-history":[{"count":0,"href":"https:\/\/www.europesays.com\/pt\/wp-json\/wp\/v2\/posts\/107051\/revisions"}],"wp:featuredmedia":[{"embeddable":true,"href":"https:\/\/www.europesays.com\/pt\/wp-json\/wp\/v2\/media\/107052"}],"wp:attachment":[{"href":"https:\/\/www.europesays.com\/pt\/wp-json\/wp\/v2\/media?parent=107051"}],"wp:term":[{"taxonomy":"category","embeddable":true,"href":"https:\/\/www.europesays.com\/pt\/wp-json\/wp\/v2\/categories?post=107051"},{"taxonomy":"post_tag","embeddable":true,"href":"https:\/\/www.europesays.com\/pt\/wp-json\/wp\/v2\/tags?post=107051"}],"curies":[{"name":"wp","href":"https:\/\/api.w.org\/{rel}","templated":true}]}}