{"id":107059,"date":"2025-10-12T00:40:50","date_gmt":"2025-10-12T00:40:50","guid":{"rendered":"https:\/\/www.europesays.com\/pt\/107059\/"},"modified":"2025-10-12T00:40:50","modified_gmt":"2025-10-12T00:40:50","slug":"paz-em-gaza-deve-se-aos-que-nao-alinharam-com-rebanho-de-macron","status":"publish","type":"post","link":"https:\/\/www.europesays.com\/pt\/107059\/","title":{"rendered":"Paz em Gaza deve-se aos que n\u00e3o &#8220;alinharam com rebanho de Macron&#8221;"},"content":{"rendered":"<p>&#8220;Se cheg\u00e1mos ao ponto de falar em cessar-fogo, (&#8230;) no regresso dos ref\u00e9ns, na retirada dos ex\u00e9rcitos, na reconstru\u00e7\u00e3o de Gaza (&#8230;) \u00e9 gra\u00e7as (&#8230;) \u00e0 for\u00e7a do Presidente [norte-americano, Donald] Trump, \u00e0 coragem do Papa Le\u00e3o e ao Governo italiano, que n\u00e3o alinhou com o rebanho de Macron ao reconhecer o Estado da Palestina&#8221;, disse Salvini num evento de campanha em Floren\u00e7a (norte).<\/p>\n<p>Para o ministro do governo da conservadora Giorgia Meloni, o acordo de paz alcan\u00e7ado esta semana n\u00e3o se deve &#8220;\u00e0s Flotilhas, a Greta Thunberg&#8221; ou Francesca Albanese, relatora especial da ONU para os Territ\u00f3rios Palestinianos Ocupados, entre outros. <\/p>\n<p>O governo italiano n\u00e3o se juntou ao movimento de reconhecimento da Palestina por v\u00e1rios pa\u00edses europeus, incluindo Portugal, defendendo que faz\u00ea-lo prematuramente seria &#8220;contraproducente&#8221; e colocando condi\u00e7\u00f5es.<\/p>\n<p>Apesar de apoiar a solu\u00e7\u00e3o de dois Estados (Israel e Palestina), o governo italiano condiciona o reconhecimento de um Estado palestiniano a que este em simult\u00e2neo reconhe\u00e7a o Estado israelita, o que movimentos radicais como o Hamas rejeitam.<\/p>\n<p>Meloni exige ainda que todos os ref\u00e9ns israelitas sejam libertados e o Hamas seja exclu\u00eddo de qualquer papel futuro no governo de Gaza, como condi\u00e7\u00e3o para reconhecer o Estado palestiniano.<\/p>\n<p>A It\u00e1lia absteve-se na vota\u00e7\u00e3o de uma resolu\u00e7\u00e3o na Assembleia Geral da ONU para refor\u00e7ar os direitos da Palestina como Estado Observador.<\/p>\n<p>Para Salvini, &#8220;a paz em Gaza deve-se tamb\u00e9m ao que alguns consideram um criminoso, Bibi Netanyahu, que se manteve firme num momento dif\u00edcil&#8221;.<\/p>\n<p>&#8220;\u00c9 tamb\u00e9m gra\u00e7as \u00e0queles que guiaram Israel por um caminho dif\u00edcil, derrotaram os terroristas isl\u00e2micos que o rodeavam e agora podem corajosamente trazer crian\u00e7as israelitas e palestinianas de volta para brincar, estudar e crescer juntas&#8221;, disse o ministro dos Transportes italiano.<\/p>\n<p>O Presidente norte-americano, Donald Trump, anunciou na quarta-feira que a primeira fase do seu plano de paz para a Faixa de Gaza foi aceite pelo Hamas, que libertar\u00e1 os restantes ref\u00e9ns, e por Israel, que retirar\u00e1 as suas for\u00e7as para uma zona demarcada.<\/p>\n<p>O plano de paz de 20 pontos elaborado por Trump para p\u00f4r fim \u00e0 guerra em Gaza foi negociado no Egito desde segunda-feira entre delega\u00e7\u00f5es de Israel e do Hamas, com mediadores.<\/p>\n<p>Os primeiros pontos do plano, apresentado na Casa Branca a 29 de setembro, incluem o fim da ofensiva israelita em Gaza e a liberta\u00e7\u00e3o, no prazo de 72 horas, de todos os ref\u00e9ns do Hamas, vivos e mortos. <\/p>\n<p>O plano de Trump inclui ainda o desarmamento do Hamas, a retirada de Israel do enclave, a forma\u00e7\u00e3o de um governo de transi\u00e7\u00e3o na Faixa de Gaza e, a longo prazo, eventuais negocia\u00e7\u00f5es para a cria\u00e7\u00e3o de um Estado palestiniano &#8212; uma op\u00e7\u00e3o que, no entanto, o primeiro-ministro israelita afastou. <\/p>\n<p>O Governo de Netanyahu j\u00e1 ratificou a primeira fase do plano de paz em Gaza e o recuo das tropas dever\u00e1 acontecer em 24 horas, havendo ent\u00e3o 72 horas para a troca de ref\u00e9ns e prisioneiros entre as partes. <\/p>\n<p>No encerramento da campanha do candidato de centro-direita ao governo da Tosc\u00e2nia, Alessandro Tomasi, Salvini criticou ainda a esquerda italiana pela sua posi\u00e7\u00e3o em rela\u00e7\u00e3o ao antissemitismo. <\/p>\n<p>&#8220;Tenho vergonha que em 2025, mesmo em It\u00e1lia, haja uma ca\u00e7a aos judeus que pens\u00e1vamos ter terminado com Hitler e os campos de concentra\u00e7\u00e3o, e a esquerda esteja a brincar com o fogo&#8221;, acrescentou.<\/p>\n<p>A guerra em curso na Faixa de Gaza foi iniciada quando o grupo islamita radical Hamas, que controla este territ\u00f3rio palestiniano, atacou solo israelita, a 07 de outubro de 2023, provocando 1.200 mortos e fazendo 251 ref\u00e9ns. <\/p>\n<p>A retalia\u00e7\u00e3o de Israel j\u00e1 fez mais de 67 mil mortos entre os palestinianos, segundo dados do Minist\u00e9rio da Sa\u00fade de Gaza, controlado pelo Hamas. <\/p>\n<p>Leia Tamb\u00e9m: <a href=\"https:\/\/www.noticiasaominuto.com\/mundo\/2868650\/mais-de-200-mil-pessoas-regressam-ao-norte-de-gaza\" target=\"_blank\" rel=\"noreferrer noopener nofollow\">Mais de 200 mil pessoas regressam ao norte de Gaza<\/a><\/p>\n","protected":false},"excerpt":{"rendered":"&#8220;Se cheg\u00e1mos ao ponto de falar em cessar-fogo, (&#8230;) no regresso dos ref\u00e9ns, na retirada dos ex\u00e9rcitos, na&hellip;\n","protected":false},"author":2,"featured_media":107060,"comment_status":"","ping_status":"","sticky":false,"template":"","format":"standard","meta":{"footnotes":""},"categories":[50],"tags":[27,28,15,16,14,25,26,21,22,62,12,13,19,20,23,24,17,18,29,30,31,63,64,65],"class_list":{"0":"post-107059","1":"post","2":"type-post","3":"status-publish","4":"format-standard","5":"has-post-thumbnail","7":"category-mundo","8":"tag-breaking-news","9":"tag-breakingnews","10":"tag-featured-news","11":"tag-featurednews","12":"tag-headlines","13":"tag-latest-news","14":"tag-latestnews","15":"tag-main-news","16":"tag-mainnews","17":"tag-mundo","18":"tag-news","19":"tag-noticias","20":"tag-noticias-principais","21":"tag-noticiasprincipais","22":"tag-principais-noticias","23":"tag-principaisnoticias","24":"tag-top-stories","25":"tag-topstories","26":"tag-ultimas","27":"tag-ultimas-noticias","28":"tag-ultimasnoticias","29":"tag-world","30":"tag-world-news","31":"tag-worldnews"},"share_on_mastodon":{"url":"","error":""},"_links":{"self":[{"href":"https:\/\/www.europesays.com\/pt\/wp-json\/wp\/v2\/posts\/107059","targetHints":{"allow":["GET"]}}],"collection":[{"href":"https:\/\/www.europesays.com\/pt\/wp-json\/wp\/v2\/posts"}],"about":[{"href":"https:\/\/www.europesays.com\/pt\/wp-json\/wp\/v2\/types\/post"}],"author":[{"embeddable":true,"href":"https:\/\/www.europesays.com\/pt\/wp-json\/wp\/v2\/users\/2"}],"replies":[{"embeddable":true,"href":"https:\/\/www.europesays.com\/pt\/wp-json\/wp\/v2\/comments?post=107059"}],"version-history":[{"count":0,"href":"https:\/\/www.europesays.com\/pt\/wp-json\/wp\/v2\/posts\/107059\/revisions"}],"wp:featuredmedia":[{"embeddable":true,"href":"https:\/\/www.europesays.com\/pt\/wp-json\/wp\/v2\/media\/107060"}],"wp:attachment":[{"href":"https:\/\/www.europesays.com\/pt\/wp-json\/wp\/v2\/media?parent=107059"}],"wp:term":[{"taxonomy":"category","embeddable":true,"href":"https:\/\/www.europesays.com\/pt\/wp-json\/wp\/v2\/categories?post=107059"},{"taxonomy":"post_tag","embeddable":true,"href":"https:\/\/www.europesays.com\/pt\/wp-json\/wp\/v2\/tags?post=107059"}],"curies":[{"name":"wp","href":"https:\/\/api.w.org\/{rel}","templated":true}]}}