{"id":107068,"date":"2025-10-12T00:49:11","date_gmt":"2025-10-12T00:49:11","guid":{"rendered":"https:\/\/www.europesays.com\/pt\/107068\/"},"modified":"2025-10-12T00:49:11","modified_gmt":"2025-10-12T00:49:11","slug":"ruben-neves-desbloqueou-o-portugal-irlanda-e-dedicou-o-golo-a-diogo-jota","status":"publish","type":"post","link":"https:\/\/www.europesays.com\/pt\/107068\/","title":{"rendered":"Ruben Neves desbloqueou o Portugal-Irlanda e dedicou o golo a Diogo Jota"},"content":{"rendered":"<p>Ruben Neves foi o protagonista do Portugal-Irlanda, ao marcar o \u00fanico golo da sele\u00e7\u00e3o nacional, esta noite, em Alvalade, na 4.\u00aa ronda do apuramento europeu para o Mundial 2026.<\/p>\n<p>O m\u00e9dio marcou de cabe\u00e7a, ap\u00f3s centro de Francisco Trinc\u00e3o e dedicou o golo ao malogrado Diogo Jota, o seu melhor amigo, v\u00edtima mortal de um acidente de via\u00e7\u00e3o em Espanha, em julho, que tamb\u00e9m vitimou o irm\u00e3o do internacional portugu\u00eas.<\/p>\n<p><a href=\"https:\/\/sportinforma.sapo.pt\/futebol\/mundial-qualificacao-europa\/fotos\/apuramento-mundial-2026-portugal-irlanda\" target=\"_blank\" rel=\"noreferrer noopener nofollow\">FOTOS: O Portugal-Irlanda em imagens<\/a><\/p>\n<p>De referir que Diogo Jota j\u00e1 tinha sido homenageado em Alvalade, ao minuto 21: os adeptos ergueram-se dos seus lugares nas bancadas e, durante um minuto, prestaram uma bonita <a href=\"https:\/\/x.com\/sporttvportugal\/status\/1977090091769016583\" target=\"_blank\" rel=\"noreferrer noopener nofollow\">homenagem a Diogo Jota<\/a>, com muitas palmas.<\/p>\n<p>Portugal lidera o Grupo F com nove pontos, a Hungria tem quatro, mais um que a Arm\u00e9nia. A Irlanda tem um ponto.<\/p>\n<p><a href=\"https:\/\/sportinforma.sapo.pt\/\" target=\"_blank\" rel=\"noreferrer noopener nofollow\">&#8211; Tudo sobre o desporto nacional e internacional em<b id=\"s-b-embed-68\" data-stringify-type=\"bold\">\u00a0<\/b><b>sportinforma.sapo.pt &#8211;<\/b><\/a><\/p>\n","protected":false},"excerpt":{"rendered":"Ruben Neves foi o protagonista do Portugal-Irlanda, ao marcar o \u00fanico golo da sele\u00e7\u00e3o nacional, esta noite, em&hellip;\n","protected":false},"author":2,"featured_media":107069,"comment_status":"","ping_status":"","sticky":false,"template":"","format":"standard","meta":{"footnotes":""},"categories":[87],"tags":[135,32,33,134],"class_list":{"0":"post-107068","1":"post","2":"type-post","3":"status-publish","4":"format-standard","5":"has-post-thumbnail","7":"category-desporto","8":"tag-desporto","9":"tag-portugal","10":"tag-pt","11":"tag-sports"},"share_on_mastodon":{"url":"","error":""},"_links":{"self":[{"href":"https:\/\/www.europesays.com\/pt\/wp-json\/wp\/v2\/posts\/107068","targetHints":{"allow":["GET"]}}],"collection":[{"href":"https:\/\/www.europesays.com\/pt\/wp-json\/wp\/v2\/posts"}],"about":[{"href":"https:\/\/www.europesays.com\/pt\/wp-json\/wp\/v2\/types\/post"}],"author":[{"embeddable":true,"href":"https:\/\/www.europesays.com\/pt\/wp-json\/wp\/v2\/users\/2"}],"replies":[{"embeddable":true,"href":"https:\/\/www.europesays.com\/pt\/wp-json\/wp\/v2\/comments?post=107068"}],"version-history":[{"count":0,"href":"https:\/\/www.europesays.com\/pt\/wp-json\/wp\/v2\/posts\/107068\/revisions"}],"wp:featuredmedia":[{"embeddable":true,"href":"https:\/\/www.europesays.com\/pt\/wp-json\/wp\/v2\/media\/107069"}],"wp:attachment":[{"href":"https:\/\/www.europesays.com\/pt\/wp-json\/wp\/v2\/media?parent=107068"}],"wp:term":[{"taxonomy":"category","embeddable":true,"href":"https:\/\/www.europesays.com\/pt\/wp-json\/wp\/v2\/categories?post=107068"},{"taxonomy":"post_tag","embeddable":true,"href":"https:\/\/www.europesays.com\/pt\/wp-json\/wp\/v2\/tags?post=107068"}],"curies":[{"name":"wp","href":"https:\/\/api.w.org\/{rel}","templated":true}]}}