{"id":107078,"date":"2025-10-12T01:00:14","date_gmt":"2025-10-12T01:00:14","guid":{"rendered":"https:\/\/www.europesays.com\/pt\/107078\/"},"modified":"2025-10-12T01:00:14","modified_gmt":"2025-10-12T01:00:14","slug":"bruna-gomes-sofre-problema-de-saude-e-fica-sem-poder-falar-secret-story","status":"publish","type":"post","link":"https:\/\/www.europesays.com\/pt\/107078\/","title":{"rendered":"Bruna Gomes sofre problema de sa\u00fade e fica sem poder falar &#8211; Secret Story"},"content":{"rendered":"<p style=\"margin-bottom:11px\">Bruna Gomes, <a href=\"https:\/\/tvi.iol.pt\/secretstory\/videos\/bruna-gomes-faz-discurso-sobre-liliana-depois-de-confronto-com-ze-esta-falta-de-respeito-tira-me-do-serio\/68d9b7080cf285ab53a5fd51\" rel=\"nofollow noopener\" target=\"_blank\">comentadora das do Secret Story 9<\/a>, sofreu um problema de sa\u00fade s\u00e9rio este s\u00e1bado, v\u00e9spera de gala, que a deixou impedida de falar por algumas horas.\u00a0<\/p>\n<p>\u00abTive uma rea\u00e7\u00e3o al\u00e9rgica e estou com a garganta fechada. Hoje preciso ficar de (emoji da boca fechada) porque amanh\u00e3 preciso de estar a 100\u00bb, escreveu nos stories das redes sociais.\u00a0<\/p>\n<p><img loading=\"lazy\" decoding=\"async\" alt=\"\" height=\"913\" src=\"https:\/\/www.europesays.com\/pt\/wp-content\/uploads\/2025\/10\/68ea9fcad34e58bc6796c8f6.webp\" width=\"500\"\/><\/p>\n<p>Isto acontece numa altura em que\u00a0<a href=\"https:\/\/tvi.iol.pt\/secretstory\/bruna-gomes\/10-10-2025\/bruna-gomes-planeia-acontecimento-marcante-e-uma-data-importante\" rel=\"nofollow noopener\" target=\"_blank\">Bruna Gomes j\u00e1 est\u00e1 a planear um acontecimento importante<\/a>: o seu 30\u00ba anivers\u00e1rio. Em declara\u00e7\u00f5es \u00e0 SELFIE, \u00e0 margem da Moda Lisboa, a ex-concorrente do Big Brother contou tudo.\u00a0<\/p>\n<p>\u00abVou fazer 30 anos e ainda tenho de decidir se fa\u00e7o uma festa aqui ou no Brasil. \u00c9 uma data importante, porque dizem que todas as vezes que mudamos a d\u00e9cada, muda alguma coisa\u00bb, disse citada pela referida publica\u00e7\u00e3o.\u00a0<\/p>\n<p>A tamb\u00e9m comentadora da atual edi\u00e7\u00e3o do Secret Story, acrescentou: \u00abFa\u00e7o sempre balan\u00e7os. Sinto-me orgulhosa de tudo o que fiz ao longo dos anos\u00bb.\u00a0<\/p>\n<p>\u00a0<\/p>\n<p>\u00a0<\/p>\n","protected":false},"excerpt":{"rendered":"Bruna Gomes, comentadora das do Secret Story 9, sofreu um problema de sa\u00fade s\u00e9rio este s\u00e1bado, v\u00e9spera de&hellip;\n","protected":false},"author":2,"featured_media":107079,"comment_status":"","ping_status":"","sticky":false,"template":"","format":"standard","meta":{"footnotes":""},"categories":[142],"tags":[18706,800,114,115,18705,32,33,151,18704],"class_list":{"0":"post-107078","1":"post","2":"type-post","3":"status-publish","4":"format-standard","5":"has-post-thumbnail","7":"category-tv","8":"tag-bastidores-secret-story","9":"tag-bruna-gomes","10":"tag-entertainment","11":"tag-entretenimento","12":"tag-entrevistas-concorrentes-tvi","13":"tag-portugal","14":"tag-pt","15":"tag-tv","16":"tag-vida-fora-da-casa"},"share_on_mastodon":{"url":"","error":""},"_links":{"self":[{"href":"https:\/\/www.europesays.com\/pt\/wp-json\/wp\/v2\/posts\/107078","targetHints":{"allow":["GET"]}}],"collection":[{"href":"https:\/\/www.europesays.com\/pt\/wp-json\/wp\/v2\/posts"}],"about":[{"href":"https:\/\/www.europesays.com\/pt\/wp-json\/wp\/v2\/types\/post"}],"author":[{"embeddable":true,"href":"https:\/\/www.europesays.com\/pt\/wp-json\/wp\/v2\/users\/2"}],"replies":[{"embeddable":true,"href":"https:\/\/www.europesays.com\/pt\/wp-json\/wp\/v2\/comments?post=107078"}],"version-history":[{"count":0,"href":"https:\/\/www.europesays.com\/pt\/wp-json\/wp\/v2\/posts\/107078\/revisions"}],"wp:featuredmedia":[{"embeddable":true,"href":"https:\/\/www.europesays.com\/pt\/wp-json\/wp\/v2\/media\/107079"}],"wp:attachment":[{"href":"https:\/\/www.europesays.com\/pt\/wp-json\/wp\/v2\/media?parent=107078"}],"wp:term":[{"taxonomy":"category","embeddable":true,"href":"https:\/\/www.europesays.com\/pt\/wp-json\/wp\/v2\/categories?post=107078"},{"taxonomy":"post_tag","embeddable":true,"href":"https:\/\/www.europesays.com\/pt\/wp-json\/wp\/v2\/tags?post=107078"}],"curies":[{"name":"wp","href":"https:\/\/api.w.org\/{rel}","templated":true}]}}