{"id":107082,"date":"2025-10-12T01:03:09","date_gmt":"2025-10-12T01:03:09","guid":{"rendered":"https:\/\/www.europesays.com\/pt\/107082\/"},"modified":"2025-10-12T01:03:09","modified_gmt":"2025-10-12T01:03:09","slug":"rui-costa-explica-lista-escolhi-pessoas-serias-e-com-vontade-de-trabalhar","status":"publish","type":"post","link":"https:\/\/www.europesays.com\/pt\/107082\/","title":{"rendered":"Rui Costa explica lista: \u00abEscolhi pessoas s\u00e9rias e com vontade de trabalhar\u00bb"},"content":{"rendered":"<p>Rui Costa n\u00e3o escondeu o orgulho pelas listas que apresentou para os \u00f3rg\u00e3os sociais do <a target=\"_blank\" class=\"editor-link autolink-enabled\" href=\"https:\/\/www.abola.pt\/futebol\/benfica-450\" data-resource-id=\"450\" data-resource-type=\"team\" data-sport=\"football\" rel=\"nofollow noopener\">Benfica<\/a>, no contexto das elei\u00e7\u00f5es de 25 de outubro. O presidente dos encarnados e candidato a um segundo mandato reiterou confian\u00e7a nos nomes escolhidos: \u00abEstou muito orgulhoso da pr\u00f3xima dire\u00e7\u00e3o que me acompanhar\u00e1. Escolhi pessoas s\u00e9rias, com vontade de trabalhar e que muito bem ficam. Quando olho para o elenco escolhemos, fico muito, muito satisfeito.\u00bb<\/p>\n<p>Antes de destacar as principais mudan\u00e7as efetuadas em rela\u00e7\u00e3o \u00e0 atual dire\u00e7\u00e3o, Rui Costa homenageou os dirigentes cessantes: \u00abAgrade\u00e7o do fundo do cora\u00e7\u00e3o a todos aqueles que n\u00e3o continuar\u00e3o comigo por tudo aquilo que deram ao Benfica. Quando se est\u00e1 deste lado e o clube n\u00e3o ganha somos todos os filhos da m\u00e3e. Mas a verdade \u00e9 que deste lado tamb\u00e9m h\u00e1 benfiquistas s\u00e9rios e pioneiros.\u00bb<\/p>\n<p>Da atual Dire\u00e7\u00e3o transitar\u00e3o com o atual presidente tr\u00eas &#8216;vices&#8217;. Manuel de Brito, Jos\u00e9 Gandarez e Domingos de Almeida Lima, que acompanhou Rui Costa em campanha at\u00e9 ao Sul do Pa\u00eds. <\/p>\n<p>O dirigente m\u00e1ximo dos encarnados analisou as caras novas na lista para a dire\u00e7\u00e3o, come\u00e7ando por Nuno Catarino, atual CFO do clube: \u00abO Doutor Nuno Catarino veio h\u00e1 um ano e pouco para a administra\u00e7\u00e3o e tem feito um excelente trabalho, O resultado que n\u00f3s tivemos este ano muito se deve ao trabalho que ele desenvolveu no clube. Estou muito orgulhoso daquilo que est\u00e1 a fazer\u00bb, come\u00e7ou por dizer.<\/p>\n<p>Rui Costa n\u00e3o escondeu o orgulho, posteriormente, pela presen\u00e7a da lenda do <a class=\"autolink-enabled\" data-resource-id=\"450\" data-resource-type=\"team\" data-sport=\"football\" href=\"https:\/\/www.abola.pt\/futebol\/benfica-450\" rel=\"nofollow noopener\" target=\"_blank\">Benfica<\/a>, Humberto Coelho, como candidato a vice-presidente: \u00ab\u00c9 uma honra para mim, mas deve ser uma honra para todos os benfiquistas, o grande capit\u00e3o.\u00bb<\/p>\n<p>\u00abE deixei para o fim o vosso conterr\u00e2neo\u00bb, explicou Rui Costa, apresentando Tom\u00e1s Barroso, antigo capit\u00e3o da equipa de basquetebol do Benfica candidato a vice-presidente para as modalidades. O presidente das \u00e1guias saudou a disponibilidade do antigo base, que terminou a carreira em 2023: \u00abEstou muito satisfeito que tenha aceite este desafio, sobretudo porque ele tem visto o que \u00e9 que temos feito para crescer tamb\u00e9m naquela \u00e1rea. Uma pessoa jovem, conhecedora do clube.\u00bb<\/p>\n<p>            <img decoding=\"async\" src=\"https:\/\/www.europesays.com\/pt\/wp-content\/uploads\/2025\/10\/d5285d87-2447-4804-9cef-cce5c3a01a6a.jpg\" alt=\"\" width=\"620\" class=\"w-full object-cover\"\/><\/p>\n<p>                    Tom\u00e1s Barroso, antigo jogador de basquetebol do Benfica  (S\u00c9RGIO MIGUEL SANTOS\/ASF)<\/p>\n<p>Tom\u00e1s Barroso conquistou 22 t\u00edtulos, distribu\u00eddos por 12 temporadas de \u00e1guia ao peito. O antigo internacional luso \u00e9 atualmente coordenador das equipas de basquetebol masculino e feminino do Benfica. <\/p>\n","protected":false},"excerpt":{"rendered":"Rui Costa n\u00e3o escondeu o orgulho pelas listas que apresentou para os \u00f3rg\u00e3os sociais do Benfica, no contexto&hellip;\n","protected":false},"author":2,"featured_media":105379,"comment_status":"","ping_status":"","sticky":false,"template":"","format":"standard","meta":{"footnotes":""},"categories":[87],"tags":[135,32,33,134],"class_list":{"0":"post-107082","1":"post","2":"type-post","3":"status-publish","4":"format-standard","5":"has-post-thumbnail","7":"category-desporto","8":"tag-desporto","9":"tag-portugal","10":"tag-pt","11":"tag-sports"},"share_on_mastodon":{"url":"","error":""},"_links":{"self":[{"href":"https:\/\/www.europesays.com\/pt\/wp-json\/wp\/v2\/posts\/107082","targetHints":{"allow":["GET"]}}],"collection":[{"href":"https:\/\/www.europesays.com\/pt\/wp-json\/wp\/v2\/posts"}],"about":[{"href":"https:\/\/www.europesays.com\/pt\/wp-json\/wp\/v2\/types\/post"}],"author":[{"embeddable":true,"href":"https:\/\/www.europesays.com\/pt\/wp-json\/wp\/v2\/users\/2"}],"replies":[{"embeddable":true,"href":"https:\/\/www.europesays.com\/pt\/wp-json\/wp\/v2\/comments?post=107082"}],"version-history":[{"count":0,"href":"https:\/\/www.europesays.com\/pt\/wp-json\/wp\/v2\/posts\/107082\/revisions"}],"wp:featuredmedia":[{"embeddable":true,"href":"https:\/\/www.europesays.com\/pt\/wp-json\/wp\/v2\/media\/105379"}],"wp:attachment":[{"href":"https:\/\/www.europesays.com\/pt\/wp-json\/wp\/v2\/media?parent=107082"}],"wp:term":[{"taxonomy":"category","embeddable":true,"href":"https:\/\/www.europesays.com\/pt\/wp-json\/wp\/v2\/categories?post=107082"},{"taxonomy":"post_tag","embeddable":true,"href":"https:\/\/www.europesays.com\/pt\/wp-json\/wp\/v2\/tags?post=107082"}],"curies":[{"name":"wp","href":"https:\/\/api.w.org\/{rel}","templated":true}]}}