{"id":107093,"date":"2025-10-12T01:16:11","date_gmt":"2025-10-12T01:16:11","guid":{"rendered":"https:\/\/www.europesays.com\/pt\/107093\/"},"modified":"2025-10-12T01:16:11","modified_gmt":"2025-10-12T01:16:11","slug":"critica-o-ultimo-episodio-de-caverna-do-dragao-a-dor-da-perda-filme-mineiro-usa-a-nostalgia-para-tocar-coracoes","status":"publish","type":"post","link":"https:\/\/www.europesays.com\/pt\/107093\/","title":{"rendered":"Cr\u00edtica | &#8216;O \u00daltimo Epis\u00f3dio&#8217; &#8211; De &#8216;Caverna do Drag\u00e3o&#8217; \u00e0 dor da perda: Filme mineiro usa a nostalgia para tocar cora\u00e7\u00f5es"},"content":{"rendered":"<p>O que se aprende, o que d\u00f3i, o que nos deixa vivo: o sonhar! Voc\u00ea tamb\u00e9m adorava assistir ao desenho <strong><a href=\"https:\/\/cinepop.com.br\/tag\/caverna-do-dragao\/\" title=\"Caverna do Drag\u00e3o\" rel=\"nofollow noopener\" target=\"_blank\">Caverna do Drag\u00e3o<\/a><\/strong>? Ent\u00e3o, acho que voc\u00ea vai gostar desse filme que vamos citar agora! Chega aos cinemas brasileiros nesse in\u00edcio de outubro uma produ\u00e7\u00e3o que utiliza a nostalgia com muita delicadeza e simpatia para retratar realidades de um Brasil que, mesmo enfrentando dificuldades, nunca deixa de sonhar.<\/p>\n<p>Trazendo para o centro do discurso a cultura pop, os dramas familiares, e aquele olhar carinhoso sobre a juventude<strong>, <a href=\"https:\/\/cinepop.com.br\/tag\/o-ultimo-episodio\/\" title=\"O \u00daltimo Epis\u00f3dio\" rel=\"nofollow noopener\" target=\"_blank\">O \u00daltimo Epis\u00f3dio<\/a><\/strong> \u2013 primeiro longa-metragem solo do mineiro <strong><a href=\"https:\/\/cinepop.com.br\/tag\/maurilio-martins\/\" title=\"Maurilio Martins\" rel=\"nofollow noopener\" target=\"_blank\">Maurilio Martins<\/a><\/strong> \u2013 \u00e9 um projeto que liga a dor da perda \u00e0s surpresas de quem curte se deixar envolver por boas hist\u00f3rias.<\/p>\n<p><img fetchpriority=\"high\" decoding=\"async\" src=\"https:\/\/www.europesays.com\/pt\/wp-content\/uploads\/2025\/10\/episodio.jpg\" alt=\"\" width=\"1300\" height=\"545\"  \/><\/p>\n<p>Ambientado em Laguna, um bairro de Contagem, em Minas Gerais, no in\u00edcio da d\u00e9cada de 1990, acompanhamos a hist\u00f3ria de um jovem que est\u00e1 \u00e0 beira de momentos importantes de sua vida. Um dia, resolve espalhar uma not\u00edcia inusitada: afirma ter o \u00faltimo epis\u00f3dio do seriado <strong><a href=\"https:\/\/cinepop.com.br\/tag\/caverna-do-dragao\/\" title=\"Caverna do Drag\u00e3o\" rel=\"nofollow noopener\" target=\"_blank\">Caverna do Drag\u00e3o<\/a><\/strong> \u2013 algo que o coloca de frente com situa\u00e7\u00f5es inusitadas.<\/p>\n<p><img loading=\"lazy\" decoding=\"async\" src=\"https:\/\/www.europesays.com\/pt\/wp-content\/uploads\/2025\/10\/episodio3.jpg\" alt=\"\" width=\"1024\" height=\"429\"  \/><\/p>\n<p>A dor da falta leva a simp\u00e1tica com\u00e9dia a um mergulho nas camadas dram\u00e1ticas. O pai, recorrente na trama, tem papel preponderante no campo emocional, um alicerce que ajuda a contar essa hist\u00f3ria. O alvo do discurso busca um Brasil pr\u00f3ximo de muitos de n\u00f3s \u2013 trabalhadores, sonhadores \u2013, que se mostra valente em torno dos obst\u00e1culos cotidianos.<\/p>\n<p><img loading=\"lazy\" decoding=\"async\" src=\"https:\/\/www.europesays.com\/pt\/wp-content\/uploads\/2025\/10\/episodio2.jpg\" alt=\"\" width=\"1300\" height=\"545\"  \/><\/p>\n<p>Assim, em um roteiro que funciona na sua simplicidade e pelo tom da nostalgia, caminhamos pelas dificuldades cotidianas do protagonista ao lado da m\u00e3e, o flerte com o primeiro amor, as responsabilidades que chegam ao lado da imaturidade, al\u00e9m da constru\u00e7\u00e3o, tijolo por tijolo, das grandes amizades. Li\u00e7\u00f5es n\u00e3o faltam nesse simp\u00e1tico longa-metragem que, mesmo n\u00e3o conseguindo chegar em camadas muito profundas com uma dire\u00e7\u00e3o que n\u00e3o se arrisca, convence pela poesia honesta \u2013 e p\u00e9s no ch\u00e3o \u2013 que prop\u00f5e.<\/p>\n","protected":false},"excerpt":{"rendered":"O que se aprende, o que d\u00f3i, o que nos deixa vivo: o sonhar! Voc\u00ea tamb\u00e9m adorava assistir&hellip;\n","protected":false},"author":2,"featured_media":107094,"comment_status":"","ping_status":"","sticky":false,"template":"","format":"standard","meta":{"footnotes":""},"categories":[140],"tags":[114,115,147,148,146,32,33],"class_list":{"0":"post-107093","1":"post","2":"type-post","3":"status-publish","4":"format-standard","5":"has-post-thumbnail","7":"category-filmes","8":"tag-entertainment","9":"tag-entretenimento","10":"tag-film","11":"tag-filmes","12":"tag-movies","13":"tag-portugal","14":"tag-pt"},"share_on_mastodon":{"url":"","error":""},"_links":{"self":[{"href":"https:\/\/www.europesays.com\/pt\/wp-json\/wp\/v2\/posts\/107093","targetHints":{"allow":["GET"]}}],"collection":[{"href":"https:\/\/www.europesays.com\/pt\/wp-json\/wp\/v2\/posts"}],"about":[{"href":"https:\/\/www.europesays.com\/pt\/wp-json\/wp\/v2\/types\/post"}],"author":[{"embeddable":true,"href":"https:\/\/www.europesays.com\/pt\/wp-json\/wp\/v2\/users\/2"}],"replies":[{"embeddable":true,"href":"https:\/\/www.europesays.com\/pt\/wp-json\/wp\/v2\/comments?post=107093"}],"version-history":[{"count":0,"href":"https:\/\/www.europesays.com\/pt\/wp-json\/wp\/v2\/posts\/107093\/revisions"}],"wp:featuredmedia":[{"embeddable":true,"href":"https:\/\/www.europesays.com\/pt\/wp-json\/wp\/v2\/media\/107094"}],"wp:attachment":[{"href":"https:\/\/www.europesays.com\/pt\/wp-json\/wp\/v2\/media?parent=107093"}],"wp:term":[{"taxonomy":"category","embeddable":true,"href":"https:\/\/www.europesays.com\/pt\/wp-json\/wp\/v2\/categories?post=107093"},{"taxonomy":"post_tag","embeddable":true,"href":"https:\/\/www.europesays.com\/pt\/wp-json\/wp\/v2\/tags?post=107093"}],"curies":[{"name":"wp","href":"https:\/\/api.w.org\/{rel}","templated":true}]}}