{"id":107107,"date":"2025-10-12T01:30:24","date_gmt":"2025-10-12T01:30:24","guid":{"rendered":"https:\/\/www.europesays.com\/pt\/107107\/"},"modified":"2025-10-12T01:30:24","modified_gmt":"2025-10-12T01:30:24","slug":"com-males-honestino-e-barao-de-itarare-historia-do-brasil-invade-o-cinema","status":"publish","type":"post","link":"https:\/\/www.europesays.com\/pt\/107107\/","title":{"rendered":"Com \u201cMal\u00eas\u201d, \u201cHonestino\u201d e \u201cBar\u00e3o de Itarar\u00e9\u201d, Hist\u00f3ria do Brasil invade o cinema"},"content":{"rendered":"<p class=\"date\">\n                    Publicado 10\/10\/2025 17:19                                        | Editado 11\/10\/2025 11:50                                    <\/p>\n<p>                    <img decoding=\"async\" src=\"https:\/\/www.europesays.com\/pt\/wp-content\/uploads\/2025\/10\/Design-sem-nome-63.png\" class=\"\"\/>                    Ant\u00f4nio Pitanga (ao centro) protagoniza e dirige &#8220;Mal\u00eas&#8221;, que est\u00e1 em cartaz desde 2 de outubro<\/p>\n<p>Numa das pr\u00e9-estreias de Mal\u00eas, Ant\u00f4nio Pitanga fez um vigoroso discurso em defesa do audiovisual brasileiro. Relembrando o Cinema Novo, o veterano ator e diretor, de 86 anos, afirmou que \u201cresgatar a brasilidade\u201d \u00e9 a miss\u00e3o dos filmes produzidos no Pa\u00eds \u2013 ontem e hoje. \u201cMergulhamos no s\u00e9culo 19. Mal\u00eas traz o farol e a luz para que n\u00f3s possamos discutir e at\u00e9 querer saber mais sobre esse s\u00e9culo \u2013 o s\u00e9culo mais importante do Brasil\u201d, afirmou Pitanga.<\/p>\n<p>Em cartaz nos cinemas, Mal\u00eas \u00e9 um drama hist\u00f3rico ambientado na Salvador de 1835 e reconstitui um dos mais extraordin\u00e1rios levantes antiescravagistas na Hist\u00f3ria do Brasil \u2013 a Revolta dos Mal\u00eas. Com roteiro assinado por Mariana Dias \u2013 a autora da nova vers\u00e3o de Vale Tudo, na TV Globo \u2013, o longa \u00e9 dirigido por Pitanga, que idealizou esse projeto h\u00e1 29 anos.<\/p>\n<p>O filme estreou num momento elevado do cinema nacional, que teve como divisor de \u00e1guas a entrega do Oscar de Melhor Filme Internacional para Ainda Estou Aqui, de Walter Salles. Em comum com Mal\u00eas, Ainda Estou Aqui tamb\u00e9m usa fatos hist\u00f3ricos como sua mat\u00e9ria-prima.<\/p>\n<p>A tend\u00eancia \u00e9 que essa onda de \u201cbrasilidade\u201d \u2013 para usar o termo evocado por Pitanga \u2013 se estenda por mais tempo. O Festival Internacional de Cinema do Rio de Janeiro, que vai de 2 a 12 de outubro, marca a estreia de outros filmes nacionais inspirados em fatos ver\u00eddicos. \u00c9 a Hist\u00f3ria do Brasil invadindo as telonas do cinema.<\/p>\n<p>Nesta quinta-feira (9), estreou no Festival do Rio o docudrama Honestino, que lembra a hist\u00f3ria do l\u00edder estudantil Honestino Guimar\u00e3es. Em 1973, quando era presidente da UNE (Uni\u00e3o Nacional dos Estudantes), o ativista foi sequestrado e morto pela ditadura militar. O filme, estrelado pelo ator Bruno Gagliasso (de Marighela) e coproduzido pela pr\u00f3pria UNE, mostra arquivos in\u00e9ditos e depoimentos exclusivos sobre Guimar\u00e3es.<\/p>\n<p><img fetchpriority=\"high\" decoding=\"async\" width=\"750\" height=\"750\" src=\"https:\/\/www.europesays.com\/pt\/wp-content\/uploads\/2025\/10\/1760125823242957.jpg\" alt=\"Montagem com cenas do filme &quot;Honestino&quot;\" class=\"wp-image-728434\"  \/><\/p>\n<p>J\u00e1 Opera\u00e7\u00e3o Condor, de Andr\u00e9 Sturm, \u00e9 uma fic\u00e7\u00e3o que conta a hist\u00f3ria do pacto entre os Estados Unidos e as ditaduras do Cone Sul, na d\u00e9cada de 1970, para eliminar \u201cinimigos pol\u00edticos\u201d. O elenco do filme tem \u00e0 frente Mel Lisboa, no papel de uma jornalista que investiga as misteriosas mortes dos ex-presidentes Juscelino Kubitscheck e Jo\u00e3o Goulart. <\/p>\n<p>Em tom leve e descontra\u00eddo, Renato Terra e Arnaldo Branco lan\u00e7am O Brasil Que N\u00e3o Houve \u2013 As Aventuras do Bar\u00e3o de Itarar\u00e9 no Reino de Get\u00falio Vargas. Narrado pelo humorista Gregorio Duvivier, o document\u00e1rio gira em torno do jornalista Appar\u00edcio Torelly, o Bar\u00e3o de Itarar\u00e9, que chegou a ser vereador do Rio de Janeiro pelo Partido Comunista. Ele \u00e9 considerado um dos precursores do humorismo pol\u00edtico no Pa\u00eds, numa \u00e9poca em que esse tipo de manifesta\u00e7\u00e3o dava cadeia.<\/p>\n","protected":false},"excerpt":{"rendered":"Publicado 10\/10\/2025 17:19 | Editado 11\/10\/2025 11:50 Ant\u00f4nio Pitanga (ao centro) protagoniza e dirige &#8220;Mal\u00eas&#8221;, que est\u00e1 em&hellip;\n","protected":false},"author":2,"featured_media":107108,"comment_status":"","ping_status":"","sticky":false,"template":"","format":"standard","meta":{"footnotes":""},"categories":[140],"tags":[114,115,147,148,146,32,33],"class_list":{"0":"post-107107","1":"post","2":"type-post","3":"status-publish","4":"format-standard","5":"has-post-thumbnail","7":"category-filmes","8":"tag-entertainment","9":"tag-entretenimento","10":"tag-film","11":"tag-filmes","12":"tag-movies","13":"tag-portugal","14":"tag-pt"},"share_on_mastodon":{"url":"","error":""},"_links":{"self":[{"href":"https:\/\/www.europesays.com\/pt\/wp-json\/wp\/v2\/posts\/107107","targetHints":{"allow":["GET"]}}],"collection":[{"href":"https:\/\/www.europesays.com\/pt\/wp-json\/wp\/v2\/posts"}],"about":[{"href":"https:\/\/www.europesays.com\/pt\/wp-json\/wp\/v2\/types\/post"}],"author":[{"embeddable":true,"href":"https:\/\/www.europesays.com\/pt\/wp-json\/wp\/v2\/users\/2"}],"replies":[{"embeddable":true,"href":"https:\/\/www.europesays.com\/pt\/wp-json\/wp\/v2\/comments?post=107107"}],"version-history":[{"count":0,"href":"https:\/\/www.europesays.com\/pt\/wp-json\/wp\/v2\/posts\/107107\/revisions"}],"wp:featuredmedia":[{"embeddable":true,"href":"https:\/\/www.europesays.com\/pt\/wp-json\/wp\/v2\/media\/107108"}],"wp:attachment":[{"href":"https:\/\/www.europesays.com\/pt\/wp-json\/wp\/v2\/media?parent=107107"}],"wp:term":[{"taxonomy":"category","embeddable":true,"href":"https:\/\/www.europesays.com\/pt\/wp-json\/wp\/v2\/categories?post=107107"},{"taxonomy":"post_tag","embeddable":true,"href":"https:\/\/www.europesays.com\/pt\/wp-json\/wp\/v2\/tags?post=107107"}],"curies":[{"name":"wp","href":"https:\/\/api.w.org\/{rel}","templated":true}]}}