{"id":107109,"date":"2025-10-12T01:31:12","date_gmt":"2025-10-12T01:31:12","guid":{"rendered":"https:\/\/www.europesays.com\/pt\/107109\/"},"modified":"2025-10-12T01:31:12","modified_gmt":"2025-10-12T01:31:12","slug":"saw-volta-aos-estados-unidos-para-a-frag-ultra-mega-jersey","status":"publish","type":"post","link":"https:\/\/www.europesays.com\/pt\/107109\/","title":{"rendered":"SAW volta aos Estados Unidos para a FRAG Ultra Mega Jersey"},"content":{"rendered":"<p style=\"text-align: justify;\"><strong>A SAW vai voltar aos Estados Unidos para disputar a FRAG Ultra Mega Jersey ao lado de nomes como BIG, Wildcard ou Sharks.<\/strong><\/p>\n<p style=\"text-align: justify;\">Numa competi\u00e7\u00e3o marcada maioritariamente pela presen\u00e7a de emblemas norte-americanos, a SAW voltar\u00e1 a tentar a sua sorte para amealhar pontos VRS.<\/p>\n<p style=\"text-align: justify;\">Depois de ter falhado o Major com a elimina\u00e7\u00e3o nos \u2018quartos\u2019 da Fragadelphia Blocktober, a equipa portuguesa tentar\u00e1 melhorar a presta\u00e7\u00e3o dessa \u00faltima presen\u00e7a.<\/p>\n<p style=\"text-align: justify;\">Nesta edi\u00e7\u00e3o, est\u00e3o confirmados nomes como Sharks, Wildcard, M80 ou BIG. Em falta est\u00e3o a grande maioria dos emblemas europeus que tentaram a corrida final ao Major.<\/p>\n<blockquote class=\"twitter-tweet tw-align-center\" data-theme=\"dark\" data-dnt=\"true\" wp_automatic_readability=\"4.2222222222222\">\n<p dir=\"ltr\" lang=\"pt\">De volta \u00e0 <a href=\"https:\/\/twitter.com\/fragadelphia?ref_src=twsrc%5Etfw\" target=\"_blank\" rel=\"nofollow noopener\">@fragadelphia<\/a>! \ud83c\uddfa\ud83c\uddf8<\/p>\n<p>\ud83d\uddde\ufe0f<a href=\"https:\/\/t.co\/jMrwhfHiQy\" target=\"_blank\" rel=\"nofollow\">https:\/\/t.co\/jMrwhfHiQy<\/a> <a href=\"https:\/\/t.co\/rUxUbOH7aA\" target=\"_blank\" rel=\"nofollow\">pic.twitter.com\/rUxUbOH7aA<\/a><\/p>\n<p>\u2014 SAW (@sawggofficial) <a href=\"https:\/\/twitter.com\/sawggofficial\/status\/1976973644934037953?ref_src=twsrc%5Etfw\" target=\"_blank\" rel=\"nofollow noopener\">October 11, 2025<\/a><\/p>\n<\/blockquote>\n<p style=\"text-align: justify;\">A organizadora revelou ainda que existem tr\u00eas vagas em aberto para o torneio e faltam pouco mais de 10 dias para estas inscri\u00e7\u00f5es fecharem.<\/p>\n<p style=\"text-align: justify;\">O quinteto portugu\u00eas rumar\u00e1 aos Estados Unidos ap\u00f3s a participa\u00e7\u00e3o na PGL Bucharest 2025. Estes dois eventos poder\u00e3o definir o in\u00edcio de temporada em 2026, visto que a SAW n\u00e3o marcar\u00e1 presen\u00e7a no Major de Budapeste no final do ano.<\/p>\n<p style=\"text-align: justify;\">O evento est\u00e1 marcado para decorrer entre os dias 7 e 9 de novembro em Glassboro, nos Estados Unidos.<\/p>\n<p style=\"text-align: justify;\">L\u00ea as \u00faltimas novidades dos\u00a0esports\u00a0<a href=\"https:\/\/arena.rtp.pt\/noticias\/\" target=\"_blank\" rel=\"noopener nofollow\"><strong>aqui<\/strong><\/a>.<\/p>\n<p>\t\t\t\t\t\t<script async src=\"https:\/\/platform.twitter.com\/widgets.js\" charset=\"utf-8\"><\/script><\/p>\n","protected":false},"excerpt":{"rendered":"A SAW vai voltar aos Estados Unidos para disputar a FRAG Ultra Mega Jersey ao lado de nomes&hellip;\n","protected":false},"author":2,"featured_media":91951,"comment_status":"","ping_status":"","sticky":false,"template":"","format":"standard","meta":{"footnotes":""},"categories":[87],"tags":[135,32,33,134],"class_list":{"0":"post-107109","1":"post","2":"type-post","3":"status-publish","4":"format-standard","5":"has-post-thumbnail","7":"category-desporto","8":"tag-desporto","9":"tag-portugal","10":"tag-pt","11":"tag-sports"},"share_on_mastodon":{"url":"","error":""},"_links":{"self":[{"href":"https:\/\/www.europesays.com\/pt\/wp-json\/wp\/v2\/posts\/107109","targetHints":{"allow":["GET"]}}],"collection":[{"href":"https:\/\/www.europesays.com\/pt\/wp-json\/wp\/v2\/posts"}],"about":[{"href":"https:\/\/www.europesays.com\/pt\/wp-json\/wp\/v2\/types\/post"}],"author":[{"embeddable":true,"href":"https:\/\/www.europesays.com\/pt\/wp-json\/wp\/v2\/users\/2"}],"replies":[{"embeddable":true,"href":"https:\/\/www.europesays.com\/pt\/wp-json\/wp\/v2\/comments?post=107109"}],"version-history":[{"count":0,"href":"https:\/\/www.europesays.com\/pt\/wp-json\/wp\/v2\/posts\/107109\/revisions"}],"wp:featuredmedia":[{"embeddable":true,"href":"https:\/\/www.europesays.com\/pt\/wp-json\/wp\/v2\/media\/91951"}],"wp:attachment":[{"href":"https:\/\/www.europesays.com\/pt\/wp-json\/wp\/v2\/media?parent=107109"}],"wp:term":[{"taxonomy":"category","embeddable":true,"href":"https:\/\/www.europesays.com\/pt\/wp-json\/wp\/v2\/categories?post=107109"},{"taxonomy":"post_tag","embeddable":true,"href":"https:\/\/www.europesays.com\/pt\/wp-json\/wp\/v2\/tags?post=107109"}],"curies":[{"name":"wp","href":"https:\/\/api.w.org\/{rel}","templated":true}]}}