{"id":107114,"date":"2025-10-12T01:44:09","date_gmt":"2025-10-12T01:44:09","guid":{"rendered":"https:\/\/www.europesays.com\/pt\/107114\/"},"modified":"2025-10-12T01:44:09","modified_gmt":"2025-10-12T01:44:09","slug":"bruna-griphao-se-pronuncia-sobre-polemica-com-vestido-no-casamento-de-lexa-passei-vergonha","status":"publish","type":"post","link":"https:\/\/www.europesays.com\/pt\/107114\/","title":{"rendered":"Bruna Griphao se pronuncia sobre pol\u00eamica com vestido no casamento de Lexa: &#8220;Passei vergonha&#8221;"},"content":{"rendered":"<p>                            <img width=\"944\" height=\"531\" src=\"https:\/\/www.europesays.com\/pt\/wp-content\/uploads\/2025\/10\/Bruna-Griphao-se-pronuncia-sobre-polemica-com-vestido-no-casamento-de-Lexa-Passei-vergonha--944x531..jpeg\" class=\"attachment-custom-large size-custom-large article-featured-image\" alt=\"Bruna Griphao se pronuncia sobre pol\u00eamica com vestido no casamento de Lexa Passei vergonha\" fetchpriority=\"high\" decoding=\"async\"  \/><\/p>\n<p>Bruna Griphoa comentou sobre a pol\u00eamica do vestido na manh\u00e3 deste s\u00e1bado (11) (Foto: Redes sociais, Reprodu\u00e7\u00e3o) <\/p>\n<p>Bruna Griphao comentou na manh\u00e3 deste s\u00e1bado (11) sobre a pol\u00eamica envolvendo o <strong><a href=\"https:\/\/www.nsctotal.com.br\/noticias\/o-vestido-polemico-que-bruna-griphao-usou-no-casamento-de-lexa\" target=\"_blank\" rel=\"noreferrer noopener nofollow\">vestido que usou para o casamento<\/a><\/strong> da cantora Lexa e Ricardo Vienna nesta sexta-feira (10), no Rio de Janeiro, na qual ela era madrinha. Atrav\u00e9s das redes sociais, a atriz disse que a ideia da roupa era outra e que sabe que \u201cpassou vergonha\u201d.<\/p>\n<p>Continua depois da publicidade<\/p>\n<p>\u2014 Gente, eu sei que o vestido estava horr\u00edvel. Era eu ter chegado \u00e0s 15h30 porque as madrinhas tinham que chegar meia hora antes. Eu fiquei presa esperando o vestido. Quando o vestido chegou e eu vi que estava\u2026. Eu ainda pensei em passar em casa e botar qualquer outro vestido azul que eu tivesse porque era para ser azul daquele tom\u2014 falou ela.<\/p>\n<p>Bruna falou que preferiu ir com vestido do que chegar atrasada na cerim\u00f4nia. Ela finalizou dizendo que ideia da roupa era totalmente outra e que \u201cbebeu para esquecer\u201d.<\/p>\n<p>\u2014 O que vale \u00e9 que a gente foi celebrar a uni\u00e3o de duas pessoas que a gente ama. Hist\u00f3ria para contar. Quando a gente ficar velha eu vou falar: \u201clembra do seu casamento que eu fui rid\u00edcula, todo mundo acabou comigo\u201d, e a gente vai rir.<\/p>\n<p>O vestido foi inspirado em princesas aliado ao estilo sexy que Bruna costuma manter nas pe\u00e7as que usa. Quem criou o vestido foi o designer Marcio Ferreira. Assim que as fotos de Bruna se espalharam pelas redes, v\u00e1rios perfis comentaram que ela tinha causado mais uma vez ao escolher um vestido para ir em um casamento.<\/p>\n<p>Continua depois da publicidade<\/p>\n<p>Os coment\u00e1rios em sua maioria se referiam ao fato do vestido ter a apar\u00eancia de dois ao mesmo tempo. \u201cA cinderela quando deu meia-noite\u201d, dizia um coment\u00e1rio, enquanto outro colocou \u201cmetade madrinha, metade convidada\u201d.<\/p>\n<p>Veja as fotos do vestido de Bruna Griphao 1<\/p>\n<p>VoltarAvan\u00e7ar<\/p>\n<p><img loading=\"lazy\" decoding=\"async\" width=\"1200\" height=\"675\" data-id=\"7684708\" src=\"https:\/\/www.europesays.com\/pt\/wp-content\/uploads\/2025\/10\/Vestido-de-Bruna-Griphao-no-casamento-de-Lexa-2.jpg\" alt=\"Vestido de Bruna Griphao no casamento de Lexa \" class=\"wp-image-7684708\"  \/><\/p>\n<p>Vestido de Bruna no casamento de Lexa (Foto: Reprodu\u00e7\u00e3o, Redes Sociais)<\/p>\n<p><img loading=\"lazy\" decoding=\"async\" width=\"1200\" height=\"675\" data-id=\"7684709\" src=\"https:\/\/www.europesays.com\/pt\/wp-content\/uploads\/2025\/10\/Vestido-de-Bruna-Griphao-no-casamento-de-Lexa-3.jpg\" alt=\"\" class=\"wp-image-7684709\"  \/><\/p>\n<p>Atriz, ex-BBB e influenciadora era madrinha do casamento (Foto: Reprodu\u00e7\u00e3o, Redes Sociais)<\/p>\n<p><img loading=\"lazy\" decoding=\"async\" width=\"1200\" height=\"675\" data-id=\"7684712\" src=\"https:\/\/www.europesays.com\/pt\/wp-content\/uploads\/2025\/10\/Vestido-de-Bruna-Griphao-no-casamento-de-Lexa-6.jpg\" alt=\"Vestido de Bruna Griphao no casamento de Lexa \" class=\"wp-image-7684712\"  \/><\/p>\n<p>O desenho do designer Marcio Ferreira (Foto: Reprodu\u00e7\u00e3o, Redes Sociais)<\/p>\n<p><img loading=\"lazy\" decoding=\"async\" width=\"1200\" height=\"675\" data-id=\"7684710\" src=\"https:\/\/www.europesays.com\/pt\/wp-content\/uploads\/2025\/10\/Vestido-de-Bruna-Griphao-no-casamento-de-Lexa-4.jpg\" alt=\"\" class=\"wp-image-7684710\"  \/><\/p>\n<p>Coment\u00e1rios nas redes sociais (Foto: Reprodu\u00e7\u00e3o, Redes Sociais)<\/p>\n<p><img fetchpriority=\"high\" loading=\"lazy\" decoding=\"async\" width=\"1200\" height=\"675\" data-id=\"7684711\" src=\"https:\/\/www.europesays.com\/pt\/wp-content\/uploads\/2025\/10\/Vestido-de-Bruna-Griphao-no-casamento-de-Lexa-5.jpg\" alt=\"Vestido de Bruna Griphao no casamento de Lexa \" class=\"wp-image-7684711\"  \/><\/p>\n<p>Coment\u00e1rios nas redes sociais (Foto: Reprodu\u00e7\u00e3o, Redes Sociais)<\/p>\n<p>Leia mais <\/p>\n<p><strong><a href=\"https:\/\/www.nsctotal.com.br\/noticias\/o-vestido-polemico-que-bruna-griphao-usou-no-casamento-de-lexa\" target=\"_blank\" rel=\"noreferrer noopener nofollow\">O vestido pol\u00eamico que Bruna Griphao usou no casamento de Lexa<\/a><\/strong><\/p>\n","protected":false},"excerpt":{"rendered":"Bruna Griphoa comentou sobre a pol\u00eamica do vestido na manh\u00e3 deste s\u00e1bado (11) (Foto: Redes sociais, Reprodu\u00e7\u00e3o) Bruna&hellip;\n","protected":false},"author":2,"featured_media":107115,"comment_status":"","ping_status":"","sticky":false,"template":"","format":"standard","meta":{"footnotes":""},"categories":[145],"tags":[211,210,829,114,115,32,33],"class_list":{"0":"post-107114","1":"post","2":"type-post","3":"status-publish","4":"format-standard","5":"has-post-thumbnail","7":"category-celebridades","8":"tag-celebridades","9":"tag-celebrities","10":"tag-conteudo-liberado","11":"tag-entertainment","12":"tag-entretenimento","13":"tag-portugal","14":"tag-pt"},"share_on_mastodon":{"url":"","error":""},"_links":{"self":[{"href":"https:\/\/www.europesays.com\/pt\/wp-json\/wp\/v2\/posts\/107114","targetHints":{"allow":["GET"]}}],"collection":[{"href":"https:\/\/www.europesays.com\/pt\/wp-json\/wp\/v2\/posts"}],"about":[{"href":"https:\/\/www.europesays.com\/pt\/wp-json\/wp\/v2\/types\/post"}],"author":[{"embeddable":true,"href":"https:\/\/www.europesays.com\/pt\/wp-json\/wp\/v2\/users\/2"}],"replies":[{"embeddable":true,"href":"https:\/\/www.europesays.com\/pt\/wp-json\/wp\/v2\/comments?post=107114"}],"version-history":[{"count":0,"href":"https:\/\/www.europesays.com\/pt\/wp-json\/wp\/v2\/posts\/107114\/revisions"}],"wp:featuredmedia":[{"embeddable":true,"href":"https:\/\/www.europesays.com\/pt\/wp-json\/wp\/v2\/media\/107115"}],"wp:attachment":[{"href":"https:\/\/www.europesays.com\/pt\/wp-json\/wp\/v2\/media?parent=107114"}],"wp:term":[{"taxonomy":"category","embeddable":true,"href":"https:\/\/www.europesays.com\/pt\/wp-json\/wp\/v2\/categories?post=107114"},{"taxonomy":"post_tag","embeddable":true,"href":"https:\/\/www.europesays.com\/pt\/wp-json\/wp\/v2\/tags?post=107114"}],"curies":[{"name":"wp","href":"https:\/\/api.w.org\/{rel}","templated":true}]}}