{"id":107120,"date":"2025-10-12T01:49:10","date_gmt":"2025-10-12T01:49:10","guid":{"rendered":"https:\/\/www.europesays.com\/pt\/107120\/"},"modified":"2025-10-12T01:49:10","modified_gmt":"2025-10-12T01:49:10","slug":"perrengue-fashion-ingrid-guimaraes-tira-10-em-discursos-mofados-sobre-a-amazonia","status":"publish","type":"post","link":"https:\/\/www.europesays.com\/pt\/107120\/","title":{"rendered":"&#8216;Perrengue Fashion&#8217;: Ingrid Guimar\u00e3es tira 10 em discursos mofados sobre a Amaz\u00f4nia"},"content":{"rendered":"<p style=\"text-align: justify;\">Sabe aquele ditado do pior cego ser aquele que n\u00e3o quer ver? <strong>\u201cPerrengue Fashion\u201d<\/strong> veste a carapu\u00e7a de modo impec\u00e1vel.\u00a0A nova com\u00e9dia protagonizada por <strong>Ingrid Guimar\u00e3es<\/strong> traz toda aquela\u00a0good\u00a0vibes\u00a0do discurso bonito de defesa da natureza, apego \u00e0 terra e \u00e0s ra\u00edzes para deixar de lado o sup\u00e9rfluo do consumismo.\u00a0Enquanto faz a\u00a0skin\u00a0consciente, o filme\u00a0reproduz de maneira\u00a0autom\u00e1tica\u00a0e at\u00e9 sem perceber (ou seria se importar?)\u00a0todos os clich\u00eas poss\u00edveis\u00a0hist\u00f3ricos\u00a0sobre a regi\u00e3o amaz\u00f4nica.\u00a0\u00a0<\/p>\n<p style=\"text-align: justify;\">O ponto de partida de \u201cPerrengue Fashion\u201d j\u00e1 deixa claro o desastre que se anuncia: influencer de moda doida pela fama, Paula Pratta (Guimar\u00e3es) precisa encontrar o filho Cadu (Filipe Bragan\u00e7a) para conseguir realizar uma campanha publicit\u00e1ria para a Gucci para o Dia das M\u00e3es. Com o rapaz incomunic\u00e1vel, resta \u00e0 protagonista e seu fiel escudeiro Taylor (Rafa Chalub, uma tentativa sem sucesso de Paulo Gustavo reborn) localizarem, via sat\u00e9lite, onde est\u00e1 a mala dele. Adivinha onde est\u00e1? Exatamente: na Amaz\u00f4nia.\u00a0\u00a0<\/p>\n<p style=\"text-align: justify;\">Para o quarteto de roteiristas de \u201cPerrengue Fashion\u201d, a Amaz\u00f4nia \u00e9 aquele espa\u00e7o ao Norte do Brasil onde o mapa no celular de Taylor mostra tudo verde com umas linhas azuis cortando o espa\u00e7o.\u00a0At\u00e9\u00a0aparece de relance\u00a0um pequeno ponto com um nome chamado Manaus, mas,\u00a0pouco importa: \u00e9 Amaz\u00f4nia e ponto final.\u00a0<\/p>\n<p style=\"text-align: justify;\"> <a href=\"https:\/\/www.europesays.com\/pt\/wp-content\/uploads\/2025\/10\/Critica-Perrengue-Fashion-2-1.jpg\"><img fetchpriority=\"high\" decoding=\"async\" class=\"aligncenter size-full wp-image-115549\" src=\"https:\/\/www.europesays.com\/pt\/wp-content\/uploads\/2025\/10\/Critica-Perrengue-Fashion-2-1.jpg\" alt=\"\" width=\"800\" height=\"420\"  \/><\/a><\/p>\n<p style=\"text-align: justify;\">\u201c\u00c9 no meio do mato\u201d, se desespera um de nossos her\u00f3is. Logo, a \u00fanica forma de chegar na regi\u00e3o \u00e9 pegar um avi\u00e3o teco-teco, afinal, voc\u00ea acha mesmo que existe aeroporto e voo comercial no fim do mundo? O descaso fica completo quando ora o longa insinua estar no Amazonas com a comunidade do Catal\u00e3o de cen\u00e1rio, na regi\u00e3o metropolitana de Manaus (local onde o filme foi feito e at\u00e9 aparece ao fundo em certa cena), ora mete de trilha um carimb\u00f3 de Dona Onete, s\u00edmbolo da m\u00fasica paraense, e faz refer\u00eancias a comidas do Estado. Faz tanto sentido quanto filmar a avenida Faria Lima e colocar de trilha \u201cWave\u201d, de Tom Jobim.\u00a0<\/p>\n<p style=\"text-align: justify;\">\u201cPerrengue Fashion\u201d n\u00e3o se satisfaz apenas em ignorar territ\u00f3rios\u00a0e as diferentes\u00a0Amaz\u00f4nias: tal qual os portugueses quando\u00a0chegaram\u00a0na regi\u00e3o s\u00e9culos atr\u00e1s, cabe aos personagens vindos de S\u00e3o Paulo, Rio de Janeiro e at\u00e9 da Europa salvarem os pobres coitados que aqui vivem.\u00a0Cadu integra uma comunidade perfeita para\u00a0encaixar no meme de <a style=\"color: #ff0000;\" href=\"https:\/\/cineset.com.br\/critica-ritas-2025\/\" target=\"_blank\" rel=\"noopener nofollow\"><strong>Rita Lee<\/strong><\/a>\u00a0com sua planta\u00e7\u00e3ozinha org\u00e2nica, todo mundo fazendo yoga, Pilates e afins, sempre com um discurso a tiracolo ligado \u00e0 preserva\u00e7\u00e3o ambiental e contra o consumismo predat\u00f3rio. S\u00e3o eles, inclusive,\u00a0que\u00a0alimentam os sonhos, vislumbram projetos sustent\u00e1veis para todos ali.\u00a0\u00a0<\/p>\n<p style=\"text-align: justify;\">O exotismo tamb\u00e9m faz parte do card\u00e1pio de \u201cPerrengue Fashion\u201d: a conviv\u00eancia com um macaquinho rende uma cena que era para ser hil\u00e1ria, mas, j\u00e1 foi feita antes em qualquer com\u00e9dia do g\u00eanero ambientada na Amaz\u00f4nia, \u00c1frica, Sudeste Asi\u00e1tico, estes locais terrivelmente selvagens. A diretora Fl\u00e1via Lacerda deixa bem claro como n\u00e3o viu o trabalho de Luca Guadagnino em \u201c<a style=\"color: #ff0000;\" href=\"https:\/\/cineset.com.br\/critica-queer-daniel-craig\/\" target=\"_blank\" rel=\"noopener nofollow\"><strong>Queer<\/strong><\/a>\u201d ao retratar o ritual da ayahuasca da forma mais caricata poss\u00edvel com direito a instrumentistas ind\u00edgenas como se fosse o sexteto do J\u00f4 Soares. E por fim, a cereja do bolo deste ide\u00e1rio da Amaz\u00f4nia como para\u00edso na Terra se completa com a liberdade sexual no melhor estilo hippie \u2013 mal sabem o conservadorismo bolsonarista das bandas locais\u2026\u00a0<\/p>\n<p style=\"text-align: justify;\"> <a href=\"https:\/\/www.europesays.com\/pt\/wp-content\/uploads\/2025\/10\/Critica-Perrengue-Fashion-4.jpg\"><img loading=\"lazy\" decoding=\"async\" class=\"aligncenter size-full wp-image-115548\" src=\"https:\/\/www.europesays.com\/pt\/wp-content\/uploads\/2025\/10\/Critica-Perrengue-Fashion-4.jpg\" alt=\"\" width=\"800\" height=\"450\"  \/><\/a><\/p>\n<p style=\"text-align: justify;\">Aos nortistas, moradores da regi\u00e3o, cabem ser figurantes. Quase nenhum personagem\u00a0amaz\u00f4nida possui fala. Somente <strong><a style=\"color: #ff0000;\" href=\"https:\/\/cineset.com.br\/adanilo-e-rosa-malagueta-e-a-representatividade-amazonica-em-o-ultimo-azul\/\" target=\"_blank\" rel=\"noopener nofollow\">Rosa Malagueta<\/a><\/strong> consegue um m\u00edsero espa\u00e7o, fazendo uma\u00a0cozinheira da regi\u00e3o. A fun\u00e7\u00e3o dela, ali\u00e1s,\u00a0representa muito bem a ess\u00eancia de \u201cPerrengue Fashion\u201d: primeiro como\u00a0uma figura\u00a0descritiva\u00a0tal qual guia tur\u00edstico\u00a0ao ficar citando\u00a0as comidas locais\u00a0ex\u00f3ticas\u00a0para Paula experimentar, depois para ser salva por Cadu, o nosso salvador\u00a0branco, ap\u00f3s\u00a0a m\u00e3e fazer uma live\u00a0desastrada atraindo um bando de gringos sem no\u00e7\u00e3o.\u00a0O\u00a0descaso chega a ser t\u00e3o\u00a0escancarado\u00a0que uma das\u00a0primeiras\u00a0falas de Rosa acaba sendo encoberta logo no in\u00edcio por conta da trilha, ficando claro que n\u00e3o interessa nada do que diz.\u00a0<\/p>\n<p style=\"text-align: justify;\">Para al\u00e9m deste discurso mofado da Amaz\u00f4nia, o desejo de passar uma mensagem bonita goela abaixo faz com que \u201cPerrengue Fashion\u201d consiga gerar antipatia \u00e0 mensagem. Imposs\u00edvel n\u00e3o ficar com ran\u00e7o de Cadu, um ecochato, sempre querendo ensinar os outros e, apesar de todo o discurso de pensar no coletivo, se mostra incapaz de compreender a import\u00e2ncia do pedido da m\u00e3e. Este modo palestrinha est\u00e1 na ess\u00eancia de cada um dos 94 minutos, tirando a paci\u00eancia de qualquer sujeito.\u00a0<\/p>\n<p style=\"text-align: justify;\">A cena final\u00a0com Paula se reconectando \u00e0 ess\u00eancia da natureza com um banho de rio\u00a0no p\u00f4r do sol\u00a0simboliza bem a vis\u00e3o da Amaz\u00f4nia\u00a0de uma parte significativa do Sul\/Sudeste brasileiro\u00a0endossada por \u201cPerrengue Fashion\u201d:\u00a0apenas\u00a0um cen\u00e1rio deslumbrante\u00a0para\u00a0estar em contato com a natureza\u00a0e render imagens bonitas. O resto? Pouco importa.\u00a0<\/p>\n<p><a href=\"https:\/\/www.europesays.com\/pt\/wp-content\/uploads\/2025\/10\/Critica-PERRENGUE-FASHION.jpg\"><img loading=\"lazy\" decoding=\"async\" class=\"aligncenter size-full wp-image-115551\" src=\"https:\/\/www.europesays.com\/pt\/wp-content\/uploads\/2025\/10\/Critica-PERRENGUE-FASHION.jpg\" alt=\"\" width=\"1000\" height=\"400\"  \/><\/a><\/p>\n<ul class=\"pp-multiple-authors-boxes-ul author-ul-0\">\n<li class=\"pp-multiple-authors-boxes-li author_index_0 author_caio-bentes has-avatar\">\n<img loading=\"lazy\" decoding=\"async\" alt=\"\" src=\"https:\/\/www.europesays.com\/pt\/wp-content\/uploads\/2025\/10\/Caio-Pimenta-768x768-1.jpg\"  class=\"multiple_authors_guest_author_avatar avatar\" height=\"80\" width=\"80\"\/><\/p>\n<p class=\"pp-author-boxes-description multiple-authors-description author-description-0\">\nEditor-chefe do Cine Set. Exerce o cargo de diretor de programas na TV Ufam. Formado em jornalismo pela Universidade Federal do Amazonas com curso de p\u00f3s-gradua\u00e7\u00e3o na Faculdade C\u00e1sper L\u00edbero, em S\u00e3o Paulo.<\/p>\n<p><a href=\"https:\/\/cineset.com.br\/author\/caio-bentes\/\" title=\"Ver todos os posts\" rel=\"nofollow noopener\" target=\"_blank\"><br \/>\nVer todos os posts<br \/>\n<\/a><\/p>\n<p><a class=\"ppma-author-user_email-profile-data ppma-author-field-meta ppma-author-field-type-email\" aria-label=\"E-mail\" href=\"http:\/\/cineset.com.br\/cdn-cgi\/l\/email-protection#6f0c0e06000d1f06020a011b0e2f08020e0603410c0002\" target=\"_self\" rel=\"nofollow noopener\"> <\/a><a class=\"ppma-author-user_url-profile-data ppma-author-field-meta ppma-author-field-type-url\" aria-label=\"Site\" href=\"http:\/\/www.cineset.com.br\/\" target=\"_self\" rel=\"nofollow noopener\"> <\/a><\/li>\n<\/ul>\n","protected":false},"excerpt":{"rendered":"Sabe aquele ditado do pior cego ser aquele que n\u00e3o quer ver? \u201cPerrengue Fashion\u201d veste a carapu\u00e7a de&hellip;\n","protected":false},"author":2,"featured_media":107121,"comment_status":"","ping_status":"","sticky":false,"template":"","format":"standard","meta":{"footnotes":""},"categories":[140],"tags":[989,114,115,147,148,21919,146,25638,32,33],"class_list":{"0":"post-107120","1":"post","2":"type-post","3":"status-publish","4":"format-standard","5":"has-post-thumbnail","7":"category-filmes","8":"tag-amazonia","9":"tag-entertainment","10":"tag-entretenimento","11":"tag-film","12":"tag-filmes","13":"tag-ingrid-guimaraes","14":"tag-movies","15":"tag-perrengue-fashion","16":"tag-portugal","17":"tag-pt"},"share_on_mastodon":{"url":"","error":""},"_links":{"self":[{"href":"https:\/\/www.europesays.com\/pt\/wp-json\/wp\/v2\/posts\/107120","targetHints":{"allow":["GET"]}}],"collection":[{"href":"https:\/\/www.europesays.com\/pt\/wp-json\/wp\/v2\/posts"}],"about":[{"href":"https:\/\/www.europesays.com\/pt\/wp-json\/wp\/v2\/types\/post"}],"author":[{"embeddable":true,"href":"https:\/\/www.europesays.com\/pt\/wp-json\/wp\/v2\/users\/2"}],"replies":[{"embeddable":true,"href":"https:\/\/www.europesays.com\/pt\/wp-json\/wp\/v2\/comments?post=107120"}],"version-history":[{"count":0,"href":"https:\/\/www.europesays.com\/pt\/wp-json\/wp\/v2\/posts\/107120\/revisions"}],"wp:featuredmedia":[{"embeddable":true,"href":"https:\/\/www.europesays.com\/pt\/wp-json\/wp\/v2\/media\/107121"}],"wp:attachment":[{"href":"https:\/\/www.europesays.com\/pt\/wp-json\/wp\/v2\/media?parent=107120"}],"wp:term":[{"taxonomy":"category","embeddable":true,"href":"https:\/\/www.europesays.com\/pt\/wp-json\/wp\/v2\/categories?post=107120"},{"taxonomy":"post_tag","embeddable":true,"href":"https:\/\/www.europesays.com\/pt\/wp-json\/wp\/v2\/tags?post=107120"}],"curies":[{"name":"wp","href":"https:\/\/api.w.org\/{rel}","templated":true}]}}