{"id":107128,"date":"2025-10-12T02:00:08","date_gmt":"2025-10-12T02:00:08","guid":{"rendered":"https:\/\/www.europesays.com\/pt\/107128\/"},"modified":"2025-10-12T02:00:08","modified_gmt":"2025-10-12T02:00:08","slug":"o-que-e-arquitetura-hostil-e-por-que-ela-faz-pessoas-sofrerem","status":"publish","type":"post","link":"https:\/\/www.europesays.com\/pt\/107128\/","title":{"rendered":"O que \u00e9 arquitetura hostil e por que ela faz pessoas sofrerem"},"content":{"rendered":"<p>\u201cCada banco com divis\u00f3ria ou cada espa\u00e7o inacess\u00edvel \u00e9 um sinal de algu\u00e9m pensando quem pode, ou n\u00e3o, estar ali\u201d, explica. Para ele, a cidade deve ser um espa\u00e7o de encontros e n\u00e3o de segrega\u00e7\u00e3o.<\/p>\n<p>A assistente social Sabrina da Silva Oliveira, que atua em Ribeir\u00e3o Preto, refor\u00e7a que essa pr\u00e1tica n\u00e3o resolve problemas sociais, apenas os desloca.\u00a0<\/p>\n<p>\u201cEla refor\u00e7a a exclus\u00e3o porque dificulta que pessoas utilizem os espa\u00e7os de forma digna. Isso nada mais \u00e9 do que uma pr\u00e1tica higienista\u201d, afirma.<\/p>\n","protected":false},"excerpt":{"rendered":"\u201cCada banco com divis\u00f3ria ou cada espa\u00e7o inacess\u00edvel \u00e9 um sinal de algu\u00e9m pensando quem pode, ou n\u00e3o,&hellip;\n","protected":false},"author":2,"featured_media":107129,"comment_status":"","ping_status":"","sticky":false,"template":"","format":"standard","meta":{"footnotes":""},"categories":[144],"tags":[207,205,206,203,201,202,204,114,115,1187,20103,62,32,33,654],"class_list":{"0":"post-107128","1":"post","2":"type-post","3":"status-publish","4":"format-standard","5":"has-post-thumbnail","7":"category-arte-e-design","8":"tag-arte","9":"tag-arte-e-design","10":"tag-artedesign","11":"tag-arts","12":"tag-arts-and-design","13":"tag-artsanddesign","14":"tag-design","15":"tag-entertainment","16":"tag-entretenimento","17":"tag-fatos-curiosos","18":"tag-gazeta-mais","19":"tag-mundo","20":"tag-portugal","21":"tag-pt","22":"tag-sao-paulo"},"share_on_mastodon":{"url":"","error":""},"_links":{"self":[{"href":"https:\/\/www.europesays.com\/pt\/wp-json\/wp\/v2\/posts\/107128","targetHints":{"allow":["GET"]}}],"collection":[{"href":"https:\/\/www.europesays.com\/pt\/wp-json\/wp\/v2\/posts"}],"about":[{"href":"https:\/\/www.europesays.com\/pt\/wp-json\/wp\/v2\/types\/post"}],"author":[{"embeddable":true,"href":"https:\/\/www.europesays.com\/pt\/wp-json\/wp\/v2\/users\/2"}],"replies":[{"embeddable":true,"href":"https:\/\/www.europesays.com\/pt\/wp-json\/wp\/v2\/comments?post=107128"}],"version-history":[{"count":0,"href":"https:\/\/www.europesays.com\/pt\/wp-json\/wp\/v2\/posts\/107128\/revisions"}],"wp:featuredmedia":[{"embeddable":true,"href":"https:\/\/www.europesays.com\/pt\/wp-json\/wp\/v2\/media\/107129"}],"wp:attachment":[{"href":"https:\/\/www.europesays.com\/pt\/wp-json\/wp\/v2\/media?parent=107128"}],"wp:term":[{"taxonomy":"category","embeddable":true,"href":"https:\/\/www.europesays.com\/pt\/wp-json\/wp\/v2\/categories?post=107128"},{"taxonomy":"post_tag","embeddable":true,"href":"https:\/\/www.europesays.com\/pt\/wp-json\/wp\/v2\/tags?post=107128"}],"curies":[{"name":"wp","href":"https:\/\/api.w.org\/{rel}","templated":true}]}}