{"id":107133,"date":"2025-10-12T02:05:11","date_gmt":"2025-10-12T02:05:11","guid":{"rendered":"https:\/\/www.europesays.com\/pt\/107133\/"},"modified":"2025-10-12T02:05:11","modified_gmt":"2025-10-12T02:05:11","slug":"na-conference-league-apenas-o-vitoria-sc-entrou-na-fase-de-liga-e-fez-uma-excelente-campanha","status":"publish","type":"post","link":"https:\/\/www.europesays.com\/pt\/107133\/","title":{"rendered":"\u00abNa Conference League, apenas o Vit\u00f3ria SC entrou na fase de liga e fez uma excelente campanha\u00bb"},"content":{"rendered":"<p>&#8211; Advertisement &#8211;<\/p>\n<p>Ant\u00f3nio Salvador \u00e9 um dos oradores convidados do Portugal Football Summit. O presidente do Braga explica como conseguiu levar os minhotos ao sucesso:<\/p>\n<p>\u00abO que posso dizer \u00e9 que o Braga fez um caminho diferente. Definiu tr\u00eas pilares: estabilidade financeira, reunir quadros competentes em todas as \u00e1reas e construir todas as infraestruturas para o melhor do nosso clube. O Braga teve esta vis\u00e3o e acho que todos os clubes deviam pensar assim?.<\/p>\n<p>O dirigente elogiou a presta\u00e7\u00e3o do Vit\u00f3ria SC na Conference League:<\/p>\n<p>\u00abO que impede \u00e9 o que andamos \u00e0 quarto anos a dizer. O futebol portugu\u00eas tem que ser alterado, temos que ter um campeonato mais equilibrado, para termos os clubes em condi\u00e7\u00f5es de participar nas provas europeias. Na Conference League, apenas o Vit\u00f3ria SC entrou na fase de liga e fez uma excelente campanha. Perdemos muito por n\u00e3o ter equipas para lutar para entrar nesta competi\u00e7\u00e3o. O Braga tem pontuado para Portugal. T\u00eam que existir mais equipas forte\u00bb.<\/p>\n<p>O <strong>Bola na Rede<\/strong> est\u00e1 na Cidade do Futebol para acompanhar o Portugal Football Summit. <a href=\"https:\/\/bolanarede.pt\/etiqueta\/portugal-football-summit\/\" target=\"_blank\" rel=\"noreferrer noopener nofollow\">Acompanha tudo sobre o evento. <\/a><\/p>\n","protected":false},"excerpt":{"rendered":"&#8211; Advertisement &#8211; Ant\u00f3nio Salvador \u00e9 um dos oradores convidados do Portugal Football Summit. O presidente do Braga&hellip;\n","protected":false},"author":2,"featured_media":107134,"comment_status":"","ping_status":"","sticky":false,"template":"","format":"standard","meta":{"footnotes":""},"categories":[87],"tags":[19562,260,1912,135,32,24942,33,134,5321],"class_list":{"0":"post-107133","1":"post","2":"type-post","3":"status-publish","4":"format-standard","5":"has-post-thumbnail","7":"category-desporto","8":"tag-antonio-salvador","9":"tag-atualidade","10":"tag-braga","11":"tag-desporto","12":"tag-portugal","13":"tag-portugal-football-summit","14":"tag-pt","15":"tag-sports","16":"tag-vitoria-sc"},"share_on_mastodon":{"url":"","error":""},"_links":{"self":[{"href":"https:\/\/www.europesays.com\/pt\/wp-json\/wp\/v2\/posts\/107133","targetHints":{"allow":["GET"]}}],"collection":[{"href":"https:\/\/www.europesays.com\/pt\/wp-json\/wp\/v2\/posts"}],"about":[{"href":"https:\/\/www.europesays.com\/pt\/wp-json\/wp\/v2\/types\/post"}],"author":[{"embeddable":true,"href":"https:\/\/www.europesays.com\/pt\/wp-json\/wp\/v2\/users\/2"}],"replies":[{"embeddable":true,"href":"https:\/\/www.europesays.com\/pt\/wp-json\/wp\/v2\/comments?post=107133"}],"version-history":[{"count":0,"href":"https:\/\/www.europesays.com\/pt\/wp-json\/wp\/v2\/posts\/107133\/revisions"}],"wp:featuredmedia":[{"embeddable":true,"href":"https:\/\/www.europesays.com\/pt\/wp-json\/wp\/v2\/media\/107134"}],"wp:attachment":[{"href":"https:\/\/www.europesays.com\/pt\/wp-json\/wp\/v2\/media?parent=107133"}],"wp:term":[{"taxonomy":"category","embeddable":true,"href":"https:\/\/www.europesays.com\/pt\/wp-json\/wp\/v2\/categories?post=107133"},{"taxonomy":"post_tag","embeddable":true,"href":"https:\/\/www.europesays.com\/pt\/wp-json\/wp\/v2\/tags?post=107133"}],"curies":[{"name":"wp","href":"https:\/\/api.w.org\/{rel}","templated":true}]}}