{"id":107143,"date":"2025-10-12T02:14:10","date_gmt":"2025-10-12T02:14:10","guid":{"rendered":"https:\/\/www.europesays.com\/pt\/107143\/"},"modified":"2025-10-12T02:14:10","modified_gmt":"2025-10-12T02:14:10","slug":"por-dentro-do-predio-mais-estreito-do-mundo-que-viralizou-na-web","status":"publish","type":"post","link":"https:\/\/www.europesays.com\/pt\/107143\/","title":{"rendered":"Por dentro do pr\u00e9dio mais estreito do mundo que viralizou\u00a0na\u00a0web"},"content":{"rendered":"<p>\t\t<a href=\"http:\/\/www.facebook.com\/sharer\/sharer.php?u=https:\/\/www.diariodocentrodomundo.com.br\/essencial\/video-por-dentro-do-predio-mais-estreito-do-mundo-que-viralizou-na-web\/\" target=\"_blank\" class=\"facebook-share\" rel=\"nofollow noopener\"><\/a><br \/>\n\t\t<a href=\"https:\/\/twitter.com\/share?url=https:\/\/www.diariodocentrodomundo.com.br\/essencial\/video-por-dentro-do-predio-mais-estreito-do-mundo-que-viralizou-na-web\/\" target=\"_blank\" class=\"twitter-share\" rel=\"nofollow noopener\"><\/a><br \/>\n\t\t<a href=\"#\" class=\"whatsapp-share\" data-url=\"https:\/\/www.diariodocentrodomundo.com.br\/essencial\/video-por-dentro-do-predio-mais-estreito-do-mundo-que-viralizou-na-web\/\" data-title=\"V\u00cdDEO: Por dentro do pr\u00e9dio mais estreito do mundo que viralizou\u00a0na\u00a0web\"><\/a><br \/>\n\t<a href=\"https:\/\/www.linkedin.com\/sharing\/share-offsite\/?url=https:\/\/www.diariodocentrodomundo.com.br\/essencial\/video-por-dentro-do-predio-mais-estreito-do-mundo-que-viralizou-na-web\/\" target=\"_blank\" class=\"linkedin-share\" rel=\"nofollow noopener\"><\/a><br \/>\n   <a href=\"https:\/\/www.threads.net\/intent\/post?text=V%C3%8DDEO%3A+Por+dentro+do+pr%C3%A9dio+mais+estreito+do+mundo+que+viralizou%C2%A0na%C2%A0web&amp;url=https%3A%2F%2Fwww.diariodocentrodomundo.com.br%2Fessencial%2Fvideo-por-dentro-do-predio-mais-estreito-do-mundo-que-viralizou-na-web%2F\" target=\"_blank\" class=\"threads-share\" rel=\"nofollow noopener\"><img decoding=\"async\" class=\"threads-icon perfmatters-lazy\" src=\"https:\/\/www.diariodocentrodomundo.com.br\/wp-content\/themes\/Newsmag\/images\/icons\/threads.svg\"\/><\/a> <\/p>\n<p>            <img fetchpriority=\"high\" decoding=\"async\" class=\" wp-image-1473139\" src=\"https:\/\/www.europesays.com\/pt\/wp-content\/uploads\/2025\/10\/edificio-mais-fino.png\" alt=\"\" width=\"711\" height=\"506\"  \/>O edif\u00edcio mais estreito do mundo em T\u00f3quio (Jap\u00e3o). Fotomontagem: Reprodu\u00e7\u00e3o\/@TokyoLens<\/p>\n<p data-start=\"69\" data-end=\"482\">Em T\u00f3quio, no Jap\u00e3o, um pr\u00e9dio de azulejos amarelos vem chamando aten\u00e7\u00e3o por desafiar os limites da arquitetura urbana. Conhecido como \u201co residencial mais estreito do mundo\u201d, o edif\u00edcio mede apenas 2,5 metros em seu ponto mais largo e abriga quatro microapartamentos totalmente funcionais. Localizado em uma das cidades mais caras do planeta, ele se tornou s\u00edmbolo de adapta\u00e7\u00e3o ao alto custo de moradia japon\u00eas.<\/p>\n<p data-start=\"484\" data-end=\"841\">A constru\u00e7\u00e3o ganhou notoriedade ap\u00f3s aparecer no canal do YouTube Tokyo Lens, do criador de conte\u00fado Norm Nakamura, e em v\u00eddeos no TikTok, onde rapidamente viralizou. As imagens, que somam milh\u00f5es de visualiza\u00e7\u00f5es, mostram o interior engenhoso de uma das unidades, cujo aluguel \u00e9 de cerca de US$ 266 por m\u00eas (aproximadamente R$ 1.530).<\/p>\n<p data-start=\"843\" data-end=\"1154\">O acesso ao edif\u00edcio \u00e9 feito por uma escada espiral que leva a uma porta met\u00e1lica estreita. Dentro, o ambiente compacto re\u00fane cozinha, \u00e1rea de estar e uma pequena varanda iluminada por janelas amplas. Mesmo com pouco espa\u00e7o, h\u00e1 pia, cooktop, arm\u00e1rio, frigobar, ar-condicionado e um local adaptado para dormir.<\/p>\n<p data-start=\"1156\" data-end=\"1544\">Al\u00e9m disso, a resid\u00eancia conta com uma \u201csala de banho\u201d min\u00fascula, onde cabem um chuveiro e uma banheira, enquanto o vaso sanit\u00e1rio fica em um compartimento separado. Nas redes sociais, o formato triangular do pr\u00e9dio foi comparado ao de uma barra de chocolate. Segundo Nakamura, muitos moradores de im\u00f3veis semelhantes usam colch\u00f5es infl\u00e1veis ou tatames dobr\u00e1veis para otimizar o espa\u00e7o.<\/p>\n<p>Veja o v\u00eddeo:<\/p>\n<blockquote class=\"tiktok-embed\" style=\"max-width: 605px; min-width: 325px;\" cite=\"https:\/\/www.tiktok.com\/@supercarblondie.xtra\/video\/7363616353195937057\" data-video-id=\"7363616353195937057\"><p>\n<a title=\"@supercarblondie.xtra\" href=\"https:\/\/www.tiktok.com\/@supercarblondie.xtra?refer=embed\" target=\"_blank\" rel=\"noopener nofollow\">@supercarblondie.xtra<\/a> We went inside the World\u2019s Thinnest Apartment\u2026 \ud83d\ude33 <a title=\"tokyo\" href=\"https:\/\/www.tiktok.com\/tag\/tokyo?refer=embed\" target=\"_blank\" rel=\"noopener nofollow\">#tokyo<\/a> <a title=\"japan\" href=\"https:\/\/www.tiktok.com\/tag\/japan?refer=embed\" target=\"_blank\" rel=\"noopener nofollow\">#japan<\/a> <a title=\"luxury\" href=\"https:\/\/www.tiktok.com\/tag\/luxury?refer=embed\" target=\"_blank\" rel=\"noopener nofollow\">#luxury<\/a> <a title=\"realestate\" href=\"https:\/\/www.tiktok.com\/tag\/realestate?refer=embed\" target=\"_blank\" rel=\"noopener nofollow\">#realestate<\/a> <a title=\"culture\" href=\"https:\/\/www.tiktok.com\/tag\/culture?refer=embed\" target=\"_blank\" rel=\"noopener nofollow\">#culture<\/a> <a title=\"travel\" href=\"https:\/\/www.tiktok.com\/tag\/travel?refer=embed\" target=\"_blank\" rel=\"noopener nofollow\">#travel<\/a> <a title=\"thin\" href=\"https:\/\/www.tiktok.com\/tag\/thin?refer=embed\" target=\"_blank\" rel=\"noopener nofollow\">#thin<\/a> <a title=\"supercarblondie\" href=\"https:\/\/www.tiktok.com\/tag\/supercarblondie?refer=embed\" target=\"_blank\" rel=\"noopener nofollow\">#supercarblondie<\/a> <a title=\"\u266c original sound - SB Xtra\" href=\"https:\/\/www.tiktok.com\/music\/original-sound-7363616574697868064?refer=embed\" target=\"_blank\" rel=\"noopener nofollow\">\u266c original sound \u2013 SB Xtra<\/a>\n<\/p><\/blockquote>\n<p>        <script async src=\"https:\/\/platform.twitter.com\/widgets.js\" charset=\"utf-8\"><\/script><script async src=\"\/\/www.tiktok.com\/embed.js\"><\/script><\/p>\n","protected":false},"excerpt":{"rendered":"O edif\u00edcio mais estreito do mundo em T\u00f3quio (Jap\u00e3o). Fotomontagem: Reprodu\u00e7\u00e3o\/@TokyoLens Em T\u00f3quio, no Jap\u00e3o, um pr\u00e9dio de&hellip;\n","protected":false},"author":2,"featured_media":107144,"comment_status":"","ping_status":"","sticky":false,"template":"","format":"standard","meta":{"footnotes":""},"categories":[144],"tags":[207,205,206,203,201,202,204,114,115,32,33],"class_list":{"0":"post-107143","1":"post","2":"type-post","3":"status-publish","4":"format-standard","5":"has-post-thumbnail","7":"category-arte-e-design","8":"tag-arte","9":"tag-arte-e-design","10":"tag-artedesign","11":"tag-arts","12":"tag-arts-and-design","13":"tag-artsanddesign","14":"tag-design","15":"tag-entertainment","16":"tag-entretenimento","17":"tag-portugal","18":"tag-pt"},"share_on_mastodon":{"url":"","error":""},"_links":{"self":[{"href":"https:\/\/www.europesays.com\/pt\/wp-json\/wp\/v2\/posts\/107143","targetHints":{"allow":["GET"]}}],"collection":[{"href":"https:\/\/www.europesays.com\/pt\/wp-json\/wp\/v2\/posts"}],"about":[{"href":"https:\/\/www.europesays.com\/pt\/wp-json\/wp\/v2\/types\/post"}],"author":[{"embeddable":true,"href":"https:\/\/www.europesays.com\/pt\/wp-json\/wp\/v2\/users\/2"}],"replies":[{"embeddable":true,"href":"https:\/\/www.europesays.com\/pt\/wp-json\/wp\/v2\/comments?post=107143"}],"version-history":[{"count":0,"href":"https:\/\/www.europesays.com\/pt\/wp-json\/wp\/v2\/posts\/107143\/revisions"}],"wp:featuredmedia":[{"embeddable":true,"href":"https:\/\/www.europesays.com\/pt\/wp-json\/wp\/v2\/media\/107144"}],"wp:attachment":[{"href":"https:\/\/www.europesays.com\/pt\/wp-json\/wp\/v2\/media?parent=107143"}],"wp:term":[{"taxonomy":"category","embeddable":true,"href":"https:\/\/www.europesays.com\/pt\/wp-json\/wp\/v2\/categories?post=107143"},{"taxonomy":"post_tag","embeddable":true,"href":"https:\/\/www.europesays.com\/pt\/wp-json\/wp\/v2\/tags?post=107143"}],"curies":[{"name":"wp","href":"https:\/\/api.w.org\/{rel}","templated":true}]}}