{"id":107157,"date":"2025-10-12T02:32:15","date_gmt":"2025-10-12T02:32:15","guid":{"rendered":"https:\/\/www.europesays.com\/pt\/107157\/"},"modified":"2025-10-12T02:32:15","modified_gmt":"2025-10-12T02:32:15","slug":"antes-do-ufc-rio-charles-oliveira-abandona-do-bronx-entenda","status":"publish","type":"post","link":"https:\/\/www.europesays.com\/pt\/107157\/","title":{"rendered":"Antes do UFC Rio, Charles Oliveira abandona &#8220;Do Bronx&#8221;; entenda"},"content":{"rendered":"<p class=\"w-full text-lg font-krub text-gray-500 leading-30\">Charles &#8220;do Bronx&#8221; Oliveira est\u00e1 prestes a subir no oct\u00f3gono para enfrentar Mateusz Gamrot pelo <a href=\"https:\/\/www.lance.com.br\/lutas\" class=\"font-bold break-normal hover:underline\" style=\"color:var(--green-lance)\" rel=\"nofollow noopener\" target=\"_blank\">UFC Rio<\/a>, no pr\u00f3ximo s\u00e1bado (11). Em meio \u00e0 prepara\u00e7\u00e3o, o lutador brasileiro anunciou em suas redes sociais a mudan\u00e7a do hist\u00f3rico apelido.<\/p>\n<p>continua ap\u00f3s a publicidade<\/p>\n<p class=\"w-full text-lg font-krub text-gray-500 leading-30\">\u27a1\ufe0f <a href=\"https:\/\/www.whatsapp.com\/channel\/0029VbBdHJvGpLHH0cOeTm17\" class=\"font-bold break-normal hover:underline\" style=\"color:var(--green-lance)\" target=\"_blank\" rel=\"nofollow noopener\">Tudo sobre os esportes Ol\u00edmpicos agora no WhatsApp. Siga o nosso novo canal Lance! Ol\u00edmpico<\/a><\/p>\n<p><img alt=\"Do Bronx busca vit\u00f3ria no UFC Rio (Foto: Reprodu\u00e7\u00e3o Instagram Charles Do Bronx)\" loading=\"lazy\" width=\"850\" height=\"530\" decoding=\"async\" data-nimg=\"1\" class=\"w-full rounded-lg\" style=\"color:transparent\" src=\"https:\/\/www.europesays.com\/pt\/wp-content\/uploads\/2025\/10\/do-bronx-charles-ufc.jpg\"\/>Do Bronx busca vit\u00f3ria no UFC Rio (Foto: Reprodu\u00e7\u00e3o \/ Instagram Charles Do Bronx)<\/p>\n<p class=\"w-full text-lg font-krub text-gray-500 leading-30\">Na sua conta oficial do Instagram, Charles revelou um &#8220;nova personalidade&#8221; no tatame a partir do evento na Cidade Maravilhosa: &#8220;O Predador&#8221;. A mudan\u00e7a, no entanto, se trata de uma a\u00e7\u00e3o publicit\u00e1ria para o filme &#8220;Predador: Terras Selvagens&#8221;, que ser\u00e1 lan\u00e7ado no dia 6 de novembro.<\/p>\n<p class=\"w-full text-lg font-krub text-gray-500 leading-30\">\u2014 Na ca\u00e7ada em busca do mais forte, sobre existe lugar para um Predador. Por isso, a partir de agora \u00e9 Charles Predador aqui no oct\u00f3gono. Um lutador que, assim como eu, encara qualquer desafio de frente, sempre preparado para o que vier. S\u00f3 que, dessa vez, a miss\u00e3o \u00e9 confrontar o maior dos inimigos e reestabelecer o respeito de um povo \u2014 escreveu Do Bronx, na publica\u00e7\u00e3o.<\/p>\n<p>continua ap\u00f3s a publicidade<\/p>\n<p class=\"w-full text-lg font-krub text-gray-500 leading-30\">De volta para o Brasil, Charles far\u00e1 sua estreia no oct\u00f3gono do Rio de Janeiro. Com seis vit\u00f3rias em solo brasileiro, o ex-campe\u00e3o do peso-leve busca superar a dura derrota contra Ilia Topuria no UFC 317 em junho deste ano.<\/p>\n<p>Veja o card completo do UFC Rio<\/p>\n<p class=\"w-full text-lg font-krub text-gray-500 leading-30\">O in\u00edcio da disputa do card preliminar do UFC Rio est\u00e1 agendada para \u00e0s 17h (de Bras\u00edlia). Em sequ\u00eancia, o card principal come\u00e7a com fortes emo\u00e7\u00f5es j\u00e1 \u00e0s 20h (de Bras\u00edlia).<\/p>\n<p>continua ap\u00f3s a publicidade<\/p>\n<p>Card principal<\/p>\n<p class=\"w-full text-lg font-krub text-gray-500 leading-30\">Peso leve: Charles Oliveira x Mateusz Gamrot<br \/>Peso galo: Deiveson Figueiredo x Montel Jackson<br \/>Peso meio-m\u00e9dio: Vicente Luque x Joel Alvarez<br \/>Peso pesado: Jhonata Diniz x Mario Pinto<br \/>Peso pena: Ricardo Ramos x Kaan Ofli<br \/>Peso pena: Lucas Almeida x Michael Aswell<\/p>\n<p>Card preliminar<\/p>\n<p class=\"w-full text-lg font-krub text-gray-500 leading-30\">Peso mosca: Jafel Filho x Clayton Carpenter<br \/>Peso pesado: Vitor Petrino x Thomas Petersen<br \/>Peso galo: Bia Mesquita x Irina Alekseeva<br \/>Peso palha: Julia Polastri x Karolina Kowalkiewicz<br \/>Peso mosca: Lucas Rocha x Stewart Nicoll<br \/>Peso galo: Luan Lacerda x Saimon Oliveira<\/p>\n","protected":false},"excerpt":{"rendered":"Charles &#8220;do Bronx&#8221; Oliveira est\u00e1 prestes a subir no oct\u00f3gono para enfrentar Mateusz Gamrot pelo UFC Rio, no&hellip;\n","protected":false},"author":2,"featured_media":107158,"comment_status":"","ping_status":"","sticky":false,"template":"","format":"standard","meta":{"footnotes":""},"categories":[140],"tags":[25640,114,115,147,148,7941,146,32,33,24578],"class_list":{"0":"post-107157","1":"post","2":"type-post","3":"status-publish","4":"format-standard","5":"has-post-thumbnail","7":"category-filmes","8":"tag-charles-oliveira","9":"tag-entertainment","10":"tag-entretenimento","11":"tag-film","12":"tag-filmes","13":"tag-mais-esportes","14":"tag-movies","15":"tag-portugal","16":"tag-pt","17":"tag-ufc"},"share_on_mastodon":{"url":"","error":""},"_links":{"self":[{"href":"https:\/\/www.europesays.com\/pt\/wp-json\/wp\/v2\/posts\/107157","targetHints":{"allow":["GET"]}}],"collection":[{"href":"https:\/\/www.europesays.com\/pt\/wp-json\/wp\/v2\/posts"}],"about":[{"href":"https:\/\/www.europesays.com\/pt\/wp-json\/wp\/v2\/types\/post"}],"author":[{"embeddable":true,"href":"https:\/\/www.europesays.com\/pt\/wp-json\/wp\/v2\/users\/2"}],"replies":[{"embeddable":true,"href":"https:\/\/www.europesays.com\/pt\/wp-json\/wp\/v2\/comments?post=107157"}],"version-history":[{"count":0,"href":"https:\/\/www.europesays.com\/pt\/wp-json\/wp\/v2\/posts\/107157\/revisions"}],"wp:featuredmedia":[{"embeddable":true,"href":"https:\/\/www.europesays.com\/pt\/wp-json\/wp\/v2\/media\/107158"}],"wp:attachment":[{"href":"https:\/\/www.europesays.com\/pt\/wp-json\/wp\/v2\/media?parent=107157"}],"wp:term":[{"taxonomy":"category","embeddable":true,"href":"https:\/\/www.europesays.com\/pt\/wp-json\/wp\/v2\/categories?post=107157"},{"taxonomy":"post_tag","embeddable":true,"href":"https:\/\/www.europesays.com\/pt\/wp-json\/wp\/v2\/tags?post=107157"}],"curies":[{"name":"wp","href":"https:\/\/api.w.org\/{rel}","templated":true}]}}