{"id":107164,"date":"2025-10-12T02:38:13","date_gmt":"2025-10-12T02:38:13","guid":{"rendered":"https:\/\/www.europesays.com\/pt\/107164\/"},"modified":"2025-10-12T02:38:13","modified_gmt":"2025-10-12T02:38:13","slug":"milhares-de-funcionarios-despedidos-pela-administracao-trump","status":"publish","type":"post","link":"https:\/\/www.europesays.com\/pt\/107164\/","title":{"rendered":"Milhares de funcion\u00e1rios despedidos pela administra\u00e7\u00e3o Trump"},"content":{"rendered":"<p>A administra\u00e7\u00e3o Trump iniciou o processo de dispensar milhares de funcion\u00e1rios federais, comunicou atrav\u00e9s da rede social X o diretor do Office of Managment and Budget (OMB), Russell T. Vought , na sexta-feira. &#8220;O RIF [Reduction in Force] j\u00e1 come\u00e7ou&#8221;, postou o respons\u00e1vel nesta sexta-feira. A medida \u00e9 uma forma de pressionar os democratas a aprovarem o or\u00e7amento e p\u00f4r fim ao impasse pol\u00edtico no pa\u00eds.<\/p>\n<p>&#8220;Podemos confirmar que as RIFs come\u00e7aram e s\u00e3o substanciais&#8221;, conformou um porta-voz do OMB ao site<a href=\"https:\/\/www.politico.com\/news\/2025\/10\/10\/vought-sounds-layoff-siren-the-rifs-have-begun-00602262\" target=\"_blank\" rel=\"noopener noreferrer nofollow\">&#8220;Politico&#8221;<\/a>. A BBC, por sua parte, <a href=\"https:\/\/www.bbc.com\/news\/articles\/c1mxd1g71vxo\" target=\"_blank\" rel=\"noopener noreferrer nofollow\">revelou<\/a> que sete ag\u00eancias tinham avan\u00e7ado com o despedimento de mais de 4000 funcion\u00e1rios. De acordo com a legisla\u00e7\u00e3o em vigor, estes devem ser informados com pelo menos 30 dias de avan\u00e7o quanto \u00e0 sua demiss\u00e3o dos cargos que ocupam.<\/p>\n<p>O tweet de Vought levou a que departamentos como o de Sa\u00fade, Servi\u00e7os Humanos e o Tesouro se apressassem a corroborar a emiss\u00e3o de notas de despedimento aos funcion\u00e1rios. Por sua vez, o departamento de Seguran\u00e7a Interna, em que grande parte da for\u00e7a de trabalho \u00e9 considerada essencial, informou que demitiria primeiro pessoal da sua Ag\u00eancia de Seguran\u00e7a Cibern\u00e9tica e Infraestrutura.<\/p>\n<p>Entretanto, os sindicatos j\u00e1 reagiram. &#8220;\u00c9 vergonhoso que o governo Trump tenha usado a paralisa\u00e7\u00e3o do governo como desculpa para demitir ilegalmente milhares de trabalhadores que prestam servi\u00e7os essenciais \u00e0s comunidades em todo o pa\u00eds&#8221;, declarou Everett Kelley, presidente da American Federation of Government Employees (AFGE). <\/p>\n<p>Recorde-se que uma grande parte dos servi\u00e7os governamentais dos EUA atravessa neste momento uma paralisa\u00e7\u00e3o depois de, novamente, democratas e republicanos n\u00e3o terem chegado a um acordo sobre quest\u00f5es or\u00e7amentais. Tanto para a AFGE quanto para a AFL-CIO [ American Federation of Labor and Congress of Industrial Organizations], deram entrada com uma a\u00e7\u00e3o judicial num tribunal da Calif\u00f3rnia em que contestam a legalidade do plano de demitir funcion\u00e1rios durante a paralisa\u00e7\u00e3o, anunciado por Vought, e pedem que a medida seja temporariamente bloqueada.<\/p>\n<p>Os advogados do OMB vieram, por sua vez, indicar que 4600 trabalhadores receberiam avisos de RIF a partir de sexta-feira.<\/p>\n","protected":false},"excerpt":{"rendered":"A administra\u00e7\u00e3o Trump iniciou o processo de dispensar milhares de funcion\u00e1rios federais, comunicou atrav\u00e9s da rede social X&hellip;\n","protected":false},"author":2,"featured_media":107165,"comment_status":"","ping_status":"","sticky":false,"template":"","format":"standard","meta":{"footnotes":""},"categories":[50],"tags":[27,28,15,16,14,25,26,21,22,62,12,13,19,20,23,24,17,18,29,30,31,63,64,65],"class_list":{"0":"post-107164","1":"post","2":"type-post","3":"status-publish","4":"format-standard","5":"has-post-thumbnail","7":"category-mundo","8":"tag-breaking-news","9":"tag-breakingnews","10":"tag-featured-news","11":"tag-featurednews","12":"tag-headlines","13":"tag-latest-news","14":"tag-latestnews","15":"tag-main-news","16":"tag-mainnews","17":"tag-mundo","18":"tag-news","19":"tag-noticias","20":"tag-noticias-principais","21":"tag-noticiasprincipais","22":"tag-principais-noticias","23":"tag-principaisnoticias","24":"tag-top-stories","25":"tag-topstories","26":"tag-ultimas","27":"tag-ultimas-noticias","28":"tag-ultimasnoticias","29":"tag-world","30":"tag-world-news","31":"tag-worldnews"},"share_on_mastodon":{"url":"","error":""},"_links":{"self":[{"href":"https:\/\/www.europesays.com\/pt\/wp-json\/wp\/v2\/posts\/107164","targetHints":{"allow":["GET"]}}],"collection":[{"href":"https:\/\/www.europesays.com\/pt\/wp-json\/wp\/v2\/posts"}],"about":[{"href":"https:\/\/www.europesays.com\/pt\/wp-json\/wp\/v2\/types\/post"}],"author":[{"embeddable":true,"href":"https:\/\/www.europesays.com\/pt\/wp-json\/wp\/v2\/users\/2"}],"replies":[{"embeddable":true,"href":"https:\/\/www.europesays.com\/pt\/wp-json\/wp\/v2\/comments?post=107164"}],"version-history":[{"count":0,"href":"https:\/\/www.europesays.com\/pt\/wp-json\/wp\/v2\/posts\/107164\/revisions"}],"wp:featuredmedia":[{"embeddable":true,"href":"https:\/\/www.europesays.com\/pt\/wp-json\/wp\/v2\/media\/107165"}],"wp:attachment":[{"href":"https:\/\/www.europesays.com\/pt\/wp-json\/wp\/v2\/media?parent=107164"}],"wp:term":[{"taxonomy":"category","embeddable":true,"href":"https:\/\/www.europesays.com\/pt\/wp-json\/wp\/v2\/categories?post=107164"},{"taxonomy":"post_tag","embeddable":true,"href":"https:\/\/www.europesays.com\/pt\/wp-json\/wp\/v2\/tags?post=107164"}],"curies":[{"name":"wp","href":"https:\/\/api.w.org\/{rel}","templated":true}]}}