{"id":107176,"date":"2025-10-12T03:01:11","date_gmt":"2025-10-12T03:01:11","guid":{"rendered":"https:\/\/www.europesays.com\/pt\/107176\/"},"modified":"2025-10-12T03:01:11","modified_gmt":"2025-10-12T03:01:11","slug":"a-vontade-de-diogo-jota-diz-ruben-neves","status":"publish","type":"post","link":"https:\/\/www.europesays.com\/pt\/107176\/","title":{"rendered":"\u00abA vontade de Diogo Jota\u00bb, diz R\u00faben Neves"},"content":{"rendered":"<p>O golo foi de <a class=\"autolink-enabled\" data-resource-id=\"8608\" data-resource-type=\"player\" data-sport=\"football\" href=\"https:\/\/www.abola.pt\/futebol\/jogador\/ruben-neves-8608\" rel=\"nofollow noopener\" target=\"_blank\">R\u00faben Neves<\/a>. A camisola que tinha vestida, com o n\u00famero era de Diogo Jota. O cabeceamento parecia de Diogo Jota. A alma era a que a sele\u00e7\u00e3o promete depois da morte de Diogo Jota.<\/p>\n<p>R\u00faben Neves n\u00e3o foge a toda a emo\u00e7\u00e3o que o seu golo transporta e falou no amigo, ele que no festejo tirou a caneleira para que se visse a tatuagem que tem na perna com o abra\u00e7o entre ele e Diogo Jota.<\/p>\n<p>\u00abSim, foi um golo com a vontade de Diogo Jota. O que ele nos levava para dentro de campo. Disse anteriormente que cada um de n\u00f3s levaria o Diogo para dentro de campo, a sua vontade, o sacrif\u00edcio, a vontade de vencer. Foi o que aconteceu hoje\u00bb, afirmou no final da partida de Alvalade.<\/p>\n<p>R\u00faben garantiu ainda que combinou o lance que resolveu o jogo com Trinc\u00e3o: \u00abQuando Trinc\u00e3o entrou, talvez cinco minutos antes do golo, disse-lhe que quando viesse para dentro, que eu sei que \u00e9 movimento que ele faz muitas vezes, eu entraria na segunda linha, entre os centrais. E a primeira vez que ele cruzou, deu golo, tal como t\u00ednhamos combinado. Senti que poderia entrar naquele espa\u00e7o e se a bola entrasse no s\u00edtio certo poderia marcar. Entrou no s\u00edtio certo&#8230;\u00bb<\/p>\n<p>S\u00f3 falta fazer a mala para o Mundial, que est\u00e1 praticamente garantido? \u00c0 pergunta da RTP, R\u00faben Neves garante que falta muito mais que isso.<\/p>\n<p>\u00abNada est\u00e1 feito, basta ganhar mais um jogo, isso sim. Mas vamos jogar em casa e aqui jogamos com 12, o que \u00e9 uma vantagem para n\u00f3s, torna tudo mais f\u00e1cil.\u00bb<\/p>\n<p>O novo n\u00famero 21 falou tamb\u00e9m do que faltou a Portugal at\u00e9 ao m\u00e1gico minuto 90+1: \u00abDever\u00edamos ter tido mais calma, na primeira parte falhou calma. Foi dif\u00edcil, porque o ponta-de-lan\u00e7a irland\u00eas jogou como m\u00e9dio defensivo. Al\u00e9m disso, s\u00e3o uma equipa muito alta, forte fisicamente e tivemos de ter mais paci\u00eancia e cansar a Irlanda. Foi o que fizemos na segunda parte e merecemos a vit\u00f3ria.\u00bb\u00a0<\/p>\n","protected":false},"excerpt":{"rendered":"O golo foi de R\u00faben Neves. A camisola que tinha vestida, com o n\u00famero era de Diogo Jota.&hellip;\n","protected":false},"author":2,"featured_media":107177,"comment_status":"","ping_status":"","sticky":false,"template":"","format":"standard","meta":{"footnotes":""},"categories":[87],"tags":[135,32,33,134],"class_list":{"0":"post-107176","1":"post","2":"type-post","3":"status-publish","4":"format-standard","5":"has-post-thumbnail","7":"category-desporto","8":"tag-desporto","9":"tag-portugal","10":"tag-pt","11":"tag-sports"},"share_on_mastodon":{"url":"","error":""},"_links":{"self":[{"href":"https:\/\/www.europesays.com\/pt\/wp-json\/wp\/v2\/posts\/107176","targetHints":{"allow":["GET"]}}],"collection":[{"href":"https:\/\/www.europesays.com\/pt\/wp-json\/wp\/v2\/posts"}],"about":[{"href":"https:\/\/www.europesays.com\/pt\/wp-json\/wp\/v2\/types\/post"}],"author":[{"embeddable":true,"href":"https:\/\/www.europesays.com\/pt\/wp-json\/wp\/v2\/users\/2"}],"replies":[{"embeddable":true,"href":"https:\/\/www.europesays.com\/pt\/wp-json\/wp\/v2\/comments?post=107176"}],"version-history":[{"count":0,"href":"https:\/\/www.europesays.com\/pt\/wp-json\/wp\/v2\/posts\/107176\/revisions"}],"wp:featuredmedia":[{"embeddable":true,"href":"https:\/\/www.europesays.com\/pt\/wp-json\/wp\/v2\/media\/107177"}],"wp:attachment":[{"href":"https:\/\/www.europesays.com\/pt\/wp-json\/wp\/v2\/media?parent=107176"}],"wp:term":[{"taxonomy":"category","embeddable":true,"href":"https:\/\/www.europesays.com\/pt\/wp-json\/wp\/v2\/categories?post=107176"},{"taxonomy":"post_tag","embeddable":true,"href":"https:\/\/www.europesays.com\/pt\/wp-json\/wp\/v2\/tags?post=107176"}],"curies":[{"name":"wp","href":"https:\/\/api.w.org\/{rel}","templated":true}]}}