{"id":107184,"date":"2025-10-12T03:15:05","date_gmt":"2025-10-12T03:15:05","guid":{"rendered":"https:\/\/www.europesays.com\/pt\/107184\/"},"modified":"2025-10-12T03:15:05","modified_gmt":"2025-10-12T03:15:05","slug":"oma-de-carlos-queiroz-perde-na-reta-final-com-golo-de-ex-benfica-zerozero-pt","status":"publish","type":"post","link":"https:\/\/www.europesays.com\/pt\/107184\/","title":{"rendered":"Om\u00e3 de Carlos Queiroz perde na reta final com golo de ex-Benfica &#8211; zerozero.pt"},"content":{"rendered":"<ol>\n<li><a href=\"https:\/\/news.google.com\/rss\/articles\/CBMipwFBVV95cUxPMHBjYjRINmNUcUp0MkFZY3Mxb0NCTE4yWkZxcjFhV1huOUhLa0NITi1uVkF2N2dqak82d0dBUGEyTDJwMDlROW9mZE91Z0JjZjkwU0RyNTMyN2c0T2J0RHRrVndVOVBUX2JadHMxSXhmSHBkbVhwbHBYcDdpQUVHQTUxZDIwNW5TV19KM0FGYXcwbG9vc05rUkR3NFRvUW1IOU42NndXcw?oc=5\" target=\"_blank\" rel=\"nofollow noopener\">Om\u00e3 de Carlos Queiroz perde na reta final com golo de ex-Benfica<\/a>&nbsp;&nbsp;zerozero.pt<\/li>\n<li><a href=\"https:\/\/news.google.com\/rss\/articles\/CBMizwFBVV95cUxQdEF4dTE0dERZcko4b196VTZ5Y1M2VEpic0dlWGdpY3hCZ0JXOVdzRzlueXhfSE45VlEwTnEzQlFEWlZIMXdMWlFNeGZTdFBNUVFrLVpuME9Xc245bHpJZXlVVmRVOXkzNFFFdU0xRlM0ZTFQTjNoRkc4d1RncmQxUDNFd3hsa0dIeFV6eG5VRmN5ODNVZVBzUHVJSGpuOV9zTnhYd1B1Ry1OYjBkTEdTa1VYb0JkWU9zZVlrR09CNUhYRWMwc3NJSmJGRmRlM00?oc=5\" target=\"_blank\" rel=\"nofollow noopener\">Julio Gomes: Com gols de brasileiros, Emirados \u00c1rabes ficam perto de voltar \u00e0 Copa<\/a>&nbsp;&nbsp;UOL<\/li>\n<li><a href=\"https:\/\/news.google.com\/rss\/articles\/CBMitwFBVV95cUxPdW9fRjZpNHRKdDdraDVlV3FGQXVWZXY1aURtQ3hCWGx6MTlEaWZjQ1Z4a2dqNGZ1R0RKTWo0Ny1CU0tWZjVSOHFXQVdxLXpXTDN1bzg0dUVGRzZKSjZYaDJHdS1zZ0Q0dG1ob2ZDamQzVDFBMERTWUpvUl9fd0pRN1Q1OW5UOElPdGNYU0hGdWR4QWR6dEtiMEJsS3NHT3hrb1lfNzY2UVRKTGx4czE1VWs0TjAzYzA?oc=5\" target=\"_blank\" rel=\"nofollow noopener\">\ud83c\udfa5 Brasileiros &#8216;importados&#8217; deixam sele\u00e7\u00e3o do Oriente M\u00e9dio perto da Copa<\/a>&nbsp;&nbsp;OneFootball<\/li>\n<li><a href=\"https:\/\/news.google.com\/rss\/articles\/CBMisgFBVV95cUxQYTZGNWNDcVNvX2l3RjhTYmZUZkVlQm9MOUtkSVlfY05wZUMzbGtKdS02WDl4WnlTcWVZeS1hakVKTGdIV2tHeUNaZFhELUNXRFBwWlRpMktqNEJpdl95R0dzR3l5QWJPbGpKRFNDME1MZFVzeTBDaW1TSUJmWENVcjZzNUMxTmliYm9oNzY1QlVKM21lZHUzQTA4TFdNS3RERWRHQlVwS2pHTC1GUmFsbWVn?oc=5\" target=\"_blank\" rel=\"nofollow noopener\">Om\u00e3 perde e Carlos Queiroz fica mais longe do seu quinto Mundial<\/a>&nbsp;&nbsp;SAPO<\/li>\n<li><a href=\"https:\/\/news.google.com\/rss\/articles\/CBMingFBVV95cUxNTmZlbm5kcTllWUptZnRseUYxZ0M2bUZERWplbnZ1YlhTVzZKdE50QnFWWk1wdU9HWU9ZSzRBYlBic2tWWlY2VUpIbElEbHpid2JMRlM1YzVwQkFVVXRjM0FHLWU4OE9ZcldIb3RzdllwYlpUbUQ3MEJGUnNicHB2MHFONVlrMHB1SnZJMFdFZlBvbWQ1Zm9BR2hxQURZdw?oc=5\" target=\"_blank\" rel=\"nofollow noopener\">Carlos Queiroz: &#8220;Os meus jogadores mereciam mais&#8221;<\/a>&nbsp;&nbsp;O Jogo<\/li>\n<\/ol>\n","protected":false},"excerpt":{"rendered":"Om\u00e3 de Carlos Queiroz perde na reta final com golo de ex-Benfica&nbsp;&nbsp;zerozero.pt Julio Gomes: Com gols de brasileiros,&hellip;\n","protected":false},"author":2,"featured_media":107185,"comment_status":"","ping_status":"","sticky":false,"template":"","format":"standard","meta":{"footnotes":""},"categories":[87],"tags":[135,526,524,13,32,33,527,525,134,523],"class_list":{"0":"post-107184","1":"post","2":"type-post","3":"status-publish","4":"format-standard","5":"has-post-thumbnail","7":"category-desporto","8":"tag-desporto","9":"tag-football","10":"tag-futebol","11":"tag-noticias","12":"tag-portugal","13":"tag-pt","14":"tag-resultados","15":"tag-soccer","16":"tag-sports","17":"tag-zerozero"},"share_on_mastodon":{"url":"","error":""},"_links":{"self":[{"href":"https:\/\/www.europesays.com\/pt\/wp-json\/wp\/v2\/posts\/107184","targetHints":{"allow":["GET"]}}],"collection":[{"href":"https:\/\/www.europesays.com\/pt\/wp-json\/wp\/v2\/posts"}],"about":[{"href":"https:\/\/www.europesays.com\/pt\/wp-json\/wp\/v2\/types\/post"}],"author":[{"embeddable":true,"href":"https:\/\/www.europesays.com\/pt\/wp-json\/wp\/v2\/users\/2"}],"replies":[{"embeddable":true,"href":"https:\/\/www.europesays.com\/pt\/wp-json\/wp\/v2\/comments?post=107184"}],"version-history":[{"count":0,"href":"https:\/\/www.europesays.com\/pt\/wp-json\/wp\/v2\/posts\/107184\/revisions"}],"wp:featuredmedia":[{"embeddable":true,"href":"https:\/\/www.europesays.com\/pt\/wp-json\/wp\/v2\/media\/107185"}],"wp:attachment":[{"href":"https:\/\/www.europesays.com\/pt\/wp-json\/wp\/v2\/media?parent=107184"}],"wp:term":[{"taxonomy":"category","embeddable":true,"href":"https:\/\/www.europesays.com\/pt\/wp-json\/wp\/v2\/categories?post=107184"},{"taxonomy":"post_tag","embeddable":true,"href":"https:\/\/www.europesays.com\/pt\/wp-json\/wp\/v2\/tags?post=107184"}],"curies":[{"name":"wp","href":"https:\/\/api.w.org\/{rel}","templated":true}]}}