{"id":107188,"date":"2025-10-12T03:18:11","date_gmt":"2025-10-12T03:18:11","guid":{"rendered":"https:\/\/www.europesays.com\/pt\/107188\/"},"modified":"2025-10-12T03:18:11","modified_gmt":"2025-10-12T03:18:11","slug":"champanhe-do-oscar-lallier-desembarca-no-brasil-e-brinda-a-sofisticacao-francesa-portal-in-pompeu-vasconcelos","status":"publish","type":"post","link":"https:\/\/www.europesays.com\/pt\/107188\/","title":{"rendered":"Champanhe do Oscar, Lallier desembarca no Brasil e brinda \u00e0 sofistica\u00e7\u00e3o francesa &#8211; Portal IN &#8211; Pompeu Vasconcelos"},"content":{"rendered":"<p>                    <img fetchpriority=\"high\" decoding=\"async\" aria-describedby=\"caption-attachment-683241\" class=\"size-large wp-image-683241\" src=\"https:\/\/www.europesays.com\/pt\/wp-content\/uploads\/2025\/10\/isabeli-fontana-e-di-ferrero-684x1024.jpg\" alt=\"Isabeli Fontana E Di Ferrero\" width=\"684\" height=\"1024\"  \/><\/p>\n<p id=\"caption-attachment-683241\" class=\"wp-caption-text\">Isabeli Fontana e Di Ferrero participaram do evento exclusivo na penthouse do Hotel Rosewood\u00a0<\/p>\n<p>O requinte franc\u00eas ganhou novos ares em <strong>S\u00e3o Paulo.<\/strong> A maison de champanhe <strong data-start=\"159\" data-end=\"170\">Lallier<\/strong>, c\u00e9lebre por figurar entre as<strong> ta\u00e7as do Oscar<\/strong>, acaba de<strong> estrear oficialmente no mercado brasileiro<\/strong>, consolidando o avan\u00e7o do Grupo Campari no segmento de luxo no pa\u00eds. A chegada da prestigiada marca foi celebrada em um evento exclusivo realizado na sofisticada <strong data-start=\"479\" data-end=\"520\">penthouse do Hotel Rosewood S\u00e3o Paulo<\/strong>, cen\u00e1rio perfeito para um brinde \u00e0 eleg\u00e2ncia.<\/p>\n<p data-start=\"620\" data-end=\"1026\">A celebra\u00e7\u00e3o reuniu convidados em duas experi\u00eancias concebidas para enaltecer a <strong data-start=\"700\" data-end=\"757\">excel\u00eancia artesanal e a heran\u00e7a enol\u00f3gica da Lallier<\/strong>. A maison revelou, com sutileza e sofistica\u00e7\u00e3o, o posicionamento que pretende adotar no Brasil: uma marca voltada a <strong data-start=\"874\" data-end=\"898\">viv\u00eancias intimistas<\/strong>, <strong data-start=\"900\" data-end=\"923\">imers\u00f5es sensoriais<\/strong> e <strong data-start=\"926\" data-end=\"966\">forte liga\u00e7\u00e3o com a alta gastronomia<\/strong> \u2014 territ\u00f3rio natural e imprescind\u00edvel ao champanhe franc\u00eas.<\/p>\n<p>Presen\u00e7as ilustres e atmosfera de glamour<\/p>\n<p data-start=\"1075\" data-end=\"1742\">Entre os nomes que prestigiaram a noite, destacaram-se <strong data-start=\"1130\" data-end=\"1162\">Isabeli Fontana e Di Ferrero<\/strong>, a <strong data-start=\"1166\" data-end=\"1221\">c\u00f4nsul-geral da Fran\u00e7a em S\u00e3o Paulo, Alexandra Mias<\/strong>, al\u00e9m de personalidades como <strong data-start=\"1251\" data-end=\"1269\">Carol Lauriano<\/strong>, <strong data-start=\"1271\" data-end=\"1286\">Maythe Jahn<\/strong>, <strong data-start=\"1288\" data-end=\"1307\">Edoardo Tonolli<\/strong> (CEO da Bacio di Latte) e sua esposa <strong data-start=\"1345\" data-end=\"1364\">Juliana Martins<\/strong>. Tamb\u00e9m compareceram <strong data-start=\"1386\" data-end=\"1402\">F\u00e1bio Coelho<\/strong>, presidente do Google Brasil, e <strong data-start=\"1435\" data-end=\"1460\">Maria Fernanda Coelho<\/strong>, bem como <strong data-start=\"1471\" data-end=\"1503\">Andrea e Alessandro Bartelle<\/strong>, <strong data-start=\"1505\" data-end=\"1524\">Fernanda Igleto<\/strong>, <strong data-start=\"1526\" data-end=\"1547\">Stephanie Ribeiro<\/strong>, <strong data-start=\"1549\" data-end=\"1566\">Raquel Corr\u00eaa<\/strong>, <strong data-start=\"1568\" data-end=\"1601\">Carolina Bull e Edmar Mendoza<\/strong>, e o empres\u00e1rio <strong data-start=\"1618\" data-end=\"1634\">Andr\u00e9 Farias, <\/strong>CEO do Experience Club Nordeste. O clima de celebra\u00e7\u00e3o foi conduzido ao som envolvente de <strong data-start=\"1693\" data-end=\"1708\">Alex Albino<\/strong>, que embalou os brindes da noite.<\/p>\n<p data-start=\"1774\" data-end=\"2280\" data-is-last-node=\"\" data-is-only-node=\"\">Representando o grupo, <strong data-start=\"1797\" data-end=\"1815\">Amanda Capucho<\/strong>, CEO da <strong data-start=\"1824\" data-end=\"1842\">Campari Brasil<\/strong>, ao lado de <strong data-start=\"1855\" data-end=\"1877\">Andrezza Gon\u00e7alves<\/strong>, head das marcas de luxo no pa\u00eds, e <strong data-start=\"1914\" data-end=\"1936\">Kennedy Nascimento<\/strong>, <strong>embaixador nacional da Lallier,<\/strong> recepcionaram os convidados com eleg\u00e2ncia e entusiasmo. O trio celebrou n\u00e3o apenas a chegada de uma das mais refinadas maisons de champanhe ao pa\u00eds, mas tamb\u00e9m o in\u00edcio de um novo cap\u00edtulo para o portf\u00f3lio de luxo.<\/p>\n<p data-start=\"1774\" data-end=\"2280\" data-is-last-node=\"\" data-is-only-node=\"\">Veja os cliques!<\/p>\n","protected":false},"excerpt":{"rendered":"Isabeli Fontana e Di Ferrero participaram do evento exclusivo na penthouse do Hotel Rosewood\u00a0 O requinte franc\u00eas ganhou&hellip;\n","protected":false},"author":2,"featured_media":107189,"comment_status":"","ping_status":"","sticky":false,"template":"","format":"standard","meta":{"footnotes":""},"categories":[84],"tags":[109,107,108,32,33,105,103,104,106,110],"class_list":{"0":"post-107188","1":"post","2":"type-post","3":"status-publish","4":"format-standard","5":"has-post-thumbnail","7":"category-ciencia-e-tecnologia","8":"tag-ciencia","9":"tag-ciencia-e-tecnologia","10":"tag-cienciaetecnologia","11":"tag-portugal","12":"tag-pt","13":"tag-science","14":"tag-science-and-technology","15":"tag-scienceandtechnology","16":"tag-technology","17":"tag-tecnologia"},"share_on_mastodon":{"url":"","error":""},"_links":{"self":[{"href":"https:\/\/www.europesays.com\/pt\/wp-json\/wp\/v2\/posts\/107188","targetHints":{"allow":["GET"]}}],"collection":[{"href":"https:\/\/www.europesays.com\/pt\/wp-json\/wp\/v2\/posts"}],"about":[{"href":"https:\/\/www.europesays.com\/pt\/wp-json\/wp\/v2\/types\/post"}],"author":[{"embeddable":true,"href":"https:\/\/www.europesays.com\/pt\/wp-json\/wp\/v2\/users\/2"}],"replies":[{"embeddable":true,"href":"https:\/\/www.europesays.com\/pt\/wp-json\/wp\/v2\/comments?post=107188"}],"version-history":[{"count":0,"href":"https:\/\/www.europesays.com\/pt\/wp-json\/wp\/v2\/posts\/107188\/revisions"}],"wp:featuredmedia":[{"embeddable":true,"href":"https:\/\/www.europesays.com\/pt\/wp-json\/wp\/v2\/media\/107189"}],"wp:attachment":[{"href":"https:\/\/www.europesays.com\/pt\/wp-json\/wp\/v2\/media?parent=107188"}],"wp:term":[{"taxonomy":"category","embeddable":true,"href":"https:\/\/www.europesays.com\/pt\/wp-json\/wp\/v2\/categories?post=107188"},{"taxonomy":"post_tag","embeddable":true,"href":"https:\/\/www.europesays.com\/pt\/wp-json\/wp\/v2\/tags?post=107188"}],"curies":[{"name":"wp","href":"https:\/\/api.w.org\/{rel}","templated":true}]}}