{"id":107190,"date":"2025-10-12T03:23:15","date_gmt":"2025-10-12T03:23:15","guid":{"rendered":"https:\/\/www.europesays.com\/pt\/107190\/"},"modified":"2025-10-12T03:23:15","modified_gmt":"2025-10-12T03:23:15","slug":"nem-sempre-gostar-de-sexo-significa-doenca","status":"publish","type":"post","link":"https:\/\/www.europesays.com\/pt\/107190\/","title":{"rendered":"\u2018Nem sempre gostar de sexo significa doen\u00e7a\u2019"},"content":{"rendered":"<p><strong>Raquel Pacheco<\/strong>, conhecida como <strong>Bruna Surfistinha<\/strong>, de 40 anos, usou suas redes sociais para desabafar sobre coment\u00e1rios de internautas questionando sua sa\u00fade mental. \u201cEstava lendo os coment\u00e1rios\u2026 depois dos ju\u00edzes da internet, a gente que lute com os psiquiatras virtuais. Miseric\u00f3rdia\u201d, iniciou.<\/p>\n<p>Ela criticou a tentativa de diagn\u00f3sticos feitos por pessoas leigas. \u201cA pauta do debate: eu, no caso, enfrento algum dist\u00farbio por gostar de sexo, ent\u00e3o bora encontrar um diagn\u00f3stico\u201d, afirmou. <strong>Raquel<\/strong> explicou que j\u00e1 ouviu falar de borderline, mas ressaltou: \u201cNenhum dos tr\u00eas psiquiatras reais me deu esse diagn\u00f3stico\u201d.<\/p>\n<p>Veja tamb\u00e9m:<a href=\"https:\/\/observatoriodosfamosos.com.br\/colunas\/feed-tv\/deborah-secco-revela-por-que-aceitou-a-sequencia-de-bruna-surfistinha\" rel=\"nofollow noopener\" target=\"_blank\"> Deborah Secco revela por que aceitou a sequ\u00eancia de Bruna Surfistinha<\/a><\/p>\n<p><strong>Raquel<\/strong> destacou seu diagn\u00f3stico verdadeiro e sua liberdade pessoal. \u201cMeu diagn\u00f3stico real: escorpiana. E, sim, gosto de sexo, e esse gostar nem sempre significa dist\u00farbio ou doen\u00e7a\u201d, disse. Ela tamb\u00e9m mencionou seu celibato volunt\u00e1rio e o uso consciente de vibradores.<\/p>\n<p>Finalizando, <strong>Raquel<\/strong> pediu respeito pelos diagn\u00f3sticos profissionais e seu bem-estar. \u201cMe deixem em paz com meu TDAH e minhas crises de ansiedade. Diagn\u00f3sticos por psiquiatras reais e n\u00e3o virtuais\u201d, concluiu.<\/p>\n<p>O post <a href=\"https:\/\/observatoriodosfamosos.com.br\/noticias\/em-celibato-bruna-surfistinha-se-defende-de-criticas-nem-sempre-gostar-de-sexo-significa-doenca\" rel=\"nofollow noopener\" target=\"_blank\">Em celibato, Bruna Surfistinha se defende de cr\u00edticas: \u2018Nem sempre gostar de sexo significa doen\u00e7a\u2019<\/a> foi publicado primeiro em <a href=\"https:\/\/observatoriodosfamosos.com.br\" rel=\"nofollow noopener\" target=\"_blank\">Observat\u00f3rio dos Famosos<\/a>.<\/p>\n","protected":false},"excerpt":{"rendered":"Raquel Pacheco, conhecida como Bruna Surfistinha, de 40 anos, usou suas redes sociais para desabafar sobre coment\u00e1rios de&hellip;\n","protected":false},"author":2,"featured_media":107191,"comment_status":"","ping_status":"","sticky":false,"template":"","format":"standard","meta":{"footnotes":""},"categories":[145],"tags":[211,210,114,115,32,33],"class_list":{"0":"post-107190","1":"post","2":"type-post","3":"status-publish","4":"format-standard","5":"has-post-thumbnail","7":"category-celebridades","8":"tag-celebridades","9":"tag-celebrities","10":"tag-entertainment","11":"tag-entretenimento","12":"tag-portugal","13":"tag-pt"},"share_on_mastodon":{"url":"","error":""},"_links":{"self":[{"href":"https:\/\/www.europesays.com\/pt\/wp-json\/wp\/v2\/posts\/107190","targetHints":{"allow":["GET"]}}],"collection":[{"href":"https:\/\/www.europesays.com\/pt\/wp-json\/wp\/v2\/posts"}],"about":[{"href":"https:\/\/www.europesays.com\/pt\/wp-json\/wp\/v2\/types\/post"}],"author":[{"embeddable":true,"href":"https:\/\/www.europesays.com\/pt\/wp-json\/wp\/v2\/users\/2"}],"replies":[{"embeddable":true,"href":"https:\/\/www.europesays.com\/pt\/wp-json\/wp\/v2\/comments?post=107190"}],"version-history":[{"count":0,"href":"https:\/\/www.europesays.com\/pt\/wp-json\/wp\/v2\/posts\/107190\/revisions"}],"wp:featuredmedia":[{"embeddable":true,"href":"https:\/\/www.europesays.com\/pt\/wp-json\/wp\/v2\/media\/107191"}],"wp:attachment":[{"href":"https:\/\/www.europesays.com\/pt\/wp-json\/wp\/v2\/media?parent=107190"}],"wp:term":[{"taxonomy":"category","embeddable":true,"href":"https:\/\/www.europesays.com\/pt\/wp-json\/wp\/v2\/categories?post=107190"},{"taxonomy":"post_tag","embeddable":true,"href":"https:\/\/www.europesays.com\/pt\/wp-json\/wp\/v2\/tags?post=107190"}],"curies":[{"name":"wp","href":"https:\/\/api.w.org\/{rel}","templated":true}]}}