{"id":107194,"date":"2025-10-12T03:30:09","date_gmt":"2025-10-12T03:30:09","guid":{"rendered":"https:\/\/www.europesays.com\/pt\/107194\/"},"modified":"2025-10-12T03:30:09","modified_gmt":"2025-10-12T03:30:09","slug":"prefeitura-municipal-de-macae-12","status":"publish","type":"post","link":"https:\/\/www.europesays.com\/pt\/107194\/","title":{"rendered":"Prefeitura Municipal de Maca\u00e9"},"content":{"rendered":"<p>\n                Com a chegada do ver\u00e3o, cada vez mais o munic\u00edpio promove a\u00e7\u00f5es de preven\u00e7\u00e3o. Quem passou pelo Cal\u00e7ad\u00e3o do Centro da cidade neste s\u00e1bado (11) pode registrar e participar de uma ampla programa\u00e7\u00e3o voltada para educa\u00e7\u00e3o e sa\u00fade.  A programa\u00e7\u00e3o retorna no pr\u00f3ximo s\u00e1bado (18), de 9h \u00e0s 14h.<\/p>\n<p>\n                Uma tenda foi montada para alertar a popula\u00e7\u00e3o sobre a necessidade da  mobiliza\u00e7\u00e3o de combate \u00e0s arboviroses. A a\u00e7\u00e3o deste s\u00e1bado tamb\u00e9m tem como objetivo refor\u00e7ar a Campanha dos 10 minutos contra a Dengue. A estrat\u00e9gia \u00e9 evitar a prolifera\u00e7\u00e3o do mosquito Aedes aegypti . A a\u00e7\u00e3o contou com entrega de material informativo, orienta\u00e7\u00e3o e jogos ambientais  junto \u00e0 popula\u00e7\u00e3o , equipes de profissionais de da sa\u00fade e estagi\u00e1rios do 10\u00ba per\u00edodo do curso de Enfermagem da Universidade Est\u00e1cio de S\u00e1.<\/p>\n<p>Presente, a  coordenadora do Programa de Vigil\u00e2ncia Epidemiol\u00f3gica, Liciane Furtado, pontuou que  a finalidade \u00e9 mobilizar quanto aos cuidados com o mosquito transmissor da dengue e outras doen\u00e7as como febre chikungunya, zika e febre oropouche, principalmente na gesta\u00e7\u00e3o.<\/p>\n<p>Os profissionais e estudantes tamb\u00e9m percorreram  as lojas, orientando os comerciantes e clientes. <\/p>\n<blockquote>\n<p>\u201cS\u00e3o medidas simples que o morador deve fazer semanalmente em sua resid\u00eancia para eliminar poss\u00edveis criadouros do mosquito Aedes aegypt\u201d, explicou Liciane.<\/p>\n<p><\/p><\/blockquote>\n<p>Tamb\u00e9m ao longo de todo a manh\u00e3, agentes de endemias da Vigil\u00e2ncia Ambiental  tamb\u00e9m trataram da manuten\u00e7\u00e3o dos bueiros  do cal\u00e7ad\u00e3o.<\/p>\n<p>\u00a0<\/p>\n<p><strong>Vacina\u00e7\u00e3o<br \/><\/strong>A Prefeitura de Maca\u00e9 por meio da Ger\u00eancia de Vigil\u00e2ncia Ambiental prossegue com  a vacina\u00e7\u00e3o antirr\u00e1bica . Neste s\u00e1bado (11) tamb\u00e9m foi a vez  do Cal\u00e7ad\u00e3o. A vacina deve ser aplicada uma vez por ano e \u00e9 a \u00fanica forma de preven\u00e7\u00e3o e combate \u00e0 raiva, doen\u00e7a letal que pode ser transmitida aos seres humanos por meio da mordida de c\u00e3es e gatos infectados.<\/p>\n<p>A imuniza\u00e7\u00e3o acontece em pontos como Cal\u00e7ad\u00e3o, escolas, quadras e em espa\u00e7os de grande circula\u00e7\u00e3o. Presente, o Coordenador Especial de Vigil\u00e2ncia Ambiental em Sa\u00fade, Julinho Antunes ,\u201d refor\u00e7ou que a iniciativa \u00e9 uma forma de alertar a popula\u00e7\u00e3o sobre a import\u00e2ncia da  vacina\u00e7\u00e3o antirr\u00e1bica para c\u00e3es e gatos\u201d<\/p>\n<p>A pequena Lu\u00edsa Silva, levou a yorkshire Lola, de cinco  anos, para vacinar. \u201c Agora a sa\u00fade dela vai ficar muito melhor\u201d, contou aliviada, acompanhada pelo pai.Vale lembrar, que os tutores, maiores de 18 anos, devem estar atentos, pois a vacina n\u00e3o \u00e9 indicada para animais doentes, muito debilitados e f\u00eameas prenhas ou amamentando. Para serem vacinados, \u00e9 preciso que os animais estejam sadios. Os c\u00e3es devem ser levados com guia, coleira e focinheira. J\u00e1 os gatos, podem ser conduzidos em caixas de transporte adequadas ou similares para evitar fugas.<\/p>\n<p>Para maiores informa\u00e7\u00f5es, a popula\u00e7\u00e3o pode entrar em contato com a Ger\u00eancia de Vigil\u00e2ncia Ambiental que funciona \u00e0 Rua Vereador Manoel Braga, 425, Centro de Maca\u00e9, ou atrav\u00e9s do e-mail cevas@macae.rj.gov.br ou, ainda, pelo Disque Dengue (0800-022-6461), com liga\u00e7\u00e3o gratuita, e o WhatsApp Aedes (22) 2772-6461.<\/p>\n","protected":false},"excerpt":{"rendered":"Com a chegada do ver\u00e3o, cada vez mais o munic\u00edpio promove a\u00e7\u00f5es de preven\u00e7\u00e3o. Quem passou pelo Cal\u00e7ad\u00e3o&hellip;\n","protected":false},"author":2,"featured_media":107195,"comment_status":"","ping_status":"","sticky":false,"template":"","format":"standard","meta":{"footnotes":""},"categories":[86],"tags":[116,32,33,117],"class_list":{"0":"post-107194","1":"post","2":"type-post","3":"status-publish","4":"format-standard","5":"has-post-thumbnail","7":"category-saude","8":"tag-health","9":"tag-portugal","10":"tag-pt","11":"tag-saude"},"share_on_mastodon":{"url":"","error":""},"_links":{"self":[{"href":"https:\/\/www.europesays.com\/pt\/wp-json\/wp\/v2\/posts\/107194","targetHints":{"allow":["GET"]}}],"collection":[{"href":"https:\/\/www.europesays.com\/pt\/wp-json\/wp\/v2\/posts"}],"about":[{"href":"https:\/\/www.europesays.com\/pt\/wp-json\/wp\/v2\/types\/post"}],"author":[{"embeddable":true,"href":"https:\/\/www.europesays.com\/pt\/wp-json\/wp\/v2\/users\/2"}],"replies":[{"embeddable":true,"href":"https:\/\/www.europesays.com\/pt\/wp-json\/wp\/v2\/comments?post=107194"}],"version-history":[{"count":0,"href":"https:\/\/www.europesays.com\/pt\/wp-json\/wp\/v2\/posts\/107194\/revisions"}],"wp:featuredmedia":[{"embeddable":true,"href":"https:\/\/www.europesays.com\/pt\/wp-json\/wp\/v2\/media\/107195"}],"wp:attachment":[{"href":"https:\/\/www.europesays.com\/pt\/wp-json\/wp\/v2\/media?parent=107194"}],"wp:term":[{"taxonomy":"category","embeddable":true,"href":"https:\/\/www.europesays.com\/pt\/wp-json\/wp\/v2\/categories?post=107194"},{"taxonomy":"post_tag","embeddable":true,"href":"https:\/\/www.europesays.com\/pt\/wp-json\/wp\/v2\/tags?post=107194"}],"curies":[{"name":"wp","href":"https:\/\/api.w.org\/{rel}","templated":true}]}}