{"id":107198,"date":"2025-10-12T03:34:07","date_gmt":"2025-10-12T03:34:07","guid":{"rendered":"https:\/\/www.europesays.com\/pt\/107198\/"},"modified":"2025-10-12T03:34:07","modified_gmt":"2025-10-12T03:34:07","slug":"milhares-nas-ruas-de-londres-oslo-e-milao-em-apoio-ao-povo-palestiniano","status":"publish","type":"post","link":"https:\/\/www.europesays.com\/pt\/107198\/","title":{"rendered":"Milhares nas ruas de Londres, Oslo e Mil\u00e3o em apoio ao povo palestiniano"},"content":{"rendered":"<p>Em Londres, os manifestantes percorreram o Victoria Embankment, um passeio ribeirinho ao longo da margem norte do Tamisa, at\u00e9 Whitehall, zona onde se situam v\u00e1rios edif\u00edcios do Governo brit\u00e2nico.<\/p>\n<p>De acordo com a ag\u00eancia espanhola EFE, nos cartazes empunhados pelos manifestantes liam-se frases como &#8220;Do rio at\u00e9 ao mar, Palestina ser\u00e1 livre&#8221;, &#8220;N\u00e3o \u00e9 crime agir contra o genoc\u00eddio&#8221;, em refer\u00eancia \u00e0s deten\u00e7\u00f5es ocorridas em 04 de outubro numa outra manifesta\u00e7\u00e3o, e &#8220;[Keir] Starmer [primeiro-ministro do Reino Unido] tem sangue nas m\u00e3os. Palestina livre&#8221;.<\/p>\n<p>O diretor da organiza\u00e7\u00e3o Campanha de Solidariedade com a Palestina, que convocou a manifesta\u00e7\u00e3o, Ben Jamal, explicou, citado pela EFE, que a convocat\u00f3ria foi mantida apesar do cessar-fogo, porque &#8220;o acordo de paz proposto n\u00e3o \u00e9 um plano para uma paz duradoura&#8221; e &#8220;n\u00e3o aborda quest\u00f5es fundamentais que est\u00e3o na origem do conflito, como o sistema de apartheid contra a popula\u00e7\u00e3o palestiniana ou o seu direito \u00e0 autodetermina\u00e7\u00e3o&#8221;.<\/p>\n<p>Esta foi a 32.\u00ba manifesta\u00e7\u00e3o nacional no Reino Unido de apoio \u00e0 Palestina desde 2023, segundo a Campanha de Solidariedade com a Palestina, e teve uma contra-manifesta\u00e7\u00e3o convocada sob o lema &#8220;Paremos o \u00f3dio&#8221;, cujos participantes se concentraram no cruzamento entre as ruas Aldwych e Strand.<\/p>\n<p>De acordo com a pol\u00edcia de Londres, um &#8220;pequeno grupo&#8221; de contra-manifestantes ignorou a convocat\u00f3ria e concentrou-se no ponto de partida da manifesta\u00e7\u00e3o da Campanha de Solidariedade com a Palestina, o que originou &#8220;uma alterca\u00e7\u00e3o entre pessoas dos dois grupos&#8221;.<\/p>\n<p>&#8220;Os agentes intervieram rapidamente para separar os envolvidos e efetuaram v\u00e1rias deten\u00e7\u00f5es&#8221;, anunciou a pol\u00edcia.<\/p>\n<p>O Governo brit\u00e2nico anunciou na semana passada o aumento das compet\u00eancias da pol\u00edcia para controlar as manifesta\u00e7\u00f5es, tendo o primeiro-ministro anunciado na quarta-feira que est\u00e1 a ser revista a regulamenta\u00e7\u00e3o sobre manifesta\u00e7\u00f5es e protestos, c\u00e2nticos inclu\u00eddos.<\/p>\n<p>Em Oslo, cerca de mil pessoas, segundo a pol\u00edcia, participaram numa manifesta\u00e7\u00e3o que come\u00e7ou no centro da cidade, dirigindo-se depois para o est\u00e1dio Ullevall, onde decorria um jogo entre as sele\u00e7\u00f5es de futebol da Noruega e de Israel, de qualifica\u00e7\u00e3o para o Mundial de Futebol 2026 e que os noruegueses venceram por 5-0.<\/p>\n<p>Dentro do est\u00e1dio, quando se ouviu o hino israelita, adeptos noruegueses desfraldaram uma bandeira palestiniana e vaiaram a sele\u00e7\u00e3o israelita. Durante o jogo, um adepto entrou em campo envergando uma camisola onde se lia &#8220;Gaza Livre&#8221;, tendo sido detido pelos seguran\u00e7as, o que obrigou a uma interrup\u00e7\u00e3o da partida.<\/p>\n<p>Nas bancadas havia tamb\u00e9m adeptos israelitas, que agitavam bandeiras de Israel e empunhavam uma faixa na qual se lia &#8220;Deixem a bola falar&#8221;.<\/p>\n<p>Fora do est\u00e1dio, a pol\u00edcia dispersou um grupo de manifestantes, tendo detido alguns, constataram jornalistas da ag\u00eancia France-Presse (AFP).<\/p>\n<p>&#8220;Hoje mostramos o cart\u00e3o vermelho a Israel, ao apartheid e ao genoc\u00eddio&#8221;, disse \u00e0 AFP a presidente do Comit\u00e9 Noruegu\u00eas para a Palestina, uma das organiza\u00e7\u00f5es que convocou a manifesta\u00e7\u00e3o, Line Khateeb.<\/p>\n<p>Nos cartazes empunhados pelos manifestantes liam-se frases como &#8220;Excluam Israel do futebol internacional&#8221;, &#8220;Cart\u00e3o vermelho para Israel&#8221; e &#8220;\u00c9 um genoc\u00eddio, n\u00e3o uma guerra&#8221;.<\/p>\n<p>Alguns dias ap\u00f3s a invas\u00e3o da Ucr\u00e2nia pela R\u00fassia, em fevereiro de 2022, a UEFA e a FIFA decidiram em conjunto excluir a sele\u00e7\u00e3o e os clubes russos das competi\u00e7\u00f5es internacionais, uma san\u00e7\u00e3o que continua em vigor.<\/p>\n<p>A receita da bilheteira do jogo Noruega-Israel vai ser doada \u00e0 organiza\u00e7\u00e3o n\u00e3o-governamental M\u00e9dicos Sem Fronteiras, anunciou a Federa\u00e7\u00e3o Norueguesa de Futebol.<\/p>\n<p>Em It\u00e1lia tamb\u00e9m se realizaram hoje manifesta\u00e7\u00f5es de apoio ao povo palestiniano, em cidades como Mil\u00e3o, Bolonha e Turim, convocadas sob lemas como &#8220;Mil\u00e3o sabe de que lado est\u00e1. Palestina livre do rio at\u00e9 ao mar&#8221;, e nas quais estiveram representadas v\u00e1rias organiza\u00e7\u00f5es estudantis e sindicais.<\/p>\n<p>&#8220;Quando os jornalistas me perguntam se condeno o 07 de outubro [de 2023], respondo perguntando se condenam todos os anos de ocupa\u00e7\u00e3o&#8221;, argumentou um dos oradores da manifesta\u00e7\u00e3o em Mil\u00e3o. &#8220;Queremos paz, mas somos pessimistas&#8221; com os &#8220;nazi-sionistas&#8221; armados pelo Ocidente, acrescentou.<\/p>\n<p>Em Bolonha recordaram-se as flotilhas, miss\u00f5es humanit\u00e1rias intercetadas por Israel em \u00e1guas internacionais &#8211; nas quais seguiam quatro portugueses, entre os quais a deputada e l\u00edder do Bloco de Esquerda Mariana Mort\u00e1gua.<\/p>\n<p>Em Turim foi valorizado o atual acordo de cessar-fogo.<\/p>\n<p>&#8220;Sabemos das contradi\u00e7\u00f5es que existem nesta paz, mas ainda assim \u00e9 uma grande vit\u00f3ria para a resist\u00eancia palestiniana. Piemonte [regi\u00e3o italiana que tem Turim como capital] sabe de que lado est\u00e1. Palestina livre&#8221;, destacou uma declara\u00e7\u00e3o divulgada na manifesta\u00e7\u00e3o.<\/p>\n<p>Israel e o grupo islamista Hamas anunciaram na madrugada de quinta-feira um acordo de cessar-fogo na Faixa de Gaza, primeira fase de um plano de paz proposto pelo Presidente norte-americano, Donald Trump, ap\u00f3s negocia\u00e7\u00f5es indiretas mediadas pelo Egito, Qatar, Estados Unidos e Turquia.<\/p>\n<p>Esta fase da tr\u00e9gua envolve a retirada parcial do Ex\u00e9rcito israelita para a denominada &#8220;linha amarela&#8221; demarcada pelos Estados Unidos, linha divis\u00f3ria entre Israel e Gaza, a liberta\u00e7\u00e3o de 20 ref\u00e9ns em posse do Hamas e de 1.950 presos palestinianos.<\/p>\n<p>O cessar-fogo visa p\u00f4r fim \u00e0 fase atual do conflito israelo-palestiniano, desencadeada pelos ataques a Israel, liderados pelo grupo islamista Hamas em 07 de outubro de 2023, que causaram cerca de 1.200 mortos e 251 ref\u00e9ns.<\/p>\n<p>A retalia\u00e7\u00e3o de Israel provocou mais de 67 mil mortos e cerca de 170.000 feridos, a maioria civis, de acordo com dados do Minist\u00e9rio da Sa\u00fade de Gaza (tutelado pelo Hamas), que a ONU considera cred\u00edveis.<\/p>\n<p>A ofensiva israelita tamb\u00e9m destruiu quase todas as infraestruturas de Gaza e provocou a desloca\u00e7\u00e3o for\u00e7ada de centenas de milhares de pessoas.<\/p>\n<p>Israel tamb\u00e9m imp\u00f4s um bloqueio \u00e0 entrega de ajuda humanit\u00e1ria no enclave, onde mais de 400 pessoas j\u00e1 morreram de desnutri\u00e7\u00e3o e fome, a das quais maioria crian\u00e7as.<\/p>\n<p>Leia Tamb\u00e9m: <a href=\"https:\/\/www.noticiasaominuto.com\/mundo\/2868960\/macron-segunda-feira-no-egito-para-apoiar-cessar-fogo-entre-israel-e-hamas\" target=\"_blank\" rel=\"noreferrer noopener nofollow\">Macron segunda-feira no Egito para apoiar cessar-fogo entre Israel e Hamas<\/a><\/p>\n","protected":false},"excerpt":{"rendered":"Em Londres, os manifestantes percorreram o Victoria Embankment, um passeio ribeirinho ao longo da margem norte do Tamisa,&hellip;\n","protected":false},"author":2,"featured_media":107199,"comment_status":"","ping_status":"","sticky":false,"template":"","format":"standard","meta":{"footnotes":""},"categories":[50],"tags":[27,28,15,16,14,25,26,21,22,62,12,13,19,20,23,24,17,18,29,30,31,63,64,65],"class_list":{"0":"post-107198","1":"post","2":"type-post","3":"status-publish","4":"format-standard","5":"has-post-thumbnail","7":"category-mundo","8":"tag-breaking-news","9":"tag-breakingnews","10":"tag-featured-news","11":"tag-featurednews","12":"tag-headlines","13":"tag-latest-news","14":"tag-latestnews","15":"tag-main-news","16":"tag-mainnews","17":"tag-mundo","18":"tag-news","19":"tag-noticias","20":"tag-noticias-principais","21":"tag-noticiasprincipais","22":"tag-principais-noticias","23":"tag-principaisnoticias","24":"tag-top-stories","25":"tag-topstories","26":"tag-ultimas","27":"tag-ultimas-noticias","28":"tag-ultimasnoticias","29":"tag-world","30":"tag-world-news","31":"tag-worldnews"},"share_on_mastodon":{"url":"","error":""},"_links":{"self":[{"href":"https:\/\/www.europesays.com\/pt\/wp-json\/wp\/v2\/posts\/107198","targetHints":{"allow":["GET"]}}],"collection":[{"href":"https:\/\/www.europesays.com\/pt\/wp-json\/wp\/v2\/posts"}],"about":[{"href":"https:\/\/www.europesays.com\/pt\/wp-json\/wp\/v2\/types\/post"}],"author":[{"embeddable":true,"href":"https:\/\/www.europesays.com\/pt\/wp-json\/wp\/v2\/users\/2"}],"replies":[{"embeddable":true,"href":"https:\/\/www.europesays.com\/pt\/wp-json\/wp\/v2\/comments?post=107198"}],"version-history":[{"count":0,"href":"https:\/\/www.europesays.com\/pt\/wp-json\/wp\/v2\/posts\/107198\/revisions"}],"wp:featuredmedia":[{"embeddable":true,"href":"https:\/\/www.europesays.com\/pt\/wp-json\/wp\/v2\/media\/107199"}],"wp:attachment":[{"href":"https:\/\/www.europesays.com\/pt\/wp-json\/wp\/v2\/media?parent=107198"}],"wp:term":[{"taxonomy":"category","embeddable":true,"href":"https:\/\/www.europesays.com\/pt\/wp-json\/wp\/v2\/categories?post=107198"},{"taxonomy":"post_tag","embeddable":true,"href":"https:\/\/www.europesays.com\/pt\/wp-json\/wp\/v2\/tags?post=107198"}],"curies":[{"name":"wp","href":"https:\/\/api.w.org\/{rel}","templated":true}]}}