{"id":10720,"date":"2025-07-31T20:59:08","date_gmt":"2025-07-31T20:59:08","guid":{"rendered":"https:\/\/www.europesays.com\/pt\/10720\/"},"modified":"2025-07-31T20:59:08","modified_gmt":"2025-07-31T20:59:08","slug":"homem-que-entrou-no-hospital-de-sao-jose-com-cabeca-humana-confessa-crime-vitima-foi-morta-e-decapitada-na-rua","status":"publish","type":"post","link":"https:\/\/www.europesays.com\/pt\/10720\/","title":{"rendered":"Homem que entrou no Hospital de S\u00e3o Jos\u00e9 com cabe\u00e7a humana confessa crime. V\u00edtima foi morta e decapitada na rua"},"content":{"rendered":"<p>\t                Corpo da v\u00edtima foi encontrado decapitado na quarta-feira numa rua de Lisboa. Suspeito entregou-se esta quinta \u00e0s autoridades<\/p>\n<p style=\"margin-bottom:11px\">Um homem foi detido esta quinta-feira pela Pol\u00edcia Judici\u00e1ria depois de entregar no Hospital de S\u00e3o Jos\u00e9, em Lisboa, a cabe\u00e7a pertencente ao corpo decapitado encontrado esta semana em Lisboa.<\/p>\n<p style=\"margin-bottom:11px\">A cabe\u00e7a, segundo apurou a CNN Portugal, estava dentro de uma mochila do homem.<\/p>\n<p style=\"margin-bottom:11px\">O suspeito e a v\u00edtima s\u00e3o de nacionalidades estrangeiras. O alegado homicida \u00e9 um estudante de engenharia de 29 anos, que foi de imediato detido pela PJ.<\/p>\n<p style=\"margin-bottom:11px\">A CNN Portugal sabe que o suspeito j\u00e1 confessou o homic\u00eddio e a mutila\u00e7\u00e3o do corpo da v\u00edtima, que disse ter cometido com uma faca de cozinha que tem na casa onde vive.<\/p>\n<p style=\"margin-bottom:11px\">Segundo foi poss\u00edvel apurar, o suspeito ter\u00e1 conhecido a v\u00edtima na noite do crime, que ter\u00e1 ocorrido umas horas depois, na sequ\u00eancia de um desentendimento, e o homic\u00eddio e a mutila\u00e7\u00e3o do corpo, com o corte integral da cabe\u00e7a, ocorreu em plena rua, durante a madrugada, sem testemunhas.<\/p>\n<p style=\"margin-bottom:11px\">O alegado homicida descreveu todos os momentos do crime \u00e0s autoridades, bem como o que fez nas horas seguintes, que culminaram esta quinta-feira com a entrega da cabe\u00e7a da v\u00edtima no hospital.<\/p>\n<p style=\"margin-bottom:11px\">Os motivos do desentendimento n\u00e3o s\u00e3o ainda claros, sabe a CNN Portugal.<\/p>\n<p style=\"margin-bottom:11px\">O suspeito vai ser presente a juiz esta sexta-feira, para aplica\u00e7\u00e3o das medidas de coa\u00e7\u00e3o.<\/p>\n<p>O corpo da v\u00edtima foi\u00a0<a href=\"https:\/\/cnnportugal.iol.pt\/decapitado\/lisboa\/corpo-decapitado-encontrado-em-lisboa\/20250730\/6889dd9dd34ef72ee448e3e7\" target=\"_blank\" rel=\"nofollow noopener\">encontrado decapitado<\/a>\u00a0quarta-feira de manh\u00e3 no largo de S\u00e3o Domingos, em Lisboa. O\u00a0alerta foi dado \u00e0 PSP \u00e0s 6:45.\u00a0<\/p>\n","protected":false},"excerpt":{"rendered":"Corpo da v\u00edtima foi encontrado decapitado na quarta-feira numa rua de Lisboa. Suspeito entregou-se esta quinta \u00e0s autoridades&hellip;\n","protected":false},"author":2,"featured_media":10721,"comment_status":"","ping_status":"","sticky":false,"template":"","format":"standard","meta":{"footnotes":""},"categories":[8],"tags":[609,836,611,27,28,2200,607,608,333,832,604,4630,4631,135,610,476,15,16,301,830,14,4634,603,25,26,570,21,22,831,833,4633,62,834,12,13,19,20,835,602,4632,52,32,23,24,33,17,18,29,30,31],"class_list":{"0":"post-10720","1":"post","2":"type-post","3":"status-publish","4":"format-standard","5":"has-post-thumbnail","7":"category-principais-noticias","8":"tag-alerta","9":"tag-analise","10":"tag-ao-minuto","11":"tag-breaking-news","12":"tag-breakingnews","13":"tag-cabeca","14":"tag-cnn","15":"tag-cnn-portugal","16":"tag-comentadores","17":"tag-costa","18":"tag-crime","19":"tag-decapitado","20":"tag-decapitado-lisboa","21":"tag-desporto","22":"tag-direto","23":"tag-economia","24":"tag-featured-news","25":"tag-featurednews","26":"tag-governo","27":"tag-guerra","28":"tag-headlines","29":"tag-homem-decapitado-lisboa","30":"tag-justica","31":"tag-latest-news","32":"tag-latestnews","33":"tag-live","34":"tag-main-news","35":"tag-mainnews","36":"tag-mais-vistas","37":"tag-marcelo","38":"tag-morto-lisboa","39":"tag-mundo","40":"tag-negocios","41":"tag-news","42":"tag-noticias","43":"tag-noticias-principais","44":"tag-noticiasprincipais","45":"tag-opiniao","46":"tag-pais","47":"tag-patio-salema","48":"tag-politica","49":"tag-portugal","50":"tag-principais-noticias","51":"tag-principaisnoticias","52":"tag-pt","53":"tag-top-stories","54":"tag-topstories","55":"tag-ultimas","56":"tag-ultimas-noticias","57":"tag-ultimasnoticias"},"share_on_mastodon":{"url":"","error":""},"_links":{"self":[{"href":"https:\/\/www.europesays.com\/pt\/wp-json\/wp\/v2\/posts\/10720","targetHints":{"allow":["GET"]}}],"collection":[{"href":"https:\/\/www.europesays.com\/pt\/wp-json\/wp\/v2\/posts"}],"about":[{"href":"https:\/\/www.europesays.com\/pt\/wp-json\/wp\/v2\/types\/post"}],"author":[{"embeddable":true,"href":"https:\/\/www.europesays.com\/pt\/wp-json\/wp\/v2\/users\/2"}],"replies":[{"embeddable":true,"href":"https:\/\/www.europesays.com\/pt\/wp-json\/wp\/v2\/comments?post=10720"}],"version-history":[{"count":0,"href":"https:\/\/www.europesays.com\/pt\/wp-json\/wp\/v2\/posts\/10720\/revisions"}],"wp:featuredmedia":[{"embeddable":true,"href":"https:\/\/www.europesays.com\/pt\/wp-json\/wp\/v2\/media\/10721"}],"wp:attachment":[{"href":"https:\/\/www.europesays.com\/pt\/wp-json\/wp\/v2\/media?parent=10720"}],"wp:term":[{"taxonomy":"category","embeddable":true,"href":"https:\/\/www.europesays.com\/pt\/wp-json\/wp\/v2\/categories?post=10720"},{"taxonomy":"post_tag","embeddable":true,"href":"https:\/\/www.europesays.com\/pt\/wp-json\/wp\/v2\/tags?post=10720"}],"curies":[{"name":"wp","href":"https:\/\/api.w.org\/{rel}","templated":true}]}}