{"id":107220,"date":"2025-10-12T04:11:13","date_gmt":"2025-10-12T04:11:13","guid":{"rendered":"https:\/\/www.europesays.com\/pt\/107220\/"},"modified":"2025-10-12T04:11:13","modified_gmt":"2025-10-12T04:11:13","slug":"sub-20-joao-rego-marca-no-triunfo-de-portugal-frente-a-alemanha","status":"publish","type":"post","link":"https:\/\/www.europesays.com\/pt\/107220\/","title":{"rendered":"Sub-20: Jo\u00e3o Rego marca no triunfo de Portugal frente \u00e0 Alemanha"},"content":{"rendered":"<p>\u00a0A sele\u00e7\u00e3o de Portugal de sub-20\u00a0venceu esta sexta-feira a Alemanha e \u00e9 l\u00edder da UEFA Elite League, registando tr\u00eas vit\u00f3rias em tr\u00eas jogos.<\/p>\n<p>No est\u00e1dio do Fontelo, em Viseu, Jo\u00e3o Rego, avan\u00e7ado do Benfica, abriu o marcador logo aos oito minutos. Max Moerstedt empatou para os germ\u00e2nicos (21m) e Keyan Varela, m\u00e9dio do Servette, fez o golo da vit\u00f3ria (85m).<\/p>\n<p>Com este triunfo (2-1), a equipa de Oceano Cruz passa a liderar isolada a Elite League, com nove pontos. Esta segunda-feira os lusos voltam a enfrentar a Alemanha, tamb\u00e9m em Fontelo, Viseu.<\/p>\n<p>\u00a0<\/p>\n","protected":false},"excerpt":{"rendered":"\u00a0A sele\u00e7\u00e3o de Portugal de sub-20\u00a0venceu esta sexta-feira a Alemanha e \u00e9 l\u00edder da UEFA Elite League, registando&hellip;\n","protected":false},"author":2,"featured_media":107221,"comment_status":"","ping_status":"","sticky":false,"template":"","format":"standard","meta":{"footnotes":""},"categories":[87],"tags":[1305,51,135,25662,5772,46,32,33,47,134,24243],"class_list":{"0":"post-107220","1":"post","2":"type-post","3":"status-publish","4":"format-standard","5":"has-post-thumbnail","7":"category-desporto","8":"tag-alemanha","9":"tag-benfica","10":"tag-desporto","11":"tag-elite-league","12":"tag-joao-rego","13":"tag-maisfutebol","14":"tag-portugal","15":"tag-pt","16":"tag-pura-paixao","17":"tag-sports","18":"tag-sub-20"},"share_on_mastodon":{"url":"","error":""},"_links":{"self":[{"href":"https:\/\/www.europesays.com\/pt\/wp-json\/wp\/v2\/posts\/107220","targetHints":{"allow":["GET"]}}],"collection":[{"href":"https:\/\/www.europesays.com\/pt\/wp-json\/wp\/v2\/posts"}],"about":[{"href":"https:\/\/www.europesays.com\/pt\/wp-json\/wp\/v2\/types\/post"}],"author":[{"embeddable":true,"href":"https:\/\/www.europesays.com\/pt\/wp-json\/wp\/v2\/users\/2"}],"replies":[{"embeddable":true,"href":"https:\/\/www.europesays.com\/pt\/wp-json\/wp\/v2\/comments?post=107220"}],"version-history":[{"count":0,"href":"https:\/\/www.europesays.com\/pt\/wp-json\/wp\/v2\/posts\/107220\/revisions"}],"wp:featuredmedia":[{"embeddable":true,"href":"https:\/\/www.europesays.com\/pt\/wp-json\/wp\/v2\/media\/107221"}],"wp:attachment":[{"href":"https:\/\/www.europesays.com\/pt\/wp-json\/wp\/v2\/media?parent=107220"}],"wp:term":[{"taxonomy":"category","embeddable":true,"href":"https:\/\/www.europesays.com\/pt\/wp-json\/wp\/v2\/categories?post=107220"},{"taxonomy":"post_tag","embeddable":true,"href":"https:\/\/www.europesays.com\/pt\/wp-json\/wp\/v2\/tags?post=107220"}],"curies":[{"name":"wp","href":"https:\/\/api.w.org\/{rel}","templated":true}]}}