{"id":107226,"date":"2025-10-12T04:19:10","date_gmt":"2025-10-12T04:19:10","guid":{"rendered":"https:\/\/www.europesays.com\/pt\/107226\/"},"modified":"2025-10-12T04:19:10","modified_gmt":"2025-10-12T04:19:10","slug":"bruna-griphao-explica-por-que-usou-vestido-horrivel-no-casamento-de-lexa-2","status":"publish","type":"post","link":"https:\/\/www.europesays.com\/pt\/107226\/","title":{"rendered":"Bruna Griphao explica por que usou &#8216;vestido horr\u00edvel&#8217; no casamento de Lexa"},"content":{"rendered":"<p class=\"texto\">Bruna Griphao se pronunciou ap\u00f3s receber cr\u00edticas por conta do vestido que usou no casamento da cantora Lexa, no qual foi madrinha, na \u00faltima sexta-feira, 10. Em stories no Instagram, a atriz comentou sobre o que chamou de &#8220;pol\u00eamicas&#8221; ap\u00f3s &#8220;fotos que sa\u00edram na imprensa&#8221; em que seu vestido n\u00e3o estaria adequado.<\/p>\n<p class=\"texto\">&#8220;Eu sei que o vestido est\u00e1 horr\u00edvel, mas n\u00e3o era essa a proposta. N\u00e3o aconteceu s\u00f3 comigo, mas com uma outra amiga minha. Atrasou tudo e a gente pegou o vestido s\u00f3 10 minutos antes do casamento. Eu n\u00e3o tinha provado ainda e tinha 10 minutos para chegar&#8221;, relatou.<\/p>\n<p>Veja o vestido:<\/p>\n<p class=\"texto\">\n<p class=\"texto\">&#8220;Pensei em passar em casa e botar qualquer outro vestido azul daquele tom. S\u00f3 que ou eu passava em casa e n\u00e3o passava a vergonha, mas c*** a cerim\u00f4nia da minha amiga, ou eu ia daquele jeito, c*** comigo e n\u00e3o com a cerim\u00f4nia&#8221;, continuou Griphao.<\/p>\n<p class=\"texto\">&#8220;Fui tr\u00eas vezes experimentar esse vestido. Eu confiei que ele ia ficar minimamente igual \u00e0 proposta. Para voc\u00eas terem no\u00e7\u00e3o, meu vestido estava todo descosturado atr\u00e1s. Algu\u00e9m teve que dar ponto na festa. Quase peguei outro vestido para curtir. Passei vergonha.&#8221;<\/p>\n<p class=\"texto\">Segundo a atriz, uma amiga teria dito, para lhe animar: &#8220;N\u00e3o \u00e9 para voc\u00ea ficar triste com isso, porque hoje n\u00e3o \u00e9 sobre voc\u00ea&#8221;. Bruna buscou encarar a situa\u00e7\u00e3o com um olhar positivo: &#8220;A gente foi celebrar a uni\u00e3o de duas pessoas que a gente ama. Um dia a gente vai rir, velhos e cheios de rugas.&#8221;<\/p>\n<ul>\n<li><a href=\"https:\/\/wa.me\/?text=Bruna+Griphao+explica+por+que+usou+%27vestido+horr%C3%ADvel%27+no+casamento+de+Lexa%20https:\/\/www.correiobraziliense.com.br\/diversao-e-arte\/2025\/10\/7268527-bruna-griphao-explica-por-que-usou-vestido-horrivel-no-casamento-de-lexa.html\" target=\"_blank\" title=\"Whatsapp\" aria-label=\"WhatsApp\" rel=\"nofollow noopener\"><\/a><\/li>\n<li><a href=\"https:\/\/www.facebook.com\/sharer.php?u=https:\/\/www.correiobraziliense.com.br%2Fdiversao-e-arte%2F2025%2F10%2F7268527-bruna-griphao-explica-por-que-usou-vestido-horrivel-no-casamento-de-lexa.html&amp;text=Bruna+Griphao+explica+por+que+usou+%27vestido+horr%C3%ADvel%27+no+casamento+de+Lexa\" target=\"_blank\" title=\"Facebook\" aria-label=\"Facebook\" rel=\"nofollow noopener\"><\/a><\/li>\n<li><a href=\"https:\/\/twitter.com\/intent\/tweet?url=https:\/\/www.correiobraziliense.com.br%2Fdiversao-e-arte%2F2025%2F10%2F7268527-bruna-griphao-explica-por-que-usou-vestido-horrivel-no-casamento-de-lexa.html&amp;text=Bruna+Griphao+explica+por+que+usou+%27vestido+horr%C3%ADvel%27+no+casamento+de+Lexa\" target=\"_blank\" title=\"Twitter\" aria-label=\"Twitter\" rel=\"nofollow noopener\"><\/a><\/li>\n<li><a href=\"https:\/\/profile.google.com\/cp\/CgovbS8wNzZ0dms1\" title=\"Google Discover\" target=\"_blank\" aria-label=\"Google Discover\" rel=\"nofollow noopener\"><img decoding=\"async\" src=\"https:\/\/www.europesays.com\/pt\/wp-content\/uploads\/2025\/10\/google-discover-icon.png\" style=\"height: 25px; margin: 0 !important; margin-left: 3px;\" alt=\"Google Discover Icon\"\/><\/a><\/li>\n<\/ul>\n<p>              <a href=\"https:\/\/www.correiobraziliense.com.br\/autor\/agencia-estado\/page\/1\/\" style=\"height: 100%;\" rel=\"nofollow noopener\" target=\"_blank\"><img decoding=\"async\" class=\"hidden-print author-circle d-block h6 mt-0 mb-0 mr-6 text-center\" src=\"https:\/\/www.europesays.com\/pt\/wp-content\/uploads\/2025\/07\/logo_agencia_estado-29032127.png\" alt=\"\" width=\"40\" height=\"40\" loading=\"lazy\" style=\"object-fit:cover; width: 40px; height: 40px; margin-right:10px;\"\/><\/a><a href=\"https:\/\/www.correiobraziliense.com.br\/autor\/agencia-estado\/page\/1\/\" rel=\"nofollow noopener\" target=\"_blank\"><img decoding=\"async\" class=\"hidden-print author-circle d-block h6 mt-0 mb-0 mr-6 text-center\" src=\"https:\/\/www.europesays.com\/pt\/wp-content\/uploads\/2025\/07\/logo_agencia_estado-29032127.png\" alt=\"\" width=\"40\" height=\"40\" loading=\"lazy\" style=\"object-fit:cover; width: 40px; height: 40px; margin-right:10px;\"\/><\/a><\/p>\n<p>                          <script async src=\"https:\/\/platform.twitter.com\/widgets.js\" charset=\"utf-8\"><\/script><\/p>\n","protected":false},"excerpt":{"rendered":"Bruna Griphao se pronunciou ap\u00f3s receber cr\u00edticas por conta do vestido que usou no casamento da cantora Lexa,&hellip;\n","protected":false},"author":2,"featured_media":107227,"comment_status":"","ping_status":"","sticky":false,"template":"","format":"standard","meta":{"footnotes":""},"categories":[145],"tags":[1435,211,210,114,115,2234,32,33],"class_list":{"0":"post-107226","1":"post","2":"type-post","3":"status-publish","4":"format-standard","5":"has-post-thumbnail","7":"category-celebridades","8":"tag-casamento","9":"tag-celebridades","10":"tag-celebrities","11":"tag-entertainment","12":"tag-entretenimento","13":"tag-lexa","14":"tag-portugal","15":"tag-pt"},"share_on_mastodon":{"url":"","error":""},"_links":{"self":[{"href":"https:\/\/www.europesays.com\/pt\/wp-json\/wp\/v2\/posts\/107226","targetHints":{"allow":["GET"]}}],"collection":[{"href":"https:\/\/www.europesays.com\/pt\/wp-json\/wp\/v2\/posts"}],"about":[{"href":"https:\/\/www.europesays.com\/pt\/wp-json\/wp\/v2\/types\/post"}],"author":[{"embeddable":true,"href":"https:\/\/www.europesays.com\/pt\/wp-json\/wp\/v2\/users\/2"}],"replies":[{"embeddable":true,"href":"https:\/\/www.europesays.com\/pt\/wp-json\/wp\/v2\/comments?post=107226"}],"version-history":[{"count":0,"href":"https:\/\/www.europesays.com\/pt\/wp-json\/wp\/v2\/posts\/107226\/revisions"}],"wp:featuredmedia":[{"embeddable":true,"href":"https:\/\/www.europesays.com\/pt\/wp-json\/wp\/v2\/media\/107227"}],"wp:attachment":[{"href":"https:\/\/www.europesays.com\/pt\/wp-json\/wp\/v2\/media?parent=107226"}],"wp:term":[{"taxonomy":"category","embeddable":true,"href":"https:\/\/www.europesays.com\/pt\/wp-json\/wp\/v2\/categories?post=107226"},{"taxonomy":"post_tag","embeddable":true,"href":"https:\/\/www.europesays.com\/pt\/wp-json\/wp\/v2\/tags?post=107226"}],"curies":[{"name":"wp","href":"https:\/\/api.w.org\/{rel}","templated":true}]}}