{"id":107228,"date":"2025-10-12T04:22:12","date_gmt":"2025-10-12T04:22:12","guid":{"rendered":"https:\/\/www.europesays.com\/pt\/107228\/"},"modified":"2025-10-12T04:22:12","modified_gmt":"2025-10-12T04:22:12","slug":"cristina-ferreira-mostra-momento-raro-com-joao-monteiro-em-dia-cheio-de-felicidade-secret-story","status":"publish","type":"post","link":"https:\/\/www.europesays.com\/pt\/107228\/","title":{"rendered":"Cristina Ferreira mostra momento raro com Jo\u00e3o Monteiro em dia \u00abcheio de felicidade\u00bb &#8211; Secret Story"},"content":{"rendered":"<p>Cristina Ferreira e Jo\u00e3o Monteiro mant\u00eam uma rela\u00e7\u00e3o s\u00f3lida e discreta, mas muito apaixonada e os registos falam por si. A diretora de entretenimento e fic\u00e7\u00e3o da TVI mostrou fotografias de uma sexta-feira \u00abcheia de felicidade\u00bb, uma delas ao lado do namorado.\u00a0<\/p>\n<p>\u00abUma sexta cheia de felicidade. E coisas novas. Em breve \ud83d\ude09 E a vossa, como foi?\u00bb, escreveu Cristina Ferreira numa publica\u00e7\u00e3o no Instagram, com v\u00e1rias imagens do seu dia.\u00a0<\/p>\n<blockquote class=\"instagram-media\" data-instgrm-captioned=\"\" data-instgrm-permalink=\"https:\/\/www.instagram.com\/p\/DPpBIOVDKAI\/?utm_source=ig_embed&amp;utm_campaign=loading\" data-instgrm-version=\"14\" style=\" background:#FFF; border:0; border-radius:3px; box-shadow:0 0 1px 0 rgba(0,0,0,0.5),0 1px 10px 0 rgba(0,0,0,0.15); margin: 1px; max-width:540px; min-width:326px; padding:0; width:99.375%; width:-webkit-calc(100% - 2px); width:calc(100% - 2px);\">\n<\/blockquote>\n<p>\u00a0<\/p>\n<p>Nas stories daquela rede social, a apresentadora partilhou ainda uma imagem com Jo\u00e3o Monteiro, mostrando a cumplicidade que os une.<\/p>\n<p>Percorra a galeria de fotografias que prepar\u00e1mos para si com as imagens partilhadas por Cristina Ferreira, inclusive a que surge com Jo\u00e3o Monteiro.\u00a0<\/p>\n<p>                        <script async src=\"\/\/www.instagram.com\/embed.js\"><\/script><\/p>\n","protected":false},"excerpt":{"rendered":"Cristina Ferreira e Jo\u00e3o Monteiro mant\u00eam uma rela\u00e7\u00e3o s\u00f3lida e discreta, mas muito apaixonada e os registos falam&hellip;\n","protected":false},"author":2,"featured_media":107229,"comment_status":"","ping_status":"","sticky":false,"template":"","format":"standard","meta":{"footnotes":""},"categories":[142],"tags":[18706,166,114,115,18705,6470,32,33,151,18704],"class_list":{"0":"post-107228","1":"post","2":"type-post","3":"status-publish","4":"format-standard","5":"has-post-thumbnail","7":"category-tv","8":"tag-bastidores-secret-story","9":"tag-cristina-ferreira","10":"tag-entertainment","11":"tag-entretenimento","12":"tag-entrevistas-concorrentes-tvi","13":"tag-joao-monteiro","14":"tag-portugal","15":"tag-pt","16":"tag-tv","17":"tag-vida-fora-da-casa"},"share_on_mastodon":{"url":"","error":""},"_links":{"self":[{"href":"https:\/\/www.europesays.com\/pt\/wp-json\/wp\/v2\/posts\/107228","targetHints":{"allow":["GET"]}}],"collection":[{"href":"https:\/\/www.europesays.com\/pt\/wp-json\/wp\/v2\/posts"}],"about":[{"href":"https:\/\/www.europesays.com\/pt\/wp-json\/wp\/v2\/types\/post"}],"author":[{"embeddable":true,"href":"https:\/\/www.europesays.com\/pt\/wp-json\/wp\/v2\/users\/2"}],"replies":[{"embeddable":true,"href":"https:\/\/www.europesays.com\/pt\/wp-json\/wp\/v2\/comments?post=107228"}],"version-history":[{"count":0,"href":"https:\/\/www.europesays.com\/pt\/wp-json\/wp\/v2\/posts\/107228\/revisions"}],"wp:featuredmedia":[{"embeddable":true,"href":"https:\/\/www.europesays.com\/pt\/wp-json\/wp\/v2\/media\/107229"}],"wp:attachment":[{"href":"https:\/\/www.europesays.com\/pt\/wp-json\/wp\/v2\/media?parent=107228"}],"wp:term":[{"taxonomy":"category","embeddable":true,"href":"https:\/\/www.europesays.com\/pt\/wp-json\/wp\/v2\/categories?post=107228"},{"taxonomy":"post_tag","embeddable":true,"href":"https:\/\/www.europesays.com\/pt\/wp-json\/wp\/v2\/tags?post=107228"}],"curies":[{"name":"wp","href":"https:\/\/api.w.org\/{rel}","templated":true}]}}