{"id":107234,"date":"2025-10-12T04:28:15","date_gmt":"2025-10-12T04:28:15","guid":{"rendered":"https:\/\/www.europesays.com\/pt\/107234\/"},"modified":"2025-10-12T04:28:15","modified_gmt":"2025-10-12T04:28:15","slug":"fungos-podem-ter-sido-a-chave-para-o-sucesso-da-vida-terrestre-diz-estudo","status":"publish","type":"post","link":"https:\/\/www.europesays.com\/pt\/107234\/","title":{"rendered":"Fungos podem ter sido a chave para o sucesso da vida terrestre, diz estudo"},"content":{"rendered":"<p>Em contraste com as representa\u00e7\u00f5es apocal\u00edpticas que permeiam as s\u00e9ries como \u2018<a href=\"https:\/\/aventurasnahistoria.com.br\/noticias\/historia-hoje\/fossil-revela-que-fungos-de-last-us-ja-infectavam-insetos-na-era-dos-dinossauros.phtml\" rel=\"nofollow noopener\" target=\"_blank\">The Last of Us<\/a>\u2018, em que fungos do g\u00eanero Cordyceps se tornam parasitas devastadores para a humanidade, um estudo recente liderado por cientistas do Instituto de Ci\u00eancia e Tecnologia de Okinawa (OIST), no Jap\u00e3o, sugere uma narrativa completamente diferente.<\/p>\n<p>De acordo com a pesquisa, publicada na respeitada revista <a href=\"https:\/\/www.nature.com\/articles\/s41559-025-02851-z\" rel=\"nofollow noopener\" target=\"_blank\">Nature Ecology &amp; Evolution<\/a>, os fungos poderiam ter desempenhado um papel crucial como engenheiros ecol\u00f3gicos, facilitando a transi\u00e7\u00e3o da vida aqu\u00e1tica para ambientes terrestres e contribuindo para o surgimento dos primeiros ecossistemas na terra.<\/p>\n<p>Os pesquisadores desenvolveram uma nova \u00e1rvore filogen\u00e9tica dos fungos que \u00e9 mais abrangente e precisa do que as vers\u00f5es anteriores. Essa reconstru\u00e7\u00e3o teve como objetivo superar os desafios impostos pela escassez de f\u00f3sseis e pela complexidade evolutiva desses organismos. O estudo sugere que os fungos modernos s\u00e3o significativamente mais antigos do que se acreditava anteriormente, com idades estimadas entre 1,4 e 0,9 bilh\u00f5es de anos antes do presente.<\/p>\n<p>Al\u00e9m disso, a nova cronologia fornece ind\u00edcios sobre intera\u00e7\u00f5es antigas entre fungos e algas ancestrais de embri\u00f3fitos, estabelecendo um marco temporal entre 1,25 e 0,8 bilh\u00f5es de anos para a vida complexa em ambientes terrestres. Esse achado refor\u00e7a a hip\u00f3tese de que a coloniza\u00e7\u00e3o da terra firme pelas plantas foi poss\u00edvel gra\u00e7as \u00e0 simbiose com <a href=\"https:\/\/aventurasnahistoria.com.br\/noticias\/historia-hoje\/estudo-diz-que-rede-subterranea-de-fungos-da-terra-precisa-de-protecao.phtml\" rel=\"nofollow noopener\" target=\"_blank\">fungos<\/a> que surgiram muito antes dessas plantas.<\/p>\n<p><strong>Gergely J. Sz\u00f6ll\u0151si<\/strong>, pesquisador principal do OIST, destaca que a multicelularidade complexa surgiu de forma independente em cinco linhagens distintas: animais, plantas terrestres, fungos, algas vermelhas e marrons. Conforme afirma <strong>Sz\u00f6ll\u0151si<\/strong> em comunicado, \u201centender quando esses grupos surgiram \u00e9 fundamental para reconstruir a hist\u00f3ria da vida na Terra\u201d. A evolu\u00e7\u00e3o dessas c\u00e9lulas n\u00e3o representou apenas uma aglomera\u00e7\u00e3o aleat\u00f3ria, mas uma reconfigura\u00e7\u00e3o profunda na organiza\u00e7\u00e3o biol\u00f3gica, permitindo que c\u00e9lulas individualmente aut\u00f4nomas se unissem em organismos mais complexos.<\/p>\n<p>A especializa\u00e7\u00e3o celular resultou em grandes ganhos coletivos em termos de prote\u00e7\u00e3o e sucesso reprodutivo. Por exemplo, c\u00e9lulas do cora\u00e7\u00e3o agora podem se concentrar em fun\u00e7\u00f5es espec\u00edficas sem a necessidade de buscar alimento, uma tarefa que \u00e9 realizada por outras c\u00e9lulas. Essa estrat\u00e9gia evolutiva se mostra eficaz ao permitir a transmiss\u00e3o eficiente de genes entre gera\u00e7\u00f5es futuras.<\/p>\n<p>Adicionalmente, a pesquisa aponta que a organiza\u00e7\u00e3o celular evoluiu para formar tecidos e \u00f3rg\u00e3os distintos, como observamos nos seres humanos. Para facilitar essa nova estrutura\u00e7\u00e3o social das c\u00e9lulas, mecanismos avan\u00e7ados para ades\u00e3o e comunica\u00e7\u00e3o foram desenvolvidos nos cinco grupos primordiais mencionados anteriormente, repercute a CNN Brasil.<\/p>\n<p> <img loading=\"lazy\" decoding=\"async\" class=\"size-full wp-image-206669 img-fluid lazy\" alt=\"\" width=\"1280\" height=\"720\" src=\"https:\/\/www.europesays.com\/pt\/wp-content\/uploads\/2025\/10\/GettyImages-2180209871-2-1.jpg\"  \/>Fotografia de cogumelos, tipos de fungos \/ Cr\u00e9dito: Getty Images  <\/p>\n<p>No contexto da paleontologia, geralmente os cientistas utilizam f\u00f3sseis para datar o <a href=\"https:\/\/aventurasnahistoria.com.br\/noticias\/historia-hoje\/vida-na-terra-foi-planejada-por-alienigenas-diz-biologo.phtml\" rel=\"nofollow noopener\" target=\"_blank\">surgimento da vida complexa<\/a>. Algas vermelhas aparecem em registros fossilizados datados em 1,6 bilh\u00f5es de anos atr\u00e1s; os primeiros animais surgem h\u00e1 cerca de 600 milh\u00f5es de anos; e as plantas terrestres t\u00eam registros h\u00e1 aproximadamente 470 milh\u00f5es de anos. Contudo, os fungos apresentam desafios \u00fanicos devido \u00e0 sua preserva\u00e7\u00e3o prec\u00e1ria e \u00e0 falta de f\u00f3sseis adequados que possam ser utilizados como marcos temporais.<\/p>\n<p>Diante dessa dificuldade, os pesquisadores adotaram uma metodologia chamada rel\u00f3gio molecular, desenvolvida na d\u00e9cada de 1960. Esse m\u00e9todo permitiu calibrar a evolu\u00e7\u00e3o dos fungos utilizando transfer\u00eancias horizontais de genes (HGT), onde genes podem ser transferidos entre linhagens diferentes sem passar pelo processo reprodutivo tradicional. Ap\u00f3s identificar 17 eventos desse tipo, os cientistas puderam estabelecer rela\u00e7\u00f5es temporais entre as linhagens envolvidas.<\/p>\n<p>A combina\u00e7\u00e3o dessas informa\u00e7\u00f5es com dados f\u00f3sseis existentes possibilitou uma estimativa mais precisa da evolu\u00e7\u00e3o dos fungos. A descoberta de um ancestral comum dos fungos atuais situado entre 500 e 900 milh\u00f5es de anos antes das plantas terrestres reescreve a narrativa sobre a hist\u00f3ria da vida na Terra e prop\u00f5e um novo entendimento sobre o papel fundamental dos fungos na forma\u00e7\u00e3o dos ecossistemas terrestres.<\/p>\n<p>        <a href=\"https:\/\/aventurasnahistoria.com.br\/noticias\/author\/eric-moreira\" rel=\"nofollow noopener\" target=\"_blank\">&#13;<br \/>\n          <img loading=\"lazy\" decoding=\"async\" alt=\"\u00c9ric Moreira\" src=\"https:\/\/www.europesays.com\/pt\/wp-content\/uploads\/2025\/09\/WhatsApp-Image-2021-09-24-at-18.30.11-150x150.jpeg\" class=\"avatar avatar-115 photo rounded-circle\" height=\"115\" width=\"115\"\/>        <\/a><\/p>\n<p>\u00c9ric Moreira \u00e9 jornalista, formado pelo Centro Universit\u00e1rio Belas Artes de S\u00e3o Paulo. Passa a maior parte do tempo vendo filmes e s\u00e9ries, interessado em jornalismo cultural e grande amante de Arte e Hist\u00f3ria.<\/p>\n","protected":false},"excerpt":{"rendered":"Em contraste com as representa\u00e7\u00f5es apocal\u00edpticas que permeiam as s\u00e9ries como \u2018The Last of Us\u2018, em que fungos&hellip;\n","protected":false},"author":2,"featured_media":107235,"comment_status":"","ping_status":"","sticky":false,"template":"","format":"standard","meta":{"footnotes":""},"categories":[84],"tags":[109,107,108,3471,1347,11727,62,13,1348,32,33,105,103,104,106,110,1151,3192],"class_list":{"0":"post-107234","1":"post","2":"type-post","3":"status-publish","4":"format-standard","5":"has-post-thumbnail","7":"category-ciencia-e-tecnologia","8":"tag-ciencia","9":"tag-ciencia-e-tecnologia","10":"tag-cienciaetecnologia","11":"tag-curiosidades","12":"tag-estudo","13":"tag-fungos","14":"tag-mundo","15":"tag-noticias","16":"tag-pesquisa","17":"tag-portugal","18":"tag-pt","19":"tag-science","20":"tag-science-and-technology","21":"tag-scienceandtechnology","22":"tag-technology","23":"tag-tecnologia","24":"tag-terra","25":"tag-vida"},"share_on_mastodon":{"url":"","error":""},"_links":{"self":[{"href":"https:\/\/www.europesays.com\/pt\/wp-json\/wp\/v2\/posts\/107234","targetHints":{"allow":["GET"]}}],"collection":[{"href":"https:\/\/www.europesays.com\/pt\/wp-json\/wp\/v2\/posts"}],"about":[{"href":"https:\/\/www.europesays.com\/pt\/wp-json\/wp\/v2\/types\/post"}],"author":[{"embeddable":true,"href":"https:\/\/www.europesays.com\/pt\/wp-json\/wp\/v2\/users\/2"}],"replies":[{"embeddable":true,"href":"https:\/\/www.europesays.com\/pt\/wp-json\/wp\/v2\/comments?post=107234"}],"version-history":[{"count":0,"href":"https:\/\/www.europesays.com\/pt\/wp-json\/wp\/v2\/posts\/107234\/revisions"}],"wp:featuredmedia":[{"embeddable":true,"href":"https:\/\/www.europesays.com\/pt\/wp-json\/wp\/v2\/media\/107235"}],"wp:attachment":[{"href":"https:\/\/www.europesays.com\/pt\/wp-json\/wp\/v2\/media?parent=107234"}],"wp:term":[{"taxonomy":"category","embeddable":true,"href":"https:\/\/www.europesays.com\/pt\/wp-json\/wp\/v2\/categories?post=107234"},{"taxonomy":"post_tag","embeddable":true,"href":"https:\/\/www.europesays.com\/pt\/wp-json\/wp\/v2\/tags?post=107234"}],"curies":[{"name":"wp","href":"https:\/\/api.w.org\/{rel}","templated":true}]}}