{"id":107238,"date":"2025-10-12T04:36:08","date_gmt":"2025-10-12T04:36:08","guid":{"rendered":"https:\/\/www.europesays.com\/pt\/107238\/"},"modified":"2025-10-12T04:36:08","modified_gmt":"2025-10-12T04:36:08","slug":"delegada-de-sp-brinca-sobre-quem-matou-odete-roitman","status":"publish","type":"post","link":"https:\/\/www.europesays.com\/pt\/107238\/","title":{"rendered":"Delegada de SP brinca sobre &#8216;quem matou Odete Roitman&#8217;"},"content":{"rendered":"<p>Em um v\u00eddeo bem-humorado divulgado nas redes sociais, a delegada Ivalda Aleixo, chefe do Departamento de Homic\u00eddios e Prote\u00e7\u00e3o \u00e0 Pessoa (DHPP) da Pol\u00edcia Civil de S\u00e3o Paulo, se posicionou sobre o &#8216;crime do momento&#8217;. &#8220;Eu n\u00e3o sei <a title=\"Repercuss\u00e3o da morte de Odete Roitman, em Vale Tudo\" href=\"https:\/\/www.otempo.com.br\/entretenimento\/2025\/10\/10\/assassinato-de-odete-roitman-em-vale-tudo-provoca-audiencia-absurda-no-globoplay\" target=\"_blank\" rel=\"noopener nofollow\">quem matou Odete Roitman<\/a>, isso \u00e9 uma resposta \u00e0s in\u00fameras mensagens que n\u00f3s recebemos&#8221;, disse. &#8220;Mas tenho certeza que nossos colegas do Rio de Janeiro, da capital fluminense, v\u00e3o esclarecer esse homic\u00eddio&#8221;, acrescentou.<\/p>\n<blockquote class=\"instagram-media\" style=\"background: #FFF; border: 0; border-radius: 3px; box-shadow: 0 0 1px 0 rgba(0,0,0,0.5),0 1px 10px 0 rgba(0,0,0,0.15); margin: 1px; max-width: 540px; min-width: 326px; padding: 0; width: calc(100% - 2px);\" data-instgrm-captioned=\"\" data-instgrm-permalink=\"https:\/\/www.instagram.com\/reel\/DPmJlZMkanX\/?utm_source=ig_embed&amp;utm_campaign=loading\" data-instgrm-version=\"14\"><p>&#13;<br \/>\n&#13;\n<\/p><\/blockquote>\n<p>Ao todo, quase 5 mil pessoas j\u00e1 curtiram a postagem. &#8220;Voc\u00eas perguntaram tanto, que a Dr. Ivalda decidiu se pronunciar: o DHPP de S\u00e3o Paulo n\u00e3o est\u00e1 investigando o <a title=\"Depoimentos da TV sobre morte de Odete Roitman\" href=\"https:\/\/www.otempo.com.br\/entretenimento\/2025\/10\/7\/quem-e-o-assassino-de-odete-roitman-globo-divulga-depoimentos-de-suspeitos\" target=\"_blank\" rel=\"noopener nofollow\">homic\u00eddio da empres\u00e1ria Odete Roitman<\/a>&#8220;, diz a legenda. A repercuss\u00e3o da morte de Odete Roitman, vil\u00e3 interpretada pela atriz Debora Bloch no remake da novela Vale Tudo, da TV Globo, tem mobilizado o pa\u00eds, inclusive as autoridades policiais,\u00a0<\/p>\n<p>A publica\u00e7\u00e3o foi feita em conjunto entre o perfil da delegada e do pr\u00f3prio DHPP no Instagram &#8211; por l\u00e1, o v\u00eddeo com o coment\u00e1rio sobre a novela contrasta, por exemplo, com postagens sobre avan\u00e7os em investiga\u00e7\u00f5es reais.<\/p>\n<p>O DHPP, com sede no centro de S\u00e3o Paulo, \u00e9 respons\u00e1vel pela apura\u00e7\u00e3o de alguns dos homic\u00eddios de maior repercuss\u00e3o ocorridos no Estado, como a morte do ex-delegado-geral <a title=\"Pris\u00e3o suspeitos morte de Ruy Ferraz Fontes\" href=\"https:\/\/www.otempo.com.br\/brasil\/2025\/9\/20\/policia-prende-terceiro-suspeito-de-participar-da-morte-do-ex-delegado-ruy-ferraz\" target=\"_blank\" rel=\"noopener nofollow\">Ruy Ferraz Fontes<\/a>, executado a tiros de fuzil no m\u00eas passado em Praia Grande, no litoral paulista.<\/p>\n<p>Cinco suspeitos de envolvimento no crime foram presos at\u00e9 o momento &#8211; outros dois est\u00e3o foragidos. Uma outra pessoa foi morta em suposto confronto no Paran\u00e1.<\/p>\n<p>Em 1988, delegados do Deic analisaram o crime da novela<\/p>\n<p>Na primeira edi\u00e7\u00e3o da novela, em 1988, o Jornal da Tarde escalou o rep\u00f3rter Fausto Macedo e o fot\u00f3grafo Rolando de Freitas para contar como policiais civis de S\u00e3o Paulo tamb\u00e9m estavam no encal\u00e7o do assassino.<\/p>\n<p>Na \u00e9poca, o delegado Marco Ant\u00f4nio Desgualdo, que comandava uma das equipes da Divis\u00e3o de Homic\u00eddios, deu seu parecer e cravou quem seria a assassina na novela.<\/p>\n<p>            <script async src=\"\/\/www.instagram.com\/embed.js\"><\/script><\/p>\n","protected":false},"excerpt":{"rendered":"Em um v\u00eddeo bem-humorado divulgado nas redes sociais, a delegada Ivalda Aleixo, chefe do Departamento de Homic\u00eddios e&hellip;\n","protected":false},"author":2,"featured_media":107239,"comment_status":"","ping_status":"","sticky":false,"template":"","format":"standard","meta":{"footnotes":""},"categories":[142],"tags":[25663,114,115,16450,7456,25664,32,33,151,2154],"class_list":{"0":"post-107238","1":"post","2":"type-post","3":"status-publish","4":"format-standard","5":"has-post-thumbnail","7":"category-tv","8":"tag-dhpp","9":"tag-entertainment","10":"tag-entretenimento","11":"tag-investigacoes","12":"tag-odete-roitman","13":"tag-policia-de-sao-paulo","14":"tag-portugal","15":"tag-pt","16":"tag-tv","17":"tag-vale-tudo"},"share_on_mastodon":{"url":"","error":""},"_links":{"self":[{"href":"https:\/\/www.europesays.com\/pt\/wp-json\/wp\/v2\/posts\/107238","targetHints":{"allow":["GET"]}}],"collection":[{"href":"https:\/\/www.europesays.com\/pt\/wp-json\/wp\/v2\/posts"}],"about":[{"href":"https:\/\/www.europesays.com\/pt\/wp-json\/wp\/v2\/types\/post"}],"author":[{"embeddable":true,"href":"https:\/\/www.europesays.com\/pt\/wp-json\/wp\/v2\/users\/2"}],"replies":[{"embeddable":true,"href":"https:\/\/www.europesays.com\/pt\/wp-json\/wp\/v2\/comments?post=107238"}],"version-history":[{"count":0,"href":"https:\/\/www.europesays.com\/pt\/wp-json\/wp\/v2\/posts\/107238\/revisions"}],"wp:featuredmedia":[{"embeddable":true,"href":"https:\/\/www.europesays.com\/pt\/wp-json\/wp\/v2\/media\/107239"}],"wp:attachment":[{"href":"https:\/\/www.europesays.com\/pt\/wp-json\/wp\/v2\/media?parent=107238"}],"wp:term":[{"taxonomy":"category","embeddable":true,"href":"https:\/\/www.europesays.com\/pt\/wp-json\/wp\/v2\/categories?post=107238"},{"taxonomy":"post_tag","embeddable":true,"href":"https:\/\/www.europesays.com\/pt\/wp-json\/wp\/v2\/tags?post=107238"}],"curies":[{"name":"wp","href":"https:\/\/api.w.org\/{rel}","templated":true}]}}