{"id":107240,"date":"2025-10-12T04:39:13","date_gmt":"2025-10-12T04:39:13","guid":{"rendered":"https:\/\/www.europesays.com\/pt\/107240\/"},"modified":"2025-10-12T04:39:13","modified_gmt":"2025-10-12T04:39:13","slug":"houve-coisas-que-poderiam-ter-corrido-melhor","status":"publish","type":"post","link":"https:\/\/www.europesays.com\/pt\/107240\/","title":{"rendered":"\u00abHouve coisas que poderiam ter corrido melhor\u00bb"},"content":{"rendered":"<p>&#8211; Advertisement &#8211;<\/p>\n<p><strong>Rui Costa fez uma a\u00e7\u00e3o de campanha em Gr\u00e2ndola, na casa do Benfica da cidade. Atual presidente \u00e9 candidato \u00e0 presid\u00eancia das \u00e1guias. <\/strong><\/p>\n<p>Rui Costa esteve na Casa do Benfica de Gr\u00e2ndola para mais uma a\u00e7\u00e3o de campanha. O presidente do Benfica reagiu \u00e0s acusa\u00e7\u00f5es de Lu\u00eds Filipe Vieira, que o acusou de ser \u00abignorante\u00bb. <\/p>\n<p>\u00abJ\u00e1 me conhecem, n\u00e3o sou de campanhas sujas nem de respostas \u00e0 pessoa em si. Cada um tem de fazer campanha pelo que tem para dar aos benfiquistas e n\u00e3o para falar dos outros, mas j\u00e1 nada me espanta. Os s\u00f3cios do Benfica n\u00e3o merecem que pessoas do mesmo clube se tratem dessa maneira, n\u00e3o vou entrar por a\u00ed. Fico contente pelo facto de muitas propostas dos candidatos sejam \u2018o Rui Costa isto, o Rui Costa aquilo\u2019\u00bb, destacou Rui Costa, que falou sobre a reestrutura\u00e7\u00e3o do Benfica. <\/p>\n<p>\u00abFizemos uma reestrutura\u00e7\u00e3o completa do plantel e da estrat\u00e9gia desportiva. Houve coisas que poderiam ter corrido melhor. N\u00e3o vou embelezar porque sou o primeiro a admitir e a querer mais, mas tenho a consci\u00eancia de que houve muitas coisas bem feitas. Dentro dessas coisas bem feitas, hoje posso afirmar com convic\u00e7\u00e3o que estamos muito mais prontos, estrutural e desportivamente, que h\u00e1 quatro anos. Deu muito trabalho, nem sempre vis\u00edvel, porque queremos t\u00edtulos, mas o que foi feito garante-nos que estes quatro anos serviram para estarmos muito mais bem preparados do que est\u00e1vamos. Dou-vos essa garantia. E \u00e9 com esta convic\u00e7\u00e3o que acredito que os pr\u00f3ximos quatro anos ser\u00e3o muito mais vitoriosos\u00bb, salientou o presidente do Benfica. <\/p>\n<p>Continua a acompanhar <a href=\"https:\/\/bolanarede.pt\/etiqueta\/rui-costa\/\" target=\"_blank\" rel=\"noreferrer noopener nofollow\">a campanha de Rui Costa. <\/a><\/p>\n","protected":false},"excerpt":{"rendered":"&#8211; Advertisement &#8211; Rui Costa fez uma a\u00e7\u00e3o de campanha em Gr\u00e2ndola, na casa do Benfica da cidade.&hellip;\n","protected":false},"author":2,"featured_media":107241,"comment_status":"","ping_status":"","sticky":false,"template":"","format":"standard","meta":{"footnotes":""},"categories":[87],"tags":[260,51,135,5049,32,33,6058,134],"class_list":{"0":"post-107240","1":"post","2":"type-post","3":"status-publish","4":"format-standard","5":"has-post-thumbnail","7":"category-desporto","8":"tag-atualidade","9":"tag-benfica","10":"tag-desporto","11":"tag-luis-filipe-vieira","12":"tag-portugal","13":"tag-pt","14":"tag-rui-costa","15":"tag-sports"},"share_on_mastodon":{"url":"","error":""},"_links":{"self":[{"href":"https:\/\/www.europesays.com\/pt\/wp-json\/wp\/v2\/posts\/107240","targetHints":{"allow":["GET"]}}],"collection":[{"href":"https:\/\/www.europesays.com\/pt\/wp-json\/wp\/v2\/posts"}],"about":[{"href":"https:\/\/www.europesays.com\/pt\/wp-json\/wp\/v2\/types\/post"}],"author":[{"embeddable":true,"href":"https:\/\/www.europesays.com\/pt\/wp-json\/wp\/v2\/users\/2"}],"replies":[{"embeddable":true,"href":"https:\/\/www.europesays.com\/pt\/wp-json\/wp\/v2\/comments?post=107240"}],"version-history":[{"count":0,"href":"https:\/\/www.europesays.com\/pt\/wp-json\/wp\/v2\/posts\/107240\/revisions"}],"wp:featuredmedia":[{"embeddable":true,"href":"https:\/\/www.europesays.com\/pt\/wp-json\/wp\/v2\/media\/107241"}],"wp:attachment":[{"href":"https:\/\/www.europesays.com\/pt\/wp-json\/wp\/v2\/media?parent=107240"}],"wp:term":[{"taxonomy":"category","embeddable":true,"href":"https:\/\/www.europesays.com\/pt\/wp-json\/wp\/v2\/categories?post=107240"},{"taxonomy":"post_tag","embeddable":true,"href":"https:\/\/www.europesays.com\/pt\/wp-json\/wp\/v2\/tags?post=107240"}],"curies":[{"name":"wp","href":"https:\/\/api.w.org\/{rel}","templated":true}]}}