{"id":107242,"date":"2025-10-12T04:40:07","date_gmt":"2025-10-12T04:40:07","guid":{"rendered":"https:\/\/www.europesays.com\/pt\/107242\/"},"modified":"2025-10-12T04:40:07","modified_gmt":"2025-10-12T04:40:07","slug":"tendencia-desejo-e-ansiedade-gama-revista","status":"publish","type":"post","link":"https:\/\/www.europesays.com\/pt\/107242\/","title":{"rendered":"tend\u00eancia, desejo e ansiedade \u2014 Gama Revista"},"content":{"rendered":"<p>Autor best-seller e consultor fala sobre a insustentabilidade das tend\u00eancias aceleradas e de como elas afetam nossa cabe\u00e7a\n<\/p>\n<p>Voc\u00ea consegue acompanhar as tend\u00eancias que aparecem nas redes sociais? Ou fica com a sensa\u00e7\u00e3o de estar soterrado por tanta novidade? Ser\u00e1 que isso gera ansiedade? \u00c9 sobre isso que fala o escritor best-seller e consultor Andr\u00e9 Carvalhal no epis\u00f3dio do Podcast da Semana sobre hype.<\/p>\n<p>Andr\u00e9 Carvalhal \u00e9 especialista em design para sustentabilidade, faz palestras por todo o Brasil sobre consumo, internet e comportamento e \u00e9 autor de sete livros. Em 2019, foi finalista do pr\u00eamio jabuti por \u201cViva o Fim: Almanaque de um novo mundo\u201d. Nesta semana, ele lan\u00e7a \u201cA Alegria em Ficar de Fora: Como se desconectar do mundo digital e se reconectar com voc\u00ea, as pessoas e a natureza\u201d (Agir\/Coquetel).<\/p>\n<p>Na entrevista, Carvalhal fala sobre como nasce um hype no meio a tantas tend\u00eancias, sobre como \u00e9 poss\u00edvel se proteger da m\u00e1quina de fabricar desejos que est\u00e1 nas redes sociais, como \u00e9 preciso e poss\u00edvel ter um consumo mais consciente, e at\u00e9 sobre a gigante ind\u00fastria de bem estar que est\u00e1 abra\u00e7ando quase tudo hoje em dia. Carvalhal fala bastante sobre sua experi\u00eancia pessoal e mostra como todos estamos sujeitos aos fen\u00f4menos do hype, at\u00e9 quem conhece essa ind\u00fastria do por dentro.<\/p>\n<p>Roteiro e apresenta\u00e7\u00e3o: Isabelle Moreira Lima<\/p>\n<p>No link abaixo e tamb\u00e9m no<strong><a href=\"https:\/\/www.deezer.com\/br\/show\/1004152\" target=\"_blank\" rel=\"noreferrer noopener nofollow\">Deezer<\/a><\/strong>, no<strong><a href=\"https:\/\/open.spotify.com\/show\/2fkbPYIqOAf01bVscsAp0E\" target=\"_blank\" rel=\"noreferrer noopener nofollow\">Spotify<\/a><\/strong>, no<strong><a href=\"https:\/\/podcasts.apple.com\/br\/podcast\/gama-revista\/id1505246538\" target=\"_blank\" rel=\"noreferrer noopener nofollow\">Apple Podcast<\/a><\/strong>e no<strong><a href=\"https:\/\/www.youtube.com\/@gamarevista2026\" target=\"_blank\" rel=\"noreferrer noopener nofollow\">YouTube<\/a><\/strong>, voc\u00ea escuta este epis\u00f3dio.<\/p>\n","protected":false},"excerpt":{"rendered":"Autor best-seller e consultor fala sobre a insustentabilidade das tend\u00eancias aceleradas e de como elas afetam nossa cabe\u00e7a&hellip;\n","protected":false},"author":2,"featured_media":107243,"comment_status":"","ping_status":"","sticky":false,"template":"","format":"standard","meta":{"footnotes":""},"categories":[86],"tags":[13031,1403,315,116,32,33,117,58],"class_list":{"0":"post-107242","1":"post","2":"type-post","3":"status-publish","4":"format-standard","5":"has-post-thumbnail","7":"category-saude","8":"tag-gamarevista","9":"tag-comportamento","10":"tag-cultura","11":"tag-health","12":"tag-portugal","13":"tag-pt","14":"tag-saude","15":"tag-sociedade"},"share_on_mastodon":{"url":"","error":""},"_links":{"self":[{"href":"https:\/\/www.europesays.com\/pt\/wp-json\/wp\/v2\/posts\/107242","targetHints":{"allow":["GET"]}}],"collection":[{"href":"https:\/\/www.europesays.com\/pt\/wp-json\/wp\/v2\/posts"}],"about":[{"href":"https:\/\/www.europesays.com\/pt\/wp-json\/wp\/v2\/types\/post"}],"author":[{"embeddable":true,"href":"https:\/\/www.europesays.com\/pt\/wp-json\/wp\/v2\/users\/2"}],"replies":[{"embeddable":true,"href":"https:\/\/www.europesays.com\/pt\/wp-json\/wp\/v2\/comments?post=107242"}],"version-history":[{"count":0,"href":"https:\/\/www.europesays.com\/pt\/wp-json\/wp\/v2\/posts\/107242\/revisions"}],"wp:featuredmedia":[{"embeddable":true,"href":"https:\/\/www.europesays.com\/pt\/wp-json\/wp\/v2\/media\/107243"}],"wp:attachment":[{"href":"https:\/\/www.europesays.com\/pt\/wp-json\/wp\/v2\/media?parent=107242"}],"wp:term":[{"taxonomy":"category","embeddable":true,"href":"https:\/\/www.europesays.com\/pt\/wp-json\/wp\/v2\/categories?post=107242"},{"taxonomy":"post_tag","embeddable":true,"href":"https:\/\/www.europesays.com\/pt\/wp-json\/wp\/v2\/tags?post=107242"}],"curies":[{"name":"wp","href":"https:\/\/api.w.org\/{rel}","templated":true}]}}