{"id":107244,"date":"2025-10-12T04:42:10","date_gmt":"2025-10-12T04:42:10","guid":{"rendered":"https:\/\/www.europesays.com\/pt\/107244\/"},"modified":"2025-10-12T04:42:10","modified_gmt":"2025-10-12T04:42:10","slug":"sora-da-openai-atinge-1-milhao-de-downloads-mais-depressa-que-o-chatgpt","status":"publish","type":"post","link":"https:\/\/www.europesays.com\/pt\/107244\/","title":{"rendered":"Sora da OpenAI atinge 1 milh\u00e3o de downloads mais depressa que o ChatGPT"},"content":{"rendered":"<p>A nova aplica\u00e7\u00e3o da OpenAI para cria\u00e7\u00e3o de v\u00eddeos com intelig\u00eancia artificial (IA), Sora, est\u00e1 a gerar um enorme interesse. A plataforma atingiu a marca de um milh\u00e3o de transfer\u00eancias a um ritmo que superou at\u00e9 o do seu popular irm\u00e3o, o ChatGPT.<\/p>\n<p style=\"text-align: center;\"><a target=\"_blank\" href=\"https:\/\/pplware.sapo.pt\/wp-content\/uploads\/2025\/10\/sora_app_openAI.webp\" rel=\"nofollow noopener\"><img fetchpriority=\"high\" decoding=\"async\" src=\"https:\/\/www.europesays.com\/pt\/wp-content\/uploads\/2025\/10\/sora_app_openAI-1024x577.webp.webp\" alt=\"\" width=\"720\" height=\"406\" class=\"alignnone size-large wp-image-1082715\"  \/><\/a><\/p>\n<p>Sora atinge um milh\u00e3o mais r\u00e1pido que o ChatGPT<\/p>\n<p>De acordo com Bill Peebles, respons\u00e1vel pela Sora, a aplica\u00e7\u00e3o e rede social para v\u00eddeos gerados por IA <a target=\"_blank\" href=\"https:\/\/x.com\/billpeeb\/status\/1976099194407616641\" rel=\"nofollow\">ultrapassou<\/a> um milh\u00e3o de downloads em menos de cinco dias. Peebles destaca que este marco foi alcan\u00e7ado &#8220;ainda mais rapidamente do que o ChatGPT&#8221;. Isto \u00e9 particularmente not\u00e1vel considerando que a OpenAI limitou a disponibilidade da aplica\u00e7\u00e3o \u00e0 Am\u00e9rica do Norte <strong>e implementou um sistema de acesso exclusivo por convite<\/strong>.<\/p>\n<p>\u00c0 semelhan\u00e7a do TikTok, a Sora apresenta um feed vertical infinito de v\u00eddeos. A grande diferen\u00e7a reside na sua origem: em vez de serem carregados por utilizadores, <strong>os v\u00eddeos s\u00e3o inteiramente criados por IA<\/strong>.<\/p>\n<p>Para gerar um v\u00eddeo de 10 segundos, basta que o utilizador escreva um prompt\u00a0para o modelo Sora 2, integrado na aplica\u00e7\u00e3o. Adicionalmente, atrav\u00e9s da funcionalidade Cameo, \u00e9 poss\u00edvel criar v\u00eddeos com a sua pr\u00f3pria imagem <strong>ou a de qualquer pessoa que tenha consentido partilhar a sua semelhan\u00e7a com o servi\u00e7o<\/strong>.<\/p>\n<blockquote class=\"tw-align-center twitter-tweet\">\n<p lang=\"en\" dir=\"ltr\">sora hit 1M app downloads in\n<\/p>\n<p>team working hard to keep up with surging growth. more features and fixes to overmoderation on the way!<\/p>\n<p>\u2014 Bill Peebles (@billpeeb) <a target=\"_blank\" href=\"https:\/\/twitter.com\/billpeeb\/status\/1976099194407616641?ref_src=twsrc%5Etfw\" rel=\"nofollow noopener\">October 9, 2025<\/a><\/p>\n<\/blockquote>\n<p>Controv\u00e9rsia em torno dos direitos de autor e da imagem<\/p>\n<p>A aus\u00eancia de salvaguardas robustas no lan\u00e7amento da Sora j\u00e1 resultou numa onda de v\u00eddeos que incluem figuras como <a target=\"_blank\" href=\"https:\/\/petapixel.com\/2025\/10\/02\/people-are-making-ai-videos-of-sam-altman-stealing-content-on-sora-2\/\" rel=\"nofollow noopener\">Sam Altman<\/a>, CEO da OpenAI,<strong> e conte\u00fados que claramente <a target=\"_blank\" href=\"https:\/\/www.404media.co\/openais-sora-2-copyright-infringement-machine-features-nazi-spongebobs-and-criminal-pikachus\/\" rel=\"nofollow noopener\">infringem<\/a> direitos de autor<\/strong>.<\/p>\n<p>A facilidade com que a Sora cria v\u00eddeos de personagens reconhec\u00edveis, como o Pikachu, levanta s\u00e9rias quest\u00f5es sobre os dados utilizados no treino do seu modelo. Como seria de esperar, <strong>esta situa\u00e7\u00e3o provocou uma rea\u00e7\u00e3o negativa por parte da ind\u00fastria do entretenimento<\/strong>.<\/p>\n<p>Em resposta \u00e0s cr\u00edticas, a empresa atualizou a Sora para conceder aos utilizadores um maior controlo sobre os v\u00eddeos em que a sua imagem pode ser utilizada. A OpenAI planeia oferecer controlos semelhantes aos detentores de direitos, dando-lhes &#8220;a capacidade de especificar como as suas personagens podem ser usadas (incluindo a proibi\u00e7\u00e3o total do seu uso)&#8221;, segundo <a target=\"_blank\" href=\"https:\/\/blog.samaltman.com\/sora-update-number-1\" rel=\"nofollow noopener\">palavras<\/a> de Altman.<\/p>\n<p>Permanece incerto o motivo pelo qual estes mecanismos de controlo n\u00e3o estavam dispon\u00edveis desde o in\u00edcio, <strong>mas ambas as altera\u00e7\u00f5es representam um passo positivo<\/strong>.<\/p>\n<p>\u00a0<\/p>\n<p><strong>Leia tamb\u00e9m:<\/strong><\/p>\n<p>\t\t\t\t\t\t<script async src=\"https:\/\/platform.twitter.com\/widgets.js\" charset=\"utf-8\"><\/script><\/p>\n","protected":false},"excerpt":{"rendered":"A nova aplica\u00e7\u00e3o da OpenAI para cria\u00e7\u00e3o de v\u00eddeos com intelig\u00eancia artificial (IA), Sora, est\u00e1 a gerar um&hellip;\n","protected":false},"author":2,"featured_media":107245,"comment_status":"","ping_status":"","sticky":false,"template":"","format":"standard","meta":{"footnotes":""},"categories":[84],"tags":[642,109,107,108,2430,32,33,105,103,104,25323,106,110],"class_list":{"0":"post-107244","1":"post","2":"type-post","3":"status-publish","4":"format-standard","5":"has-post-thumbnail","7":"category-ciencia-e-tecnologia","8":"tag-chatgpt","9":"tag-ciencia","10":"tag-ciencia-e-tecnologia","11":"tag-cienciaetecnologia","12":"tag-openai","13":"tag-portugal","14":"tag-pt","15":"tag-science","16":"tag-science-and-technology","17":"tag-scienceandtechnology","18":"tag-sora","19":"tag-technology","20":"tag-tecnologia"},"share_on_mastodon":{"url":"","error":""},"_links":{"self":[{"href":"https:\/\/www.europesays.com\/pt\/wp-json\/wp\/v2\/posts\/107244","targetHints":{"allow":["GET"]}}],"collection":[{"href":"https:\/\/www.europesays.com\/pt\/wp-json\/wp\/v2\/posts"}],"about":[{"href":"https:\/\/www.europesays.com\/pt\/wp-json\/wp\/v2\/types\/post"}],"author":[{"embeddable":true,"href":"https:\/\/www.europesays.com\/pt\/wp-json\/wp\/v2\/users\/2"}],"replies":[{"embeddable":true,"href":"https:\/\/www.europesays.com\/pt\/wp-json\/wp\/v2\/comments?post=107244"}],"version-history":[{"count":0,"href":"https:\/\/www.europesays.com\/pt\/wp-json\/wp\/v2\/posts\/107244\/revisions"}],"wp:featuredmedia":[{"embeddable":true,"href":"https:\/\/www.europesays.com\/pt\/wp-json\/wp\/v2\/media\/107245"}],"wp:attachment":[{"href":"https:\/\/www.europesays.com\/pt\/wp-json\/wp\/v2\/media?parent=107244"}],"wp:term":[{"taxonomy":"category","embeddable":true,"href":"https:\/\/www.europesays.com\/pt\/wp-json\/wp\/v2\/categories?post=107244"},{"taxonomy":"post_tag","embeddable":true,"href":"https:\/\/www.europesays.com\/pt\/wp-json\/wp\/v2\/tags?post=107244"}],"curies":[{"name":"wp","href":"https:\/\/api.w.org\/{rel}","templated":true}]}}