{"id":107246,"date":"2025-10-12T04:47:18","date_gmt":"2025-10-12T04:47:18","guid":{"rendered":"https:\/\/www.europesays.com\/pt\/107246\/"},"modified":"2025-10-12T04:47:18","modified_gmt":"2025-10-12T04:47:18","slug":"laura-brito-fala-sobre-autenticidade-e-o-orgulho-de-ser-nordestina-na-moda","status":"publish","type":"post","link":"https:\/\/www.europesays.com\/pt\/107246\/","title":{"rendered":"Laura Brito fala sobre autenticidade e o orgulho de ser nordestina na moda"},"content":{"rendered":"<p><\/p>\n<p class=\"texto\">Na \u00faltima quarta-feira (8), foi celebrado o Dia do Nordestino. A data, que traz mais do que uma homenagem simb\u00f3lica a uma regi\u00e3o composta por nove estados, reconhece um modo de existir, criar e resistir. Quando se fala em resist\u00eancia e prop\u00f3sito, <a href=\"https:\/\/www.correiobraziliense.com.br\/colunistas\/fabiano-moraes\/2025\/01\/7048330-gilberto-gil-elogia-look-de-laura-brito-inspirado-em-eu-vim-da-bahia.html\" target=\"_blank\" rel=\"nofollow noopener\">Laura Brito<\/a> surge nesta defini\u00e7\u00e3o.<\/p>\n<p class=\"texto\">A influenciadora digital e atriz, de 30 anos, se tornou uma das vozes mais expressivas da moda brasileira atual, e reafirma o orgulho de suas ra\u00edzes e o desejo de transformar a forma como o pa\u00eds enxerga o Nordeste e seus talentos, como ela.<\/p>\n<p>&#8220;Ser resist\u00eancia me impulsiona&#8221;<\/p>\n<p class=\"texto\">Desde o in\u00edcio de sua carreira, Laura Brito compreendeu que tentar se encaixar poderia ter o mesmo impacto de tentar apagar a pr\u00f3pria hist\u00f3ria. &#8220;A minha hist\u00f3ria, o meu sotaque, a minha forma de enxergar o mundo, tudo isso faz parte da minha identidade. Ser aut\u00eantica me mant\u00e9m conectada com quem me acompanha, e a resist\u00eancia \u00e9 o que me impulsiona a seguir mesmo quando as portas n\u00e3o se abrem de imediato&#8221;, conta, em entrevista exclusiva ao Observat\u00f3rio dos Famosos.<\/p>\n<p class=\"texto\">A for\u00e7a que a pernambucana descreve \u00e9 o que respinga a verdade em seu trabalho, seja ele nas redes sociais para as parcerias com grandes marcas, ou na atua\u00e7\u00e3o, uma de suas maiores paix\u00f5es. Quando questionada, a influenciadora reconhece que vive um momento de transforma\u00e7\u00e3o constante. &#8220;Hoje vemos nordestinos ganhando destaque em diferentes \u00e1reas: na arte, no cinema, na m\u00fasica, na comunica\u00e7\u00e3o. A internet abriu caminhos que antes pareciam distantes&#8221;, diz.<\/p>\n<p class=\"texto\">Apesar disto, Laura Brito enxerga com consci\u00eancia e estrat\u00e9gia acerca da import\u00e2ncia de combater estere\u00f3tipos ainda existentes sobre a cultura nordestina. &#8220;Sempre que posso, procuro mostrar um Nordeste contempor\u00e2neo, criativo e diverso \u2014 que vai muito al\u00e9m do que muitas pessoas imaginam&#8221;, acrescenta ela, que trata seu trabalho como uma miss\u00e3o para al\u00e9m das \u00e9pocas comemorativas do Carnaval e S\u00e3o Jo\u00e3o, por exemplo: &#8220;Mostrar que o Nordeste n\u00e3o \u00e9 um \u2018recorte\u2019 do Brasil, mas uma pot\u00eancia completa, \u00e9 uma das minhas maiores motiva\u00e7\u00f5es&#8221;, afirma.<\/p>\n<p class=\"texto\">Para al\u00e9m das tend\u00eancias que se renovam constantemente, a moda \u00e9 tamb\u00e9m uma forma de afirma\u00e7\u00e3o de teor pol\u00edtico, social e afetivo, e a tentativa de ocupar esses espa\u00e7os se alinha ao que Laura tra\u00e7a como meta. &#8220;Tenho optado por criadores nordestinos sempre que vou a eventos internacionais, por exemplo. Adoro me vestir do nordeste e deixar bem evidente o quanto somos potentes&#8221;, diz.<\/p>\n<p class=\"texto\">Com autenticidade, prop\u00f3sito e orgulho de suas ra\u00edzes, o trabalho da criadora de conte\u00fado vai al\u00e9m do universo da moda e se transforma em um manifesto inclusivo. &#8220;Quero continuar ampliando essa representatividade, destacando o talento e a criatividade que temos. Meu objetivo \u00e9 fazer com que as pessoas reconhe\u00e7am o Nordeste como refer\u00eancia de inova\u00e7\u00e3o, beleza e identidade&#8221;, pontua.<\/p>\n<p class=\"texto\">O post Laura Brito fala sobre autenticidade e o orgulho de ser nordestina na moda: &#8220;Ser resist\u00eancia me impulsiona&#8221; foi publicado primeiro em Observat\u00f3rio dos Famosos.<\/p>\n<ul>\n<li><a href=\"https:\/\/wa.me\/?text=Laura+Brito+fala+sobre+autenticidade+e+o+orgulho+de+ser+nordestina+na+moda%20https:\/\/www.correiobraziliense.com.br\/diversao-e-arte\/2025\/10\/7268391-laura-brito-fala-sobre-autenticidade-e-o-orgulho-de-ser-nordestina-na-moda.html\" target=\"_blank\" title=\"Whatsapp\" aria-label=\"WhatsApp\" rel=\"nofollow noopener\"><\/a><\/li>\n<li><a href=\"https:\/\/www.facebook.com\/sharer.php?u=https:\/\/www.correiobraziliense.com.br%2Fdiversao-e-arte%2F2025%2F10%2F7268391-laura-brito-fala-sobre-autenticidade-e-o-orgulho-de-ser-nordestina-na-moda.html&amp;text=Laura+Brito+fala+sobre+autenticidade+e+o+orgulho+de+ser+nordestina+na+moda\" target=\"_blank\" title=\"Facebook\" aria-label=\"Facebook\" rel=\"nofollow noopener\"><\/a><\/li>\n<li><a href=\"https:\/\/twitter.com\/intent\/tweet?url=https:\/\/www.correiobraziliense.com.br%2Fdiversao-e-arte%2F2025%2F10%2F7268391-laura-brito-fala-sobre-autenticidade-e-o-orgulho-de-ser-nordestina-na-moda.html&amp;text=Laura+Brito+fala+sobre+autenticidade+e+o+orgulho+de+ser+nordestina+na+moda\" target=\"_blank\" title=\"Twitter\" aria-label=\"Twitter\" rel=\"nofollow noopener\"><\/a><\/li>\n<li><a href=\"https:\/\/profile.google.com\/cp\/CgovbS8wNzZ0dms1\" title=\"Google Discover\" target=\"_blank\" aria-label=\"Google Discover\" rel=\"nofollow noopener\"><img decoding=\"async\" src=\"https:\/\/www.europesays.com\/pt\/wp-content\/uploads\/2025\/10\/google-discover-icon.png\" style=\"height: 25px; margin: 0 !important; margin-left: 3px;\" alt=\"Google Discover Icon\"\/><\/a><\/li>\n<\/ul>\n<p>              <a href=\"https:\/\/www.correiobraziliense.com.br\/autor\/observatorio-dos-famosos\/page\/1\/\" style=\"height: 100%;\" rel=\"nofollow noopener\" target=\"_blank\"><img decoding=\"async\" class=\"hidden-print author-circle d-block h6 mt-0 mb-0 mr-6 text-center\" src=\"https:\/\/www.europesays.com\/pt\/wp-content\/uploads\/2025\/07\/logo_observatorio_dos_famosos-29028262.png\" alt=\"\" width=\"40\" height=\"40\" loading=\"lazy\" style=\"object-fit:cover; width: 40px; height: 40px; margin-right:10px;\"\/><\/a><a href=\"https:\/\/www.correiobraziliense.com.br\/autor\/observatorio-dos-famosos\/page\/1\/\" rel=\"nofollow noopener\" target=\"_blank\"><img decoding=\"async\" class=\"hidden-print author-circle d-block h6 mt-0 mb-0 mr-6 text-center\" src=\"https:\/\/www.europesays.com\/pt\/wp-content\/uploads\/2025\/07\/logo_observatorio_dos_famosos-29028262.png\" alt=\"\" width=\"40\" height=\"40\" loading=\"lazy\" style=\"object-fit:cover; width: 40px; height: 40px; margin-right:10px;\"\/><\/a>Observat\u00f3rio dos Famosos  <strong class=\"entryStrongAuthor\"\/><\/p>\n<p>                          <script async src=\"https:\/\/platform.twitter.com\/widgets.js\" charset=\"utf-8\"><\/script><\/p>\n","protected":false},"excerpt":{"rendered":"Na \u00faltima quarta-feira (8), foi celebrado o Dia do Nordestino. A data, que traz mais do que uma&hellip;\n","protected":false},"author":2,"featured_media":107247,"comment_status":"","ping_status":"","sticky":false,"template":"","format":"standard","meta":{"footnotes":""},"categories":[145],"tags":[211,210,25665,114,115,25666,1079,32,33],"class_list":{"0":"post-107246","1":"post","2":"type-post","3":"status-publish","4":"format-standard","5":"has-post-thumbnail","7":"category-celebridades","8":"tag-celebridades","9":"tag-celebrities","10":"tag-dia-do-nordestino","11":"tag-entertainment","12":"tag-entretenimento","13":"tag-laura-brito","14":"tag-moda","15":"tag-portugal","16":"tag-pt"},"share_on_mastodon":{"url":"","error":""},"_links":{"self":[{"href":"https:\/\/www.europesays.com\/pt\/wp-json\/wp\/v2\/posts\/107246","targetHints":{"allow":["GET"]}}],"collection":[{"href":"https:\/\/www.europesays.com\/pt\/wp-json\/wp\/v2\/posts"}],"about":[{"href":"https:\/\/www.europesays.com\/pt\/wp-json\/wp\/v2\/types\/post"}],"author":[{"embeddable":true,"href":"https:\/\/www.europesays.com\/pt\/wp-json\/wp\/v2\/users\/2"}],"replies":[{"embeddable":true,"href":"https:\/\/www.europesays.com\/pt\/wp-json\/wp\/v2\/comments?post=107246"}],"version-history":[{"count":0,"href":"https:\/\/www.europesays.com\/pt\/wp-json\/wp\/v2\/posts\/107246\/revisions"}],"wp:featuredmedia":[{"embeddable":true,"href":"https:\/\/www.europesays.com\/pt\/wp-json\/wp\/v2\/media\/107247"}],"wp:attachment":[{"href":"https:\/\/www.europesays.com\/pt\/wp-json\/wp\/v2\/media?parent=107246"}],"wp:term":[{"taxonomy":"category","embeddable":true,"href":"https:\/\/www.europesays.com\/pt\/wp-json\/wp\/v2\/categories?post=107246"},{"taxonomy":"post_tag","embeddable":true,"href":"https:\/\/www.europesays.com\/pt\/wp-json\/wp\/v2\/tags?post=107246"}],"curies":[{"name":"wp","href":"https:\/\/api.w.org\/{rel}","templated":true}]}}