{"id":107264,"date":"2025-10-12T05:21:23","date_gmt":"2025-10-12T05:21:23","guid":{"rendered":"https:\/\/www.europesays.com\/pt\/107264\/"},"modified":"2025-10-12T05:21:23","modified_gmt":"2025-10-12T05:21:23","slug":"valorizamos-os-jogadores-que-podem-ajudar-portugal","status":"publish","type":"post","link":"https:\/\/www.europesays.com\/pt\/107264\/","title":{"rendered":"\u00abValorizamos os jogadores que podem ajudar Portugal\u00bb"},"content":{"rendered":"<p>&#8211; Advertisement &#8211;<\/p>\n<p><strong>Roberto Mart\u00ednez fez a antevis\u00e3o ao Portugal x Irlanda. Jogo corresponde \u00e0 terceira jornada da qualifica\u00e7\u00e3o para o Mundial 2026.<\/strong><\/p>\n<p>Roberto Mart\u00ednez fez a antevis\u00e3o ao duelo entre Portugal e a Irlanda. O selecionador nacional falou dos casos de Francisco Trinc\u00e3o e Jo\u00e3o Palhinha. <\/p>\n<p>\u00abFrancisco Trinc\u00e3o? O Trinc\u00e3o \u00e9 um jogador especial, criativo e virtuoso. Consegue mostrar a sua capacidade t\u00e9cnica no \u00faltimo ter\u00e7o. \u00c9 muito importante contra n\u00f3s, titular na meia final da Liga das Na\u00e7\u00f5es, determinante nos quartos de final. Valorizamos os jogadores que podem ajudar Portugal. O Trinc\u00e3o \u00e9 muito importante para n\u00f3s\u00bb.<\/p>\n<p>\u00abJo\u00e3o Palhinha? N\u00e3o posso falar do onze, de quem joga e n\u00e3o joga. Temos mais um treino. Todos os jogadores s\u00e3o importantes. O Jo\u00e3o Palhinha era importante connosco mesmo nos momentos dif\u00edceis. N\u00e3o h\u00e1 outro Jo\u00e3o Palhinha na sele\u00e7\u00e3o, continua na mesma linha. Dos 20 de campo, 19 jogaram no \u00faltimo est\u00e1gio, o Renato Veiga n\u00e3o jogou porque n\u00e3o tinha minutos. O futebol moderno n\u00e3o \u00e9 sobre quando joga, \u00e9 sobre estar preparado para jogar na sele\u00e7\u00e3o\u00bb.<\/p>\n<p>Portugal defronta a Irlanda no dia 11 de outubro, s\u00e1bado, a partir das 19h45 e ser\u00e1 realizado em Alvalade. Recorda os<a href=\"https:\/\/bolanarede.pt\/especial-bola-na-rede\/atualidade\/eis-os-25-convocados-de-roberto-martinez-para-os-proximos-2-jogos-de-portugal-no-caminho-para-o-mundial-2026\/\" target=\"_blank\" rel=\"noreferrer noopener nofollow\">\u00a0convocados de Roberto Mart\u00ednez para o jogo<\/a>, uma lista que viu Jo\u00e3o Neves sair e Nuno Tavares chegar. <\/p>\n<p>L\u00ea toda a confer\u00eancia de imprensa de Roberto Mart\u00ednez. <\/p>\n","protected":false},"excerpt":{"rendered":"&#8211; Advertisement &#8211; Roberto Mart\u00ednez fez a antevis\u00e3o ao Portugal x Irlanda. Jogo corresponde \u00e0 terceira jornada da&hellip;\n","protected":false},"author":2,"featured_media":107265,"comment_status":"","ping_status":"","sticky":false,"template":"","format":"standard","meta":{"footnotes":""},"categories":[87],"tags":[260,135,478,8318,9852,5817,12632,32,33,12996,134],"class_list":{"0":"post-107264","1":"post","2":"type-post","3":"status-publish","4":"format-standard","5":"has-post-thumbnail","7":"category-desporto","8":"tag-atualidade","9":"tag-desporto","10":"tag-destaques-bnr","11":"tag-francisco-trincao","12":"tag-irlanda","13":"tag-joao-palhinha","14":"tag-mundial-2026","15":"tag-portugal","16":"tag-pt","17":"tag-roberto-martinez","18":"tag-sports"},"share_on_mastodon":{"url":"","error":""},"_links":{"self":[{"href":"https:\/\/www.europesays.com\/pt\/wp-json\/wp\/v2\/posts\/107264","targetHints":{"allow":["GET"]}}],"collection":[{"href":"https:\/\/www.europesays.com\/pt\/wp-json\/wp\/v2\/posts"}],"about":[{"href":"https:\/\/www.europesays.com\/pt\/wp-json\/wp\/v2\/types\/post"}],"author":[{"embeddable":true,"href":"https:\/\/www.europesays.com\/pt\/wp-json\/wp\/v2\/users\/2"}],"replies":[{"embeddable":true,"href":"https:\/\/www.europesays.com\/pt\/wp-json\/wp\/v2\/comments?post=107264"}],"version-history":[{"count":0,"href":"https:\/\/www.europesays.com\/pt\/wp-json\/wp\/v2\/posts\/107264\/revisions"}],"wp:featuredmedia":[{"embeddable":true,"href":"https:\/\/www.europesays.com\/pt\/wp-json\/wp\/v2\/media\/107265"}],"wp:attachment":[{"href":"https:\/\/www.europesays.com\/pt\/wp-json\/wp\/v2\/media?parent=107264"}],"wp:term":[{"taxonomy":"category","embeddable":true,"href":"https:\/\/www.europesays.com\/pt\/wp-json\/wp\/v2\/categories?post=107264"},{"taxonomy":"post_tag","embeddable":true,"href":"https:\/\/www.europesays.com\/pt\/wp-json\/wp\/v2\/tags?post=107264"}],"curies":[{"name":"wp","href":"https:\/\/api.w.org\/{rel}","templated":true}]}}