{"id":107270,"date":"2025-10-12T05:28:21","date_gmt":"2025-10-12T05:28:21","guid":{"rendered":"https:\/\/www.europesays.com\/pt\/107270\/"},"modified":"2025-10-12T05:28:21","modified_gmt":"2025-10-12T05:28:21","slug":"nem-casas-nem-predios-os-okupas-tem-novos-alvos-e-recupera-los-nao-e-tarefa-facil","status":"publish","type":"post","link":"https:\/\/www.europesays.com\/pt\/107270\/","title":{"rendered":"Nem casas, nem pr\u00e9dios: os \u2018okupas\u2019 t\u00eam novos alvos e recuper\u00e1-los n\u00e3o \u00e9 tarefa f\u00e1cil"},"content":{"rendered":"<p><strong>As ocupa\u00e7\u00f5es ilegais em Espanha est\u00e3o a ganhar um novo rosto. Depois de anos centradas em habita\u00e7\u00f5es desabitadas, os chamados \u2018okupas\u2019 est\u00e3o agora a virar-se para espa\u00e7os mais dif\u00edceis de vigiar e recuperar, como jardins privados, embarca\u00e7\u00f5es atracadas e terrenos rurais. O fen\u00f3meno, que tem vindo a crescer nos \u00faltimos meses, est\u00e1 a desafiar as autoridades e a expor falhas na lei sobre propriedade privada.<\/strong><\/p>\n<p class=\"has-medium-font-size\"><strong>Espa\u00e7os abertos tornam-se ref\u00fagio dos \u2018okupas\u2019<\/strong><\/p>\n<p>De acordo com o site especializado em lifestyle e atualidade, HuffPost, esta nova vaga de ocupa\u00e7\u00f5es nasce da perce\u00e7\u00e3o de que estes locais s\u00e3o mais f\u00e1ceis de ocupar e mais complicados de retomar judicialmente, sobretudo em zonas afastadas ou com pouca fiscaliza\u00e7\u00e3o.<\/p>\n<p>Nos \u00faltimos meses, t\u00eam-se multiplicado os casos de terrenos transformados em acampamentos improvisados e de barcos ocupados em portos espanh\u00f3is e franceses. Em alguns epis\u00f3dios, os \u2018okupas\u2019 permanecem durante dias ou semanas, deixando lixo, danos materiais e at\u00e9 focos de inc\u00eandio em \u00e1reas florestais.<\/p>\n<p>Os jardins e terrenos privados, ao contr\u00e1rio das habita\u00e7\u00f5es, n\u00e3o beneficiam da mesma prote\u00e7\u00e3o legal, o que atrasa a interven\u00e7\u00e3o policial. Em muitas regi\u00f5es, a recupera\u00e7\u00e3o do espa\u00e7o pode demorar semanas ou at\u00e9 meses, uma vez que \u00e9 necess\u00e1rio provar a posse efetiva e identificar os ocupantes.<\/p>\n<p class=\"has-medium-font-size\"><strong>Falhas na lei dificultam resposta<\/strong><\/p>\n<p>Juristas especializados em direito imobili\u00e1rio alertam que a legisla\u00e7\u00e3o atual n\u00e3o cobre adequadamente estas novas formas de ocupa\u00e7\u00e3o. Muitos destes espa\u00e7os est\u00e3o registados como r\u00fasticos ou de uso secund\u00e1rio, o que os exclui das garantias processuais atribu\u00eddas \u00e0s resid\u00eancias principais. A lentid\u00e3o dos tribunais e a escassez de meios policiais em zonas rurais tornam o problema ainda mais dif\u00edcil de resolver.<\/p>\n<p>Alguns munic\u00edpios tentam implementar protocolos de resposta r\u00e1pida, mas os resultados ainda s\u00e3o limitados. Perante a inefic\u00e1cia das medidas legais, cresce o n\u00famero de propriet\u00e1rios que recorre a vigil\u00e2ncia privada, c\u00e2maras de seguran\u00e7a e cercas refor\u00e7adas. Contudo, estas solu\u00e7\u00f5es s\u00e3o dispendiosas e raramente oferecem prote\u00e7\u00e3o duradoura.<\/p>\n<p class=\"has-medium-font-size\"><strong>Entre a necessidade e a ilegalidade<\/strong><\/p>\n<p>H\u00e1 quem defenda que este novo padr\u00e3o de ocupa\u00e7\u00f5es tamb\u00e9m reflete o agravamento das desigualdades sociais. Com o aumento do pre\u00e7o da habita\u00e7\u00e3o e a escassez de arrendamento acess\u00edvel, certos grupos encaram estes espa\u00e7os \u201cvazios\u201d como uma alternativa tempor\u00e1ria, mesmo que fora da lei.<\/p>\n<p>Segundo a mesma fonte, o Governo espanhol ainda n\u00e3o apresentou medidas espec\u00edficas para travar este tipo de ocupa\u00e7\u00f5es, que j\u00e1 afetam centenas de propriet\u00e1rios em todo o pa\u00eds.<\/p>\n<p>Um caso recente em Girona chamou a aten\u00e7\u00e3o: um casal conseguiu entrar novamente na sua casa ocupada, mas foi obrigado pelas autoridades a devolv\u00ea-la aos \u2018okupas\u2019. Estes apresentaram um v\u00eddeo onde surgiam a dormir e a cozinhar no interior, alegando que ali residiam.<\/p>\n<p>De acordo com o <a href=\"https:\/\/www.huffingtonpost.es\/\" target=\"_blank\" rel=\"noreferrer noopener nofollow\">HuffPost<\/a>, a lei espanhola prev\u00ea que, ap\u00f3s 48 horas de perman\u00eancia, uma casa possa ser considerada resid\u00eancia habitual, sendo ent\u00e3o necess\u00e1ria uma ordem judicial para o despejo. Um detalhe legal que, no contexto atual, tem transformado o simples ato de recuperar o que \u00e9 seu numa aut\u00eantica batalha.<\/p>\n<p><strong>Leia tamb\u00e9m: <a href=\"https:\/\/postal.pt\/europa\/britanicos-lancam-aviso-sobre-quem-vai-viajar-para-portugal-e-nao-so-novas-regras-entram-em-vigor-ja-em-outubro\/\" rel=\"nofollow noopener\" target=\"_blank\">Brit\u00e2nicos lan\u00e7am aviso sobre quem vai viajar para Portugal (e n\u00e3o s\u00f3): novas regras entram em vigor j\u00e1 em outubro<\/a><\/strong><\/p>\n","protected":false},"excerpt":{"rendered":"As ocupa\u00e7\u00f5es ilegais em Espanha est\u00e3o a ganhar um novo rosto. Depois de anos centradas em habita\u00e7\u00f5es desabitadas,&hellip;\n","protected":false},"author":2,"featured_media":107271,"comment_status":"","ping_status":"","sticky":false,"template":"","format":"standard","meta":{"footnotes":""},"categories":[8],"tags":[27,28,15,16,14,25,26,21,22,12,13,19,20,32,23,24,33,17,18,29,30,31],"class_list":{"0":"post-107270","1":"post","2":"type-post","3":"status-publish","4":"format-standard","5":"has-post-thumbnail","7":"category-principais-noticias","8":"tag-breaking-news","9":"tag-breakingnews","10":"tag-featured-news","11":"tag-featurednews","12":"tag-headlines","13":"tag-latest-news","14":"tag-latestnews","15":"tag-main-news","16":"tag-mainnews","17":"tag-news","18":"tag-noticias","19":"tag-noticias-principais","20":"tag-noticiasprincipais","21":"tag-portugal","22":"tag-principais-noticias","23":"tag-principaisnoticias","24":"tag-pt","25":"tag-top-stories","26":"tag-topstories","27":"tag-ultimas","28":"tag-ultimas-noticias","29":"tag-ultimasnoticias"},"share_on_mastodon":{"url":"","error":""},"_links":{"self":[{"href":"https:\/\/www.europesays.com\/pt\/wp-json\/wp\/v2\/posts\/107270","targetHints":{"allow":["GET"]}}],"collection":[{"href":"https:\/\/www.europesays.com\/pt\/wp-json\/wp\/v2\/posts"}],"about":[{"href":"https:\/\/www.europesays.com\/pt\/wp-json\/wp\/v2\/types\/post"}],"author":[{"embeddable":true,"href":"https:\/\/www.europesays.com\/pt\/wp-json\/wp\/v2\/users\/2"}],"replies":[{"embeddable":true,"href":"https:\/\/www.europesays.com\/pt\/wp-json\/wp\/v2\/comments?post=107270"}],"version-history":[{"count":0,"href":"https:\/\/www.europesays.com\/pt\/wp-json\/wp\/v2\/posts\/107270\/revisions"}],"wp:featuredmedia":[{"embeddable":true,"href":"https:\/\/www.europesays.com\/pt\/wp-json\/wp\/v2\/media\/107271"}],"wp:attachment":[{"href":"https:\/\/www.europesays.com\/pt\/wp-json\/wp\/v2\/media?parent=107270"}],"wp:term":[{"taxonomy":"category","embeddable":true,"href":"https:\/\/www.europesays.com\/pt\/wp-json\/wp\/v2\/categories?post=107270"},{"taxonomy":"post_tag","embeddable":true,"href":"https:\/\/www.europesays.com\/pt\/wp-json\/wp\/v2\/tags?post=107270"}],"curies":[{"name":"wp","href":"https:\/\/api.w.org\/{rel}","templated":true}]}}