{"id":107287,"date":"2025-10-12T05:56:26","date_gmt":"2025-10-12T05:56:26","guid":{"rendered":"https:\/\/www.europesays.com\/pt\/107287\/"},"modified":"2025-10-12T05:56:26","modified_gmt":"2025-10-12T05:56:26","slug":"manual-de-instrucoes-para-seguir-as-eleicoes-autarquicas-como-um-profissional","status":"publish","type":"post","link":"https:\/\/www.europesays.com\/pt\/107287\/","title":{"rendered":"Manual de instru\u00e7\u00f5es para seguir as elei\u00e7\u00f5es aut\u00e1rquicas como um profissional"},"content":{"rendered":"<p style=\"text-align: start;\">Com as sondagens a darem muitos <a href=\"https:\/\/leitor.expresso.pt\/semanario\/semanario2762\/html\/primeiro-caderno\/politica\/muitos-empates-abrem-suspense-eleitoral\" target=\"_blank\" rel=\"noopener noreferrer nofollow\">empates<\/a>, a noite eleitoral de domingo adivinha-se emocionante. Entre as cinco maiores c\u00e2maras, <a href=\"https:\/\/expresso.pt\/politica\/eleicoes\/autarquicas-2025\/2025-09-25-ps-tem-79-camaras-em-risco-de-erosao-eleitoral-partido-enfrenta-retracao-eleitoral-sem-precedentes-9f2795d6\" target=\"_blank\" rel=\"noopener noreferrer nofollow\">quatro mudam obrigatoriamente<\/a> devido ao limite de mandatos e a maior &#8211; <a href=\"https:\/\/expresso.pt\/politica\/eleicoes\/autarquicas-2025\/2025-10-06-a-grande-obra-de-moedas-que-nao-se-ve-esquerda-nao-quer-fazer-vista-grossa-aos-problemas-do-lixo-e-mobilidade-f5370231-1\" target=\"_blank\" rel=\"noopener noreferrer nofollow\">Lisboa<\/a>&#8211; est\u00e1 em disputa renhida entre o presidente e recandidato e uma <a href=\"https:\/\/expresso.pt\/politica\/eleicoes\/autarquicas-2025\/2025-10-06-moedas-encostado-ao-chega-na-arrancada-final-da-campanha-de-alexandra-leitao-7ecd941f\" target=\"_blank\" rel=\"noopener noreferrer nofollow\">alian\u00e7a de esquerda<\/a>, liderada por Alexandra Leit\u00e3o. Mas <a href=\"https:\/\/multimedia.expresso.pt\/eleicoesautarquicas2025\/\" target=\"_blank\" rel=\"noopener noreferrer nofollow\">um pouco por todo o pa\u00eds<\/a> h\u00e1 combates interessantes e alian\u00e7as inesperadas. Estas elei\u00e7\u00f5es municipais definem o poder local nos 308 concelhos do pa\u00eds e s\u00e3o vistas como um teste \u00e0 for\u00e7a dos principais partidos antes das presidenciais de 2026.<\/p>\n<p><a href=\"https:\/\/expresso.pt\/subscrever?action=GEN&amp;channel=VID&amp;type=CAP&amp;source=WEB&amp;returnUrl=https:\/\/expresso.pt\/politica\/eleicoes\/autarquicas-2025\/2025-10-11-manual-de-instrucoes-para-seguir-as-eleicoes-autarquicas-como-um-profissional-262310f8&amp;utm_source=expresso&amp;utm_medium=locked_article&amp;locked=true&amp;article_id=25d5bc6e-83f6-49f4-b826-0c786aa2ff87&amp;author_id=Mariana+Adam,Eunice+Louren\u00e7o&amp;category=Aut\u00e1rquicas+2025\" target=\"_self\" class=\"\" rel=\"nofollow noopener\">Subscrever<\/a>J\u00e1 \u00e9 Subscritor?Fa\u00e7a login e continue a ler<a href=\"http:\/\/expresso.pt\/codigo?redirectUrl=https:\/\/expresso.pt\/politica\/eleicoes\/autarquicas-2025\/2025-10-11-manual-de-instrucoes-para-seguir-as-eleicoes-autarquicas-como-um-profissional-262310f8\" target=\"_self\" class=\"\" rel=\"nofollow noopener\">Inserir C\u00f3digo<\/a>Comprou o Expresso?Insira o c\u00f3digo presente na Revista E para continuar a ler<\/p>\n","protected":false},"excerpt":{"rendered":"Com as sondagens a darem muitos empates, a noite eleitoral de domingo adivinha-se emocionante. Entre as cinco maiores&hellip;\n","protected":false},"author":2,"featured_media":107288,"comment_status":"","ping_status":"","sticky":false,"template":"","format":"standard","meta":{"footnotes":""},"categories":[8],"tags":[27,28,15,16,14,25,26,21,22,12,13,19,20,32,23,24,33,17,18,29,30,31],"class_list":{"0":"post-107287","1":"post","2":"type-post","3":"status-publish","4":"format-standard","5":"has-post-thumbnail","7":"category-principais-noticias","8":"tag-breaking-news","9":"tag-breakingnews","10":"tag-featured-news","11":"tag-featurednews","12":"tag-headlines","13":"tag-latest-news","14":"tag-latestnews","15":"tag-main-news","16":"tag-mainnews","17":"tag-news","18":"tag-noticias","19":"tag-noticias-principais","20":"tag-noticiasprincipais","21":"tag-portugal","22":"tag-principais-noticias","23":"tag-principaisnoticias","24":"tag-pt","25":"tag-top-stories","26":"tag-topstories","27":"tag-ultimas","28":"tag-ultimas-noticias","29":"tag-ultimasnoticias"},"share_on_mastodon":{"url":"","error":""},"_links":{"self":[{"href":"https:\/\/www.europesays.com\/pt\/wp-json\/wp\/v2\/posts\/107287","targetHints":{"allow":["GET"]}}],"collection":[{"href":"https:\/\/www.europesays.com\/pt\/wp-json\/wp\/v2\/posts"}],"about":[{"href":"https:\/\/www.europesays.com\/pt\/wp-json\/wp\/v2\/types\/post"}],"author":[{"embeddable":true,"href":"https:\/\/www.europesays.com\/pt\/wp-json\/wp\/v2\/users\/2"}],"replies":[{"embeddable":true,"href":"https:\/\/www.europesays.com\/pt\/wp-json\/wp\/v2\/comments?post=107287"}],"version-history":[{"count":0,"href":"https:\/\/www.europesays.com\/pt\/wp-json\/wp\/v2\/posts\/107287\/revisions"}],"wp:featuredmedia":[{"embeddable":true,"href":"https:\/\/www.europesays.com\/pt\/wp-json\/wp\/v2\/media\/107288"}],"wp:attachment":[{"href":"https:\/\/www.europesays.com\/pt\/wp-json\/wp\/v2\/media?parent=107287"}],"wp:term":[{"taxonomy":"category","embeddable":true,"href":"https:\/\/www.europesays.com\/pt\/wp-json\/wp\/v2\/categories?post=107287"},{"taxonomy":"post_tag","embeddable":true,"href":"https:\/\/www.europesays.com\/pt\/wp-json\/wp\/v2\/tags?post=107287"}],"curies":[{"name":"wp","href":"https:\/\/api.w.org\/{rel}","templated":true}]}}