{"id":107289,"date":"2025-10-12T05:57:13","date_gmt":"2025-10-12T05:57:13","guid":{"rendered":"https:\/\/www.europesays.com\/pt\/107289\/"},"modified":"2025-10-12T05:57:13","modified_gmt":"2025-10-12T05:57:13","slug":"franciny-ehlke-se-casa-com-tony-maleh-ao-por-do-sol-na-italia","status":"publish","type":"post","link":"https:\/\/www.europesays.com\/pt\/107289\/","title":{"rendered":"Franciny Ehlke se casa com Tony Maleh ao p\u00f4r do sol na It\u00e1lia"},"content":{"rendered":"<p>A influenciadora digital <a href=\"https:\/\/caras.com.br\/tags\/franciny-ehlke\" rel=\"nofollow noopener\" target=\"_blank\"><strong>Franciny Ehlke<\/strong><\/a> j\u00e1 est\u00e1 casada! No final da tarde deste s\u00e1bado, 11, ela se casou com o empres\u00e1rio bilion\u00e1rio <strong>Tony Maleh<\/strong> em uma cerim\u00f4nia ao ar livre.<\/p>\n<p>Os dois escolheram se casar em um hotel no topo da montanha e com vista para o oceano. A celebra\u00e7\u00e3o aconteceu no jardim com direito a m\u00fasica ao vivo de violinos tocados por mulheres.<\/p>\n<p>Para o seu grande dia, Franciny <a href=\"https:\/\/caras.com.br\/noivas\/franciny-ehlke-exibe-seu-vestido-de-noiva-classico-e-estilo-princesa.phtml\" rel=\"nofollow noopener\" target=\"_blank\">usou um vestido de noiva branco cl\u00e1ssico e com estilo de princesa.<\/a><\/p>\n<p>Vale lembrar que os noivos se conheceram no interior de S\u00e3o Paulo por causa de um trabalho e logo se apaixonaram. O romance come\u00e7ou em novembro de 2024 e foi assumido publicamente em 2025. Rapidamente, eles se casaram em Las Vegas, Estados Unidos, e decidiram fazer uma grande festa na It\u00e1lia com os amigos e familiares.<\/p>\n<p>\t <img loading=\"lazy\" decoding=\"async\" class=\"wp-image-1016747 size-full img-fluid lazy\" alt=\"Casamento de Franciny Ehlke e Tony Maleh - Foto: Reprodu\u00e7\u00e3o \/ Instagram\" width=\"742\" height=\"1342\" src=\"https:\/\/www.europesays.com\/pt\/wp-content\/uploads\/2025\/10\/casamento-franciny-ehlke-3.jpg\"  \/>Casamento de Franciny Ehlke e Tony Maleh \u2013 Foto: Reprodu\u00e7\u00e3o \/ Instagram <img loading=\"lazy\" decoding=\"async\" class=\"wp-image-1016748 size-full img-fluid lazy\" alt=\"Casamento de Franciny Ehlke e Tony Maleh - Foto: Reprodu\u00e7\u00e3o \/ Instagram\" width=\"750\" height=\"1334\" src=\"https:\/\/www.europesays.com\/pt\/wp-content\/uploads\/2025\/10\/casamento-franciny-ehlke-4.jpg\"  \/>Casamento de Franciny Ehlke e Tony Maleh \u2013 Foto: Reprodu\u00e7\u00e3o \/ Instagram <img loading=\"lazy\" decoding=\"async\" class=\"wp-image-1016749 size-full img-fluid lazy\" alt=\"Casamento de Franciny Ehlke e Tony Maleh - Foto: Reprodu\u00e7\u00e3o \/ Instagram\" width=\"756\" height=\"1340\" src=\"https:\/\/www.europesays.com\/pt\/wp-content\/uploads\/2025\/10\/casamento-franciny-ehlke-5.jpg\"  \/>Casamento de Franciny Ehlke e Tony Maleh \u2013 Foto: Reprodu\u00e7\u00e3o \/ Instagram <img loading=\"lazy\" decoding=\"async\" class=\"wp-image-1016751 size-full img-fluid lazy\" alt=\"Casamento de Franciny Ehlke e Tony Maleh - Foto: Reprodu\u00e7\u00e3o \/ Instagram\" width=\"748\" height=\"1342\" src=\"https:\/\/www.europesays.com\/pt\/wp-content\/uploads\/2025\/10\/casamento-franciny-ehlke-7.jpg\"  \/>Casamento de Franciny Ehlke e Tony Maleh \u2013 Foto: Reprodu\u00e7\u00e3o \/ Instagram <img loading=\"lazy\" decoding=\"async\" class=\"wp-image-1016752 size-full img-fluid lazy\" alt=\"Casamento de Franciny Ehlke e Tony Maleh - Foto: Reprodu\u00e7\u00e3o \/ Instagram\" width=\"752\" height=\"1344\" src=\"https:\/\/www.europesays.com\/pt\/wp-content\/uploads\/2025\/10\/casamento-franciny-ehlke-8.jpg\"  \/>Casamento de Franciny Ehlke e Tony Maleh \u2013 Foto: Reprodu\u00e7\u00e3o \/ Instagram <img loading=\"lazy\" decoding=\"async\" class=\"wp-image-1016753 size-full img-fluid lazy\" alt=\"Casamento de Franciny Ehlke e Tony Maleh - Foto: Reprodu\u00e7\u00e3o \/ Instagram\" width=\"748\" height=\"1334\" src=\"https:\/\/www.europesays.com\/pt\/wp-content\/uploads\/2025\/10\/casamento-franciny-ehlke-9.jpg\"  \/>Casamento de Franciny Ehlke e Tony Maleh \u2013 Foto: Reprodu\u00e7\u00e3o \/ Instagram <img loading=\"lazy\" decoding=\"async\" class=\"wp-image-1016754 size-full img-fluid lazy\" alt=\"Casamento de Franciny Ehlke e Tony Maleh - Foto: Reprodu\u00e7\u00e3o \/ Instagram\" width=\"752\" height=\"1334\" src=\"https:\/\/www.europesays.com\/pt\/wp-content\/uploads\/2025\/10\/casamento-franciny-ehlke.jpg\"  \/>Casamento de Franciny Ehlke e Tony Maleh \u2013 Foto: Reprodu\u00e7\u00e3o \/ Instagram <img loading=\"lazy\" decoding=\"async\" class=\"wp-image-1016746 size-full img-fluid lazy\" alt=\"Casamento de Franciny Ehlke e Tony Maleh - Foto: Reprodu\u00e7\u00e3o \/ Instagram\" width=\"746\" height=\"1334\" src=\"https:\/\/www.europesays.com\/pt\/wp-content\/uploads\/2025\/10\/casamento-franciny-ehlke-2.jpg\"  \/>Casamento de Franciny Ehlke e Tony Maleh \u2013 Foto: Reprodu\u00e7\u00e3o \/ Instagram <img loading=\"lazy\" decoding=\"async\" class=\"wp-image-1016745 size-full img-fluid lazy\" alt=\"Casamento de Franciny Ehlke e Tony Maleh - Foto: Reprodu\u00e7\u00e3o \/ Instagram\" width=\"748\" height=\"1336\" src=\"https:\/\/www.europesays.com\/pt\/wp-content\/uploads\/2025\/10\/casamento-franciny-ehlke-1.jpg\"  \/>Casamento de Franciny Ehlke e Tony Maleh \u2013 Foto: Reprodu\u00e7\u00e3o \/ Instagram <\/p>\n<blockquote class=\"instagram-media\" style=\"background: #FFF; border: 0; border-radius: 3px; box-shadow: 0 0 1px 0 rgba(0,0,0,0.5),0 1px 10px 0 rgba(0,0,0,0.15); margin: 1px; max-width: 540px; min-width: 326px; padding: 0; width: calc(100% - 2px);\" data-instgrm-captioned=\"\" data-instgrm-permalink=\"https:\/\/www.instagram.com\/p\/DPrVWZaiNZX\/?utm_source=ig_embed&amp;utm_campaign=loading\" data-instgrm-version=\"14\"><\/blockquote>\n<blockquote class=\"instagram-media\" style=\"background: #FFF; border: 0; border-radius: 3px; box-shadow: 0 0 1px 0 rgba(0,0,0,0.5),0 1px 10px 0 rgba(0,0,0,0.15); margin: 1px; max-width: 540px; min-width: 326px; padding: 0; width: calc(100% - 2px);\" data-instgrm-captioned=\"\" data-instgrm-permalink=\"https:\/\/www.instagram.com\/p\/DPrIYtTjVSl\/?utm_source=ig_embed&amp;utm_campaign=loading\" data-instgrm-version=\"14\"><\/blockquote>\n<p>  A origem das fortunas de Franciny e Tony <\/p>\n<p>Os rec\u00e9m-casados Franciny Ehlke e Tony Maleh s\u00e3o muito ricos. Os dois conquistaram suas fortunas com muito trabalho ao longo da vida.<\/p>\n<p>Franciny ficou milion\u00e1ria ao criar sua pr\u00f3pria marca de maquiagem. Estima-se que ela j\u00e1 faturou mais de R$ 300 milh\u00f5es com sua marca de make. Al\u00e9m disso, ela \u00e9 influencer e tem mais de 18 milh\u00f5es de seguidores s\u00f3 no Instagram. Com sua fama na internet, ela conseguiu ganhar dinheiro com um tipo de reality da reforma de sua casa e mostrou todos os detalhes na internet, al\u00e9m de fazer parcerias comerciais.<\/p>\n<p>Por sua vez, Tony \u00e9 bilion\u00e1rio. Ele \u00e9 filho da modelo Ana Elisa Flores, que j\u00e1 foi Miss Brasil em 1984. Ele \u00e9 empres\u00e1rio de sucesso nos ramos de sa\u00fade e tecnologia. Ele est\u00e1 vinculado com 62 empresas e faturamento estimado em R$ 1,6 bilh\u00e3o.<\/p>\n<p>        <a href=\"https:\/\/caras.com.br\/autor\/priscilla-comoti\" rel=\"nofollow noopener\" target=\"_blank\">&#13;<br \/>\n          <img alt=\"Priscilla Comoti\" src=\"https:\/\/www.europesays.com\/pt\/wp-content\/uploads\/2025\/10\/1760248633_809_e53883bdf02c542f6517b68879e8cb08b27a1d55c4dfd53577e47d3ab6331a06\"  class=\"avatar avatar-115 photo rounded-circle mr-3\" height=\"115\" width=\"115\" loading=\"lazy\" decoding=\"async\"\/>        <\/a><\/p>\n<p>Priscilla Comoti \u00e9 editora de conte\u00fado do site CARAS. Ela \u00e9 formada em jornalismo e em audiovisual, j\u00e1 passou pelos sites Contigo!, Minha Novela, TiTiTi, Mais Novela e Portal M\u00e1rcia Piovesan. Escreve sobre celebridades, not\u00edcias sobre a fam\u00edlia real brit\u00e2nica, TV, reality show e novelas.<\/p>\n<ul class=\"terms-list post_tag list-inline\">\n<li class=\"franciny-ehlke list-inline-item\">\n\t\t\t\t\t<a href=\"https:\/\/caras.com.br\/tags\/franciny-ehlke\" class=\"item-category\" rel=\"nofollow noopener\" target=\"_blank\">Franciny Ehlke<\/a>\n\t\t\t\t<\/li>\n<li class=\"tony-maleh list-inline-item\">\n\t\t\t\t\t<a href=\"https:\/\/caras.com.br\/tags\/tony-maleh\" class=\"item-category\" rel=\"nofollow noopener\" target=\"_blank\">tony maleh<\/a>\n\t\t\t\t<\/li>\n<\/ul>\n<p>\t                                            <script async src=\"\/\/www.instagram.com\/embed.js\"><\/script><\/p>\n","protected":false},"excerpt":{"rendered":"A influenciadora digital Franciny Ehlke j\u00e1 est\u00e1 casada! No final da tarde deste s\u00e1bado, 11, ela se casou&hellip;\n","protected":false},"author":2,"featured_media":107290,"comment_status":"","ping_status":"","sticky":false,"template":"","format":"standard","meta":{"footnotes":""},"categories":[145],"tags":[211,210,114,115,25292,32,33,25658],"class_list":{"0":"post-107289","1":"post","2":"type-post","3":"status-publish","4":"format-standard","5":"has-post-thumbnail","7":"category-celebridades","8":"tag-celebridades","9":"tag-celebrities","10":"tag-entertainment","11":"tag-entretenimento","12":"tag-franciny-ehlke","13":"tag-portugal","14":"tag-pt","15":"tag-tony-maleh"},"share_on_mastodon":{"url":"","error":""},"_links":{"self":[{"href":"https:\/\/www.europesays.com\/pt\/wp-json\/wp\/v2\/posts\/107289","targetHints":{"allow":["GET"]}}],"collection":[{"href":"https:\/\/www.europesays.com\/pt\/wp-json\/wp\/v2\/posts"}],"about":[{"href":"https:\/\/www.europesays.com\/pt\/wp-json\/wp\/v2\/types\/post"}],"author":[{"embeddable":true,"href":"https:\/\/www.europesays.com\/pt\/wp-json\/wp\/v2\/users\/2"}],"replies":[{"embeddable":true,"href":"https:\/\/www.europesays.com\/pt\/wp-json\/wp\/v2\/comments?post=107289"}],"version-history":[{"count":0,"href":"https:\/\/www.europesays.com\/pt\/wp-json\/wp\/v2\/posts\/107289\/revisions"}],"wp:featuredmedia":[{"embeddable":true,"href":"https:\/\/www.europesays.com\/pt\/wp-json\/wp\/v2\/media\/107290"}],"wp:attachment":[{"href":"https:\/\/www.europesays.com\/pt\/wp-json\/wp\/v2\/media?parent=107289"}],"wp:term":[{"taxonomy":"category","embeddable":true,"href":"https:\/\/www.europesays.com\/pt\/wp-json\/wp\/v2\/categories?post=107289"},{"taxonomy":"post_tag","embeddable":true,"href":"https:\/\/www.europesays.com\/pt\/wp-json\/wp\/v2\/tags?post=107289"}],"curies":[{"name":"wp","href":"https:\/\/api.w.org\/{rel}","templated":true}]}}