{"id":107295,"date":"2025-10-12T06:11:08","date_gmt":"2025-10-12T06:11:08","guid":{"rendered":"https:\/\/www.europesays.com\/pt\/107295\/"},"modified":"2025-10-12T06:11:08","modified_gmt":"2025-10-12T06:11:08","slug":"tati-machado-fala-sobre-substituir-ana-maria-braga","status":"publish","type":"post","link":"https:\/\/www.europesays.com\/pt\/107295\/","title":{"rendered":"Tati Machado fala sobre substituir Ana Maria Braga"},"content":{"rendered":"<p>A apresentadora <a href=\"https:\/\/caras.com.br\/tags\/tati-machado\" rel=\"nofollow noopener\" target=\"_blank\"><strong>Tati Machado<\/strong><\/a> marcou presen\u00e7a no casamento de <a href=\"https:\/\/caras.com.br\/tags\/lexa\" rel=\"nofollow noopener\" target=\"_blank\"><strong>Lexa<\/strong> <\/a>e <strong>Ricardo Vianna<\/strong> na noite de sexta-feira, 10. Ela comentou sobre as responsabilidades em substituir a colega <a href=\"https:\/\/caras.com.br\/tags\/ana-maria-braga\" rel=\"nofollow noopener\" target=\"_blank\"><strong>Ana Maria Braga<\/strong><\/a> no programa Mais Voc\u00ea, da rede Globo.<\/p>\n<p>Apesar de j\u00e1 ter passado por v\u00e1rios programas, Tati afirmou que apresentar o Mais Voc\u00ea, nas manh\u00e3s da Globo, foi uma experi\u00eancia diferente e que exigiu muita responsabilidade. \u201cOlha que responsabilidade. E mais do que ser conhecido, o legal mesmo \u00e9 ser reconhecido pelo seu trabalho. Ficar no lugar da Ana Maria, que pra mim \u00e9 insubstitu\u00edvel, foi de muito aprendizado. Eu pensei: \u2018Vou chegar aqui pra aprender tudo, espremer qualquer caldo que tiver\u2019\u201d, contou ela em entrevista ao Portal Leo Dias.<\/p>\n<p>\u201cNem nos meus maiores sonhos eu imaginei. As pessoas sempre brincavam: \u2018Tati, voc\u00ea \u00e9 o Tiago Leifert da nova gera\u00e7\u00e3o, faz um monte de coisa\u2019. E at\u00e9 o pr\u00f3prio Tiago j\u00e1 brincou comigo dizendo: \u2018Voc\u00ea t\u00e1 me superando, hein?\u2019\u201d, revelou ela. \u201cEu j\u00e1 tinha feito o \u00c9 de Casa, o Encontro, o Se Joga\u2026 tudo! Mas o \u2018Mais Voc\u00ea\u2019 ainda n\u00e3o. Quando me mudei para S\u00e3o Paulo, a Ana falou: \u2018Por que ela n\u00e3o vem pra c\u00e1 tamb\u00e9m?\u2019 E olha s\u00f3 o que aconteceu com a minha vida agora\u201d, relembrou a apresentadora.<\/p>\n<p>Al\u00e9m disso, Tati Machado fez quest\u00e3o de elogiar Ana Maria Braga e afirmou que acompanha de perto a trajet\u00f3ria da veterana. \u201cVer as pessoas falando que est\u00e3o adorando, que eu e o Gil somos uma extens\u00e3o dela, \u00e9 muito gratificante. A Ana ficou super orgulhosa. Isso \u00e9 o que mais me emociona\u201d, finalizou ela.<\/p>\n<p>Tati Machado chora ao relembrar gravidez<\/p>\n<p>No final de setembro, a apresentadora Tati Machado se emocionou durante o programa Saia Justa, do GNT. <a href=\"https:\/\/caras.com.br\/atualidades\/tati-machado-chora-ao-relembrar-gravidez-o-maior-sonho-interrompido.phtml\" rel=\"nofollow noopener\" target=\"_blank\">Ela falou sobre a interrup\u00e7\u00e3o de sua maternidade.<\/a> A famosa perdeu o filho na reta final de sua gravidez.<\/p>\n<p>\u201c\u00c9 porque eu acabei de viver o maior sonho interrompido da minha vida, n\u00e9? Ent\u00e3o, j\u00e1 fico com vontade de chorar. D\u00e1 vontade de parar de sonhar, e \u00e9 muito dif\u00edcil, porque \u00e9 muito forte viver o que eu estou vivendo. Mas eu sempre fui e sempre vou ser uma menina sonhadora, e isso eu ainda n\u00e3o abri m\u00e3o\u201d, disse ela.<\/p>\n<p><strong>Leia tamb\u00e9m:\u00a0<\/strong><a href=\"https:\/\/caras.com.br\/tv\/tati-machado-e-surpreendida-com-presente-na-globo.phtml\" rel=\"nofollow noopener\" target=\"_blank\">Tati Machado \u00e9 surpreendida com presente nos bastidores da Globo: \u2018Me fez chorar\u2019<\/a><\/p>\n<p>        <a href=\"https:\/\/caras.com.br\/autor\/giovanna-f-campos\" rel=\"nofollow noopener\" target=\"_blank\">&#13;<br \/>\n          <img loading=\"lazy\" decoding=\"async\" alt=\"Giovanna F Campos\" src=\"https:\/\/www.europesays.com\/pt\/wp-content\/uploads\/2025\/09\/525986578_1657136028311574_5510063872310493577_n-150x150.jpg\" class=\"avatar avatar-115 photo rounded-circle\" height=\"115\" width=\"115\"\/>        <\/a><\/p>\n<p>Giovanna F Campos \u00e9 estudante de jornalismo pela Faculdade C\u00e1sper L\u00edbero, apaixonada por entretenimento e literatura.<\/p>\n","protected":false},"excerpt":{"rendered":"A apresentadora Tati Machado marcou presen\u00e7a no casamento de Lexa e Ricardo Vianna na noite de sexta-feira, 10.&hellip;\n","protected":false},"author":2,"featured_media":107296,"comment_status":"","ping_status":"","sticky":false,"template":"","format":"standard","meta":{"footnotes":""},"categories":[145],"tags":[752,211,210,114,115,1232,32,33,2970],"class_list":{"0":"post-107295","1":"post","2":"type-post","3":"status-publish","4":"format-standard","5":"has-post-thumbnail","7":"category-celebridades","8":"tag-ana-maria-braga","9":"tag-celebridades","10":"tag-celebrities","11":"tag-entertainment","12":"tag-entretenimento","13":"tag-mais-voce","14":"tag-portugal","15":"tag-pt","16":"tag-tati-machado"},"share_on_mastodon":{"url":"","error":""},"_links":{"self":[{"href":"https:\/\/www.europesays.com\/pt\/wp-json\/wp\/v2\/posts\/107295","targetHints":{"allow":["GET"]}}],"collection":[{"href":"https:\/\/www.europesays.com\/pt\/wp-json\/wp\/v2\/posts"}],"about":[{"href":"https:\/\/www.europesays.com\/pt\/wp-json\/wp\/v2\/types\/post"}],"author":[{"embeddable":true,"href":"https:\/\/www.europesays.com\/pt\/wp-json\/wp\/v2\/users\/2"}],"replies":[{"embeddable":true,"href":"https:\/\/www.europesays.com\/pt\/wp-json\/wp\/v2\/comments?post=107295"}],"version-history":[{"count":0,"href":"https:\/\/www.europesays.com\/pt\/wp-json\/wp\/v2\/posts\/107295\/revisions"}],"wp:featuredmedia":[{"embeddable":true,"href":"https:\/\/www.europesays.com\/pt\/wp-json\/wp\/v2\/media\/107296"}],"wp:attachment":[{"href":"https:\/\/www.europesays.com\/pt\/wp-json\/wp\/v2\/media?parent=107295"}],"wp:term":[{"taxonomy":"category","embeddable":true,"href":"https:\/\/www.europesays.com\/pt\/wp-json\/wp\/v2\/categories?post=107295"},{"taxonomy":"post_tag","embeddable":true,"href":"https:\/\/www.europesays.com\/pt\/wp-json\/wp\/v2\/tags?post=107295"}],"curies":[{"name":"wp","href":"https:\/\/api.w.org\/{rel}","templated":true}]}}